{"id":23544,"date":"2026-04-27T09:35:00","date_gmt":"2026-04-27T12:35:00","guid":{"rendered":"https:\/\/diariodaregiao.audiencelabs.com.br\/?p=23544"},"modified":"2026-04-26T23:00:09","modified_gmt":"2026-04-27T02:00:09","slug":"enquanto-gustavo-gomez-ganha-r-13-milhao-no-palmeiras-alexander-barboza-ganhava-muito-menos-no-botafogo","status":"publish","type":"post","link":"https:\/\/diariodaregiao.audiencelabs.com.br\/enquanto-gustavo-gomez-ganha-r-13-milhao-no-palmeiras-alexander-barboza-ganhava-muito-menos-no-botafogo\/","title":{"rendered":"Enquanto Gustavo G\u00f3mez ganha R$ 1,3 milh\u00e3o no Palmeiras, Alexander Barboza ganhava muito menos no Botafogo"},"content":{"rendered":"\n<p>A diferen\u00e7a salarial entre jogadores do futebol brasileiro costuma chamar aten\u00e7\u00e3o, justamente quando envolve nomes que atuam na mesma posi\u00e7\u00e3o e disputam espa\u00e7o em grandes clubes. No entanto, esse tipo de compara\u00e7\u00e3o ganha ainda mais destaque quando h\u00e1 uma negocia\u00e7\u00e3o recente no meio do caminho.<\/p>\n\n\n\n<p>\u00c9 exatamente esse o cen\u00e1rio envolvendo Gustavo G\u00f3mez e Alexander Barboza, j\u00e1 que o defensor paraguaio recebe cerca de <strong>R$ 1,3 milh\u00e3o<\/strong> no Palmeiras, enquanto o argentino ganhava aproximadamente <strong>R$ 650 mil<\/strong> no Botafogo. A diferen\u00e7a chama aten\u00e7\u00e3o justamente por ser praticamente o dobro, at\u00e9 mesmo considerando que ambos atuam como zagueiros.<\/p>\n\n\n\n<h2 class=\"wp-block-heading\">Diferen\u00e7a salarial chama aten\u00e7\u00e3o no elenco<\/h2>\n\n\n\n<p>No Palmeiras, G\u00f3mez j\u00e1 \u00e9 um dos principais nomes do elenco comandado por Abel Ferreira, o que ajuda a explicar o sal\u00e1rio elevado dentro da realidade do clube. No entanto, a chegada de Barboza escancara uma diferen\u00e7a consider\u00e1vel entre jogadores da mesma posi\u00e7\u00e3o.<\/p>\n\n\n\n<p>A negocia\u00e7\u00e3o entre os clubes foi conclu\u00edda ap\u00f3s o Palmeiras aceitar pagar 4 milh\u00f5es de d\u00f3lares (aproximadamente R$ 20 milh\u00f5es) ao Botafogo, valor que s\u00f3 foi definido depois de tr\u00eas propostas oficiais. O acordo prev\u00ea um contrato de tr\u00eas temporadas para o novo refor\u00e7o, consolidando a aposta do clube paulista no jogador.<\/p>\n\n\n\n<figure class=\"wp-block-image size-large\"><img loading=\"lazy\" decoding=\"async\" width=\"1024\" height=\"577\" src=\"https:\/\/diariodaregiao.audiencelabs.com.br\/wp-content\/uploads\/2026\/04\/GustavoGomez-Palmeiras-762x429.jpg.optimal-1-1024x577.jpg\" alt=\"\" class=\"wp-image-23547\" srcset=\"https:\/\/diariodaregiao.audiencelabs.com.br\/wp-content\/uploads\/2026\/04\/GustavoGomez-Palmeiras-762x429.jpg.optimal-1-1024x577.jpg 1024w, https:\/\/diariodaregiao.audiencelabs.com.br\/wp-content\/uploads\/2026\/04\/GustavoGomez-Palmeiras-762x429.jpg.optimal-1-300x169.jpg 300w, https:\/\/diariodaregiao.audiencelabs.com.br\/wp-content\/uploads\/2026\/04\/GustavoGomez-Palmeiras-762x429.jpg.optimal-1-768x433.jpg 768w, https:\/\/diariodaregiao.audiencelabs.com.br\/wp-content\/uploads\/2026\/04\/GustavoGomez-Palmeiras-762x429.jpg.optimal-1-750x422.jpg 750w, https:\/\/diariodaregiao.audiencelabs.com.br\/wp-content\/uploads\/2026\/04\/GustavoGomez-Palmeiras-762x429.jpg.optimal-1-1140x642.jpg 1140w, https:\/\/diariodaregiao.audiencelabs.com.br\/wp-content\/uploads\/2026\/04\/GustavoGomez-Palmeiras-762x429.jpg.optimal-1.jpg 1243w\" sizes=\"auto, (max-width: 1024px) 100vw, 1024px\" \/><figcaption class=\"wp-element-caption\">Cr\u00e9ditos: Cesar Greco\/Palmeiras<\/figcaption><\/figure>\n\n\n\n<h2 class=\"wp-block-heading\">Negocia\u00e7\u00e3o antecipada mudou planos do Palmeiras<\/h2>\n\n\n\n<p>Inicialmente, o Palmeiras tinha outra estrat\u00e9gia para contratar Alexander Barboza, j\u00e1 que o clube pretendia esperar at\u00e9 o fim do v\u00ednculo com o Botafogo. Como o contrato do zagueiro se encerra apenas em dezembro de 2026, ele poderia assinar um pr\u00e9-contrato em breve e chegar sem custos.<\/p>\n\n\n\n<p>No entanto, o Botafogo optou por negociar o atleta imediatamente para evitar uma sa\u00edda gratuita no futuro. Essa decis\u00e3o acabou acelerando o processo e fez com que o Verd\u00e3o antecipasse o investimento, garantindo o jogador antes do planejado.<\/p>\n\n\n\n<figure class=\"wp-block-image size-large\"><img loading=\"lazy\" decoding=\"async\" width=\"1024\" height=\"577\" src=\"https:\/\/diariodaregiao.audiencelabs.com.br\/wp-content\/uploads\/2026\/04\/52093912311-9576b51aac-o-1-1024x577.jpg\" alt=\"\" class=\"wp-image-23546\" srcset=\"https:\/\/diariodaregiao.audiencelabs.com.br\/wp-content\/uploads\/2026\/04\/52093912311-9576b51aac-o-1-1024x577.jpg 1024w, https:\/\/diariodaregiao.audiencelabs.com.br\/wp-content\/uploads\/2026\/04\/52093912311-9576b51aac-o-1-300x169.jpg 300w, https:\/\/diariodaregiao.audiencelabs.com.br\/wp-content\/uploads\/2026\/04\/52093912311-9576b51aac-o-1-768x433.jpg 768w, https:\/\/diariodaregiao.audiencelabs.com.br\/wp-content\/uploads\/2026\/04\/52093912311-9576b51aac-o-1-750x422.jpg 750w, https:\/\/diariodaregiao.audiencelabs.com.br\/wp-content\/uploads\/2026\/04\/52093912311-9576b51aac-o-1-1140x642.jpg 1140w, https:\/\/diariodaregiao.audiencelabs.com.br\/wp-content\/uploads\/2026\/04\/52093912311-9576b51aac-o-1.jpg 1243w\" sizes=\"auto, (max-width: 1024px) 100vw, 1024px\" \/><figcaption class=\"wp-element-caption\">Cr\u00e9ditos: Cesar Greco\/Palmeiras<\/figcaption><\/figure>\n\n\n\n<h2 class=\"wp-block-heading\">Disputa por posi\u00e7\u00e3o<\/h2>\n\n\n\n<p>Mesmo com a contrata\u00e7\u00e3o, Barboza n\u00e3o ter\u00e1 vida f\u00e1cil no Palmeiras, j\u00e1 que o clube conta com nomes consolidados na defesa. Entre eles est\u00e3o Gustavo G\u00f3mez, al\u00e9m de Murilo, Benedetti e Fuchs.<\/p>\n\n\n\n<p>A concorr\u00eancia interna, no entanto, n\u00e3o diminui o peso da contrata\u00e7\u00e3o, at\u00e9 porque o argentino chega ap\u00f3s uma passagem marcante pelo Botafogo. Pelo clube carioca, ele disputou 117 partidas, marcou quatro gols e deu quatro assist\u00eancias ao longo de sua trajet\u00f3ria.<\/p>\n\n\n\n<p>Al\u00e9m disso, o defensor fez parte do elenco campe\u00e3o da Conmebol Libertadores e do Campeonato Brasileiro em 2024, o que valoriza ainda mais sua chegada ao futebol paulista. Na atual edi\u00e7\u00e3o do Brasileir\u00e3o, ele j\u00e1 havia atuado em nove jogos, dentro do limite permitido para transfer\u00eancias.<\/p>\n\n\n\n<p>Dessa forma, a compara\u00e7\u00e3o salarial com G\u00f3mez acaba sendo inevit\u00e1vel, justamente por envolver dois jogadores da mesma fun\u00e7\u00e3o dentro de um elenco competitivo. Ainda assim, o desempenho em campo ser\u00e1 determinante para definir o espa\u00e7o de cada um ao longo da temporada.<\/p>\n","protected":false},"excerpt":{"rendered":"<p>A diferen\u00e7a salarial entre jogadores do futebol brasileiro costuma chamar aten\u00e7\u00e3o, justamente quando envolve nomes que atuam na mesma posi\u00e7\u00e3o e disputam espa\u00e7o em grandes clubes. No entanto, esse tipo de compara\u00e7\u00e3o ganha ainda mais destaque quando h\u00e1 uma negocia\u00e7\u00e3o recente no meio do caminho. \u00c9 exatamente esse o cen\u00e1rio envolvendo Gustavo G\u00f3mez e Alexander [&hellip;]<\/p>\n","protected":false},"author":10,"featured_media":23545,"comment_status":"open","ping_status":"open","sticky":false,"template":"","format":"standard","meta":{"jnews-multi-image_gallery":[],"jnews_single_post":{"format":"standard"},"jnews_primary_category":[],"jnews_social_meta":[],"jnews_post_split":[],"footnotes":""},"categories":[1],"tags":[],"class_list":["post-23544","post","type-post","status-publish","format-standard","has-post-thumbnail","hentry","category-variedades"],"_links":{"self":[{"href":"https:\/\/diariodaregiao.audiencelabs.com.br\/wp-json\/wp\/v2\/posts\/23544","targetHints":{"allow":["GET"]}}],"collection":[{"href":"https:\/\/diariodaregiao.audiencelabs.com.br\/wp-json\/wp\/v2\/posts"}],"about":[{"href":"https:\/\/diariodaregiao.audiencelabs.com.br\/wp-json\/wp\/v2\/types\/post"}],"author":[{"embeddable":true,"href":"https:\/\/diariodaregiao.audiencelabs.com.br\/wp-json\/wp\/v2\/users\/10"}],"replies":[{"embeddable":true,"href":"https:\/\/diariodaregiao.audiencelabs.com.br\/wp-json\/wp\/v2\/comments?post=23544"}],"version-history":[{"count":2,"href":"https:\/\/diariodaregiao.audiencelabs.com.br\/wp-json\/wp\/v2\/posts\/23544\/revisions"}],"predecessor-version":[{"id":23549,"href":"https:\/\/diariodaregiao.audiencelabs.com.br\/wp-json\/wp\/v2\/posts\/23544\/revisions\/23549"}],"wp:featuredmedia":[{"embeddable":true,"href":"https:\/\/diariodaregiao.audiencelabs.com.br\/wp-json\/wp\/v2\/media\/23545"}],"wp:attachment":[{"href":"https:\/\/diariodaregiao.audiencelabs.com.br\/wp-json\/wp\/v2\/media?parent=23544"}],"wp:term":[{"taxonomy":"category","embeddable":true,"href":"https:\/\/diariodaregiao.audiencelabs.com.br\/wp-json\/wp\/v2\/categories?post=23544"},{"taxonomy":"post_tag","embeddable":true,"href":"https:\/\/diariodaregiao.audiencelabs.com.br\/wp-json\/wp\/v2\/tags?post=23544"}],"curies":[{"name":"wp","href":"https:\/\/api.w.org\/{rel}","templated":true}]}}