{"id":23552,"date":"2026-04-27T10:53:00","date_gmt":"2026-04-27T13:53:00","guid":{"rendered":"https:\/\/diariodaregiao.audiencelabs.com.br\/?p=23552"},"modified":"2026-04-26T23:12:58","modified_gmt":"2026-04-27T02:12:58","slug":"cuca-define-quatro-posicoes-urgentes-para-o-santos-fc-trazer-reforcos","status":"publish","type":"post","link":"https:\/\/diariodaregiao.audiencelabs.com.br\/cuca-define-quatro-posicoes-urgentes-para-o-santos-fc-trazer-reforcos\/","title":{"rendered":"Cuca define quatro posi\u00e7\u00f5es urgentes para o Santos FC trazer refor\u00e7os"},"content":{"rendered":"\n<p>A movimenta\u00e7\u00e3o nos bastidores j\u00e1 indica que mudan\u00e7as importantes est\u00e3o no radar, justamente em meio a um cen\u00e1rio que exige respostas r\u00e1pidas dentro de campo. No entanto, o planejamento passa por ajustes pontuais e decis\u00f5es que podem impactar diretamente o desempenho da equipe nas pr\u00f3ximas competi\u00e7\u00f5es.<\/p>\n\n\n\n<p>No Santos FC, o t\u00e9cnico Cuca deixou claro que pretende atacar problemas espec\u00edficos do elenco, at\u00e9 mesmo ap\u00f3s identificar lacunas que v\u00eam sendo expostas ao longo da temporada. A ideia \u00e9 aproveitar a pr\u00f3xima janela de transfer\u00eancias, que abre em 20 de julho, para buscar solu\u00e7\u00f5es imediatas.<\/p>\n\n\n\n<h2 class=\"wp-block-heading\">Lateral, volante e ataque entram no radar<\/h2>\n\n\n\n<p>Uma das principais dores de cabe\u00e7a est\u00e1 na <strong>lateral esquerda<\/strong>, justamente ap\u00f3s a grave les\u00e3o de Vin\u00edcius Lira, que obrigou o clube a acelerar processos internos. Com isso, o jovem Rafael Gonzaga foi promovido para ser op\u00e7\u00e3o de Escobar, mas ainda como alternativa.<\/p>\n\n\n\n<p>No meio-campo, a fun\u00e7\u00e3o de <strong>primeiro volante<\/strong> tamb\u00e9m gera questionamentos, at\u00e9 mesmo pela falta de confian\u00e7a da torcida em algumas op\u00e7\u00f5es dispon\u00edveis. Jo\u00e3o Schmidt e Tom\u00e1s Rinc\u00f3n aparecem como alternativas a Willian Ar\u00e3o, no entanto, n\u00e3o conseguem convencer plenamente.<\/p>\n\n\n\n<p>J\u00e1 no setor ofensivo, a posi\u00e7\u00e3o de <strong>centroavante<\/strong> segue como outra prioridade evidente, justamente pela depend\u00eancia do titular. Gabigol \u00e9 o nome principal, mas quando n\u00e3o est\u00e1 dispon\u00edvel, o time recorre a Thaciano e Lautaro D\u00edaz, op\u00e7\u00f5es que ainda geram d\u00favidas.<\/p>\n\n\n\n<figure class=\"wp-block-image size-large\"><img loading=\"lazy\" decoding=\"async\" width=\"1024\" height=\"576\" src=\"https:\/\/diariodaregiao.audiencelabs.com.br\/wp-content\/uploads\/2026\/04\/Lesao-abre-caminho-e-promessa-de-18-anos-ganha-espaco-no-Santos-com-Cuca-Foto-Raul-Baretta-Santos-FC-2-1920x1080-1-1024x576.jpg\" alt=\"\" class=\"wp-image-23554\" srcset=\"https:\/\/diariodaregiao.audiencelabs.com.br\/wp-content\/uploads\/2026\/04\/Lesao-abre-caminho-e-promessa-de-18-anos-ganha-espaco-no-Santos-com-Cuca-Foto-Raul-Baretta-Santos-FC-2-1920x1080-1-1024x576.jpg 1024w, https:\/\/diariodaregiao.audiencelabs.com.br\/wp-content\/uploads\/2026\/04\/Lesao-abre-caminho-e-promessa-de-18-anos-ganha-espaco-no-Santos-com-Cuca-Foto-Raul-Baretta-Santos-FC-2-1920x1080-1-300x169.jpg 300w, https:\/\/diariodaregiao.audiencelabs.com.br\/wp-content\/uploads\/2026\/04\/Lesao-abre-caminho-e-promessa-de-18-anos-ganha-espaco-no-Santos-com-Cuca-Foto-Raul-Baretta-Santos-FC-2-1920x1080-1-768x432.jpg 768w, https:\/\/diariodaregiao.audiencelabs.com.br\/wp-content\/uploads\/2026\/04\/Lesao-abre-caminho-e-promessa-de-18-anos-ganha-espaco-no-Santos-com-Cuca-Foto-Raul-Baretta-Santos-FC-2-1920x1080-1-750x422.jpg 750w, https:\/\/diariodaregiao.audiencelabs.com.br\/wp-content\/uploads\/2026\/04\/Lesao-abre-caminho-e-promessa-de-18-anos-ganha-espaco-no-Santos-com-Cuca-Foto-Raul-Baretta-Santos-FC-2-1920x1080-1-1140x641.jpg 1140w, https:\/\/diariodaregiao.audiencelabs.com.br\/wp-content\/uploads\/2026\/04\/Lesao-abre-caminho-e-promessa-de-18-anos-ganha-espaco-no-Santos-com-Cuca-Foto-Raul-Baretta-Santos-FC-2-1920x1080-1.jpg 1244w\" sizes=\"auto, (max-width: 1024px) 100vw, 1024px\" \/><figcaption class=\"wp-element-caption\">Cr\u00e9ditos: Raul Baretta\/Santos<\/figcaption><\/figure>\n\n\n\n<h2 class=\"wp-block-heading\">Ponta do ataque vira preocupa\u00e7\u00e3o estrat\u00e9gica<\/h2>\n\n\n\n<p>Al\u00e9m das posi\u00e7\u00f5es mais tradicionais, Cuca tamb\u00e9m demonstra preocupa\u00e7\u00e3o com o <strong>lado do campo<\/strong>, justamente por buscar um perfil espec\u00edfico de jogador. A comiss\u00e3o t\u00e9cnica entende que faltam atletas com caracter\u00edsticas mais verticais, capazes de partir para o \u201cum contra um\u201d com efici\u00eancia.<\/p>\n\n\n\n<p>Nesse cen\u00e1rio, apenas Mois\u00e9s atende plenamente \u00e0s exig\u00eancias do treinador, no entanto, a limita\u00e7\u00e3o de op\u00e7\u00f5es preocupa. Jogadores como Robinho Jr. ainda s\u00e3o vistos como promessas, que precisam amadurecer antes de assumir maior protagonismo.<\/p>\n\n\n\n<p>A avalia\u00e7\u00e3o interna refor\u00e7a que o elenco precisa de refor\u00e7os que tragam justamente esse tipo de caracter\u00edstica, at\u00e9 mesmo para dar mais alternativas t\u00e1ticas ao longo das partidas. Com isso, a busca no mercado passa a ser tratada como prioridade dentro do planejamento.<\/p>\n\n\n\n<h2 class=\"wp-block-heading\">Neymar vira baixa antes de viagem<\/h2>\n\n\n\n<p>Enquanto o clube avalia refor\u00e7os, uma situa\u00e7\u00e3o inesperada chamou aten\u00e7\u00e3o nos bastidores, justamente \u00e0s v\u00e9speras de um compromisso importante fora de casa. O meia-atacante Neymar n\u00e3o participou do \u00faltimo treinamento realizado na manh\u00e3 de domingo (26), no CT Rei Pel\u00e9.<\/p>\n\n\n\n<p>Inicialmente sem explica\u00e7\u00e3o oficial, a aus\u00eancia gerou questionamentos, at\u00e9 mesmo entre torcedores e dentro do ambiente esportivo. Horas depois, o Santos informou que o jogador apresentou um quadro de virose na noite de s\u00e1bado, sendo medicado e apresentando boa resposta.<\/p>\n\n\n\n<figure class=\"wp-block-image size-large\"><img loading=\"lazy\" decoding=\"async\" width=\"1024\" height=\"568\" src=\"https:\/\/diariodaregiao.audiencelabs.com.br\/wp-content\/uploads\/2026\/03\/jogo-mais-marcante-para-neymar-no-santos-teve-derrota-briga-e-demissao-850c9c13-73ac-4e2d-8589-7a5403ef5f1b-1024x568.jpg\" alt=\"\" class=\"wp-image-19041\" srcset=\"https:\/\/diariodaregiao.audiencelabs.com.br\/wp-content\/uploads\/2026\/03\/jogo-mais-marcante-para-neymar-no-santos-teve-derrota-briga-e-demissao-850c9c13-73ac-4e2d-8589-7a5403ef5f1b-1024x568.jpg 1024w, https:\/\/diariodaregiao.audiencelabs.com.br\/wp-content\/uploads\/2026\/03\/jogo-mais-marcante-para-neymar-no-santos-teve-derrota-briga-e-demissao-850c9c13-73ac-4e2d-8589-7a5403ef5f1b-300x166.jpg 300w, https:\/\/diariodaregiao.audiencelabs.com.br\/wp-content\/uploads\/2026\/03\/jogo-mais-marcante-para-neymar-no-santos-teve-derrota-briga-e-demissao-850c9c13-73ac-4e2d-8589-7a5403ef5f1b-768x426.jpg 768w, https:\/\/diariodaregiao.audiencelabs.com.br\/wp-content\/uploads\/2026\/03\/jogo-mais-marcante-para-neymar-no-santos-teve-derrota-briga-e-demissao-850c9c13-73ac-4e2d-8589-7a5403ef5f1b-750x416.jpg 750w, https:\/\/diariodaregiao.audiencelabs.com.br\/wp-content\/uploads\/2026\/03\/jogo-mais-marcante-para-neymar-no-santos-teve-derrota-briga-e-demissao-850c9c13-73ac-4e2d-8589-7a5403ef5f1b-1140x632.jpg 1140w, https:\/\/diariodaregiao.audiencelabs.com.br\/wp-content\/uploads\/2026\/03\/jogo-mais-marcante-para-neymar-no-santos-teve-derrota-briga-e-demissao-850c9c13-73ac-4e2d-8589-7a5403ef5f1b.jpg 1263w\" sizes=\"auto, (max-width: 1024px) 100vw, 1024px\" \/><figcaption class=\"wp-element-caption\">Cr\u00e9ditos: Raul Baretta\/Santos FC<\/figcaption><\/figure>\n\n\n\n<p>Mesmo com evolu\u00e7\u00e3o, Neymar segue sob acompanhamento do departamento m\u00e9dico, justamente para garantir sua recupera\u00e7\u00e3o completa. O jogador era esperado na atividade com o restante do elenco, no entanto, acabou ficando de fora por motivos de sa\u00fade.<\/p>\n\n\n\n<p>A delega\u00e7\u00e3o seguiu viagem para a Argentina, onde enfrenta o San Lorenzo pela Copa Sul-Americana, enquanto o clube mant\u00e9m aten\u00e7\u00e3o redobrada tanto na situa\u00e7\u00e3o cl\u00ednica do atleta quanto nas movimenta\u00e7\u00f5es do mercado.<\/p>\n","protected":false},"excerpt":{"rendered":"<p>A movimenta\u00e7\u00e3o nos bastidores j\u00e1 indica que mudan\u00e7as importantes est\u00e3o no radar, justamente em meio a um cen\u00e1rio que exige respostas r\u00e1pidas dentro de campo. No entanto, o planejamento passa por ajustes pontuais e decis\u00f5es que podem impactar diretamente o desempenho da equipe nas pr\u00f3ximas competi\u00e7\u00f5es. No Santos FC, o t\u00e9cnico Cuca deixou claro que [&hellip;]<\/p>\n","protected":false},"author":10,"featured_media":23553,"comment_status":"open","ping_status":"open","sticky":false,"template":"","format":"standard","meta":{"jnews-multi-image_gallery":[],"jnews_single_post":{"format":"standard"},"jnews_primary_category":[],"jnews_social_meta":[],"jnews_post_split":[],"footnotes":""},"categories":[1],"tags":[],"class_list":["post-23552","post","type-post","status-publish","format-standard","has-post-thumbnail","hentry","category-variedades"],"_links":{"self":[{"href":"https:\/\/diariodaregiao.audiencelabs.com.br\/wp-json\/wp\/v2\/posts\/23552","targetHints":{"allow":["GET"]}}],"collection":[{"href":"https:\/\/diariodaregiao.audiencelabs.com.br\/wp-json\/wp\/v2\/posts"}],"about":[{"href":"https:\/\/diariodaregiao.audiencelabs.com.br\/wp-json\/wp\/v2\/types\/post"}],"author":[{"embeddable":true,"href":"https:\/\/diariodaregiao.audiencelabs.com.br\/wp-json\/wp\/v2\/users\/10"}],"replies":[{"embeddable":true,"href":"https:\/\/diariodaregiao.audiencelabs.com.br\/wp-json\/wp\/v2\/comments?post=23552"}],"version-history":[{"count":2,"href":"https:\/\/diariodaregiao.audiencelabs.com.br\/wp-json\/wp\/v2\/posts\/23552\/revisions"}],"predecessor-version":[{"id":23580,"href":"https:\/\/diariodaregiao.audiencelabs.com.br\/wp-json\/wp\/v2\/posts\/23552\/revisions\/23580"}],"wp:featuredmedia":[{"embeddable":true,"href":"https:\/\/diariodaregiao.audiencelabs.com.br\/wp-json\/wp\/v2\/media\/23553"}],"wp:attachment":[{"href":"https:\/\/diariodaregiao.audiencelabs.com.br\/wp-json\/wp\/v2\/media?parent=23552"}],"wp:term":[{"taxonomy":"category","embeddable":true,"href":"https:\/\/diariodaregiao.audiencelabs.com.br\/wp-json\/wp\/v2\/categories?post=23552"},{"taxonomy":"post_tag","embeddable":true,"href":"https:\/\/diariodaregiao.audiencelabs.com.br\/wp-json\/wp\/v2\/tags?post=23552"}],"curies":[{"name":"wp","href":"https:\/\/api.w.org\/{rel}","templated":true}]}}