{"id":23558,"date":"2026-04-27T11:45:00","date_gmt":"2026-04-27T14:45:00","guid":{"rendered":"https:\/\/diariodaregiao.audiencelabs.com.br\/?p=23558"},"modified":"2026-04-27T11:26:51","modified_gmt":"2026-04-27T14:26:51","slug":"beneficiarios-que-estiverem-nesta-lista-receberao-ainda-em-abril-pelo-menos-r-600","status":"publish","type":"post","link":"https:\/\/diariodaregiao.audiencelabs.com.br\/beneficiarios-que-estiverem-nesta-lista-receberao-ainda-em-abril-pelo-menos-r-600\/","title":{"rendered":"Benefici\u00e1rios que estiverem nesta lista receber\u00e3o ainda em abril pelo menos R$ 600"},"content":{"rendered":"\n<p>Muitos brasileiros ainda aguardam movimenta\u00e7\u00f5es importantes neste fim de m\u00eas, especialmente quando o assunto envolve valores que fazem diferen\u00e7a direta no or\u00e7amento. No entanto, nem todos sabem exatamente quando os pagamentos ser\u00e3o realizados, o que acaba gerando d\u00favidas recorrentes. Justamente por isso, a organiza\u00e7\u00e3o do calend\u00e1rio se torna essencial para evitar confus\u00f5es e garantir o acesso correto aos valores.<\/p>\n\n\n\n<p>O pagamento em quest\u00e3o \u00e9 do Bolsa Fam\u00edlia, que j\u00e1 tem datas definidas para parte dos benefici\u00e1rios ainda em abril. Recebem neste per\u00edodo aqueles com NIS final 8, 9 e 0, com dep\u00f3sitos programados para os dias 28, 29 e 30, respectivamente. At\u00e9 mesmo quem acompanha o calend\u00e1rio mensal precisa ficar atento a esses detalhes para n\u00e3o perder os prazos.<\/p>\n\n\n\n<h2 class=\"wp-block-heading\">Pagamentos seguem ordem do NIS<\/h2>\n\n\n\n<p>O modelo de libera\u00e7\u00e3o dos valores segue uma l\u00f3gica escalonada baseada no \u00faltimo n\u00famero do NIS, o N\u00famero de Identifica\u00e7\u00e3o Social. No entanto, essa divis\u00e3o n\u00e3o \u00e9 aleat\u00f3ria, j\u00e1 que organiza o fluxo de pagamentos ao longo dos \u00faltimos dias \u00fateis do m\u00eas. Justamente essa estrat\u00e9gia evita sobrecarga no sistema e facilita o acesso dos benefici\u00e1rios.<\/p>\n\n\n\n<p>O valor m\u00ednimo garantido pelo programa \u00e9 de R$ 600, mas h\u00e1 acr\u00e9scimos que elevam a m\u00e9dia para R$ 678,22. Segundo o Minist\u00e9rio do Desenvolvimento e Assist\u00eancia Social, o alcance neste m\u00eas chega a 18,9 milh\u00f5es de fam\u00edlias. At\u00e9 mesmo o volume total investido chama aten\u00e7\u00e3o, com R$ 12,8 bilh\u00f5es destinados aos pagamentos.<\/p>\n\n\n\n<figure class=\"wp-block-image size-large\"><img loading=\"lazy\" decoding=\"async\" width=\"1024\" height=\"682\" src=\"https:\/\/diariodaregiao.audiencelabs.com.br\/wp-content\/uploads\/2026\/01\/Bolsa_Familia_15227288838-1024x682.jpg\" alt=\"\" class=\"wp-image-8620\" srcset=\"https:\/\/diariodaregiao.audiencelabs.com.br\/wp-content\/uploads\/2026\/01\/Bolsa_Familia_15227288838-1024x682.jpg 1024w, https:\/\/diariodaregiao.audiencelabs.com.br\/wp-content\/uploads\/2026\/01\/Bolsa_Familia_15227288838-300x200.jpg 300w, https:\/\/diariodaregiao.audiencelabs.com.br\/wp-content\/uploads\/2026\/01\/Bolsa_Familia_15227288838-768x511.jpg 768w, https:\/\/diariodaregiao.audiencelabs.com.br\/wp-content\/uploads\/2026\/01\/Bolsa_Familia_15227288838-750x499.jpg 750w, https:\/\/diariodaregiao.audiencelabs.com.br\/wp-content\/uploads\/2026\/01\/Bolsa_Familia_15227288838-1140x759.jpg 1140w, https:\/\/diariodaregiao.audiencelabs.com.br\/wp-content\/uploads\/2026\/01\/Bolsa_Familia_15227288838.jpg 1280w\" sizes=\"auto, (max-width: 1024px) 100vw, 1024px\" \/><figcaption class=\"wp-element-caption\">Cr\u00e9ditos: Reprodu\u00e7\u00e3o\/Wikimedia Commons<\/figcaption><\/figure>\n\n\n\n<h2 class=\"wp-block-heading\">Adicionais aumentam o valor recebido<\/h2>\n\n\n\n<p>Al\u00e9m do valor base, existem adicionais espec\u00edficos que ampliam o benef\u00edcio conforme a composi\u00e7\u00e3o familiar. O Benef\u00edcio Vari\u00e1vel Familiar Nutriz, por exemplo, paga seis parcelas de R$ 50 para m\u00e3es de beb\u00eas de at\u00e9 seis meses. No entanto, esse n\u00e3o \u00e9 o \u00fanico acr\u00e9scimo dispon\u00edvel dentro do programa.<\/p>\n\n\n\n<p>Tamb\u00e9m h\u00e1 um valor extra de R$ 50 para gestantes e nutrizes, al\u00e9m de outros R$ 50 para cada filho entre 7 e 18 anos. J\u00e1 fam\u00edlias com crian\u00e7as de at\u00e9 6 anos recebem um adicional de R$ 150 por crian\u00e7a. Justamente esses complementos fazem com que o valor final varie bastante entre os benefici\u00e1rios.<\/p>\n\n\n\n<p>Para consultar informa\u00e7\u00f5es detalhadas, como datas e valores, os usu\u00e1rios podem acessar o aplicativo Caixa Tem. A ferramenta permite acompanhar a conta poupan\u00e7a digital e verificar a composi\u00e7\u00e3o do benef\u00edcio. At\u00e9 mesmo quem tem d\u00favidas pode utilizar o app como principal fonte de consulta.<\/p>\n\n\n\n<figure class=\"wp-block-image size-large\"><img loading=\"lazy\" decoding=\"async\" width=\"1024\" height=\"512\" src=\"https:\/\/diariodaregiao.audiencelabs.com.br\/wp-content\/uploads\/2026\/03\/280520_aplicativo_caixa_tem3274-1-1024x512.jpg\" alt=\"\" class=\"wp-image-20501\" srcset=\"https:\/\/diariodaregiao.audiencelabs.com.br\/wp-content\/uploads\/2026\/03\/280520_aplicativo_caixa_tem3274-1-1024x512.jpg 1024w, https:\/\/diariodaregiao.audiencelabs.com.br\/wp-content\/uploads\/2026\/03\/280520_aplicativo_caixa_tem3274-1-300x150.jpg 300w, https:\/\/diariodaregiao.audiencelabs.com.br\/wp-content\/uploads\/2026\/03\/280520_aplicativo_caixa_tem3274-1-768x384.jpg 768w, https:\/\/diariodaregiao.audiencelabs.com.br\/wp-content\/uploads\/2026\/03\/280520_aplicativo_caixa_tem3274-1-360x180.jpg 360w, https:\/\/diariodaregiao.audiencelabs.com.br\/wp-content\/uploads\/2026\/03\/280520_aplicativo_caixa_tem3274-1-750x375.jpg 750w, https:\/\/diariodaregiao.audiencelabs.com.br\/wp-content\/uploads\/2026\/03\/280520_aplicativo_caixa_tem3274-1-1140x570.jpg 1140w, https:\/\/diariodaregiao.audiencelabs.com.br\/wp-content\/uploads\/2026\/03\/280520_aplicativo_caixa_tem3274-1.jpg 1400w\" sizes=\"auto, (max-width: 1024px) 100vw, 1024px\" \/><figcaption class=\"wp-element-caption\">Cr\u00e9ditos: Marcello Casal Jr\/Ag\u00eancia Brasil<\/figcaption><\/figure>\n\n\n\n<h2 class=\"wp-block-heading\">Pr\u00f3ximos pagamentos j\u00e1 t\u00eam calend\u00e1rio definido<\/h2>\n\n\n\n<p>O cronograma do m\u00eas seguinte tamb\u00e9m j\u00e1 foi divulgado, trazendo previsibilidade para os benefici\u00e1rios. Em maio de 2026, os pagamentos ocorrer\u00e3o entre os dias 18 e 29, seguindo novamente o final do NIS. No entanto, \u00e9 importante lembrar que o calend\u00e1rio sempre respeita os \u00faltimos dias \u00fateis do m\u00eas.<\/p>\n\n\n\n<p>As datas come\u00e7am com NIS final 1 no dia 18 de maio e seguem de forma sequencial at\u00e9 o NIS final 0, que recebe no dia 29. Justamente essa organiza\u00e7\u00e3o permite que todos os benefici\u00e1rios saibam com anteced\u00eancia quando ter\u00e3o acesso aos valores. At\u00e9 mesmo em meses diferentes, o padr\u00e3o de pagamento se mant\u00e9m semelhante.<\/p>\n\n\n\n<p>Para ter direito ao benef\u00edcio, \u00e9 necess\u00e1rio que a renda familiar seja de at\u00e9 R$ 218 por pessoa e que a inscri\u00e7\u00e3o esteja ativa no Cad\u00danico. No entanto, apenas estar inscrito n\u00e3o garante o recebimento cont\u00ednuo. Justamente por isso, existem regras que precisam ser cumpridas pelas fam\u00edlias.<\/p>\n\n\n\n<p>Entre as exig\u00eancias est\u00e3o a frequ\u00eancia escolar de crian\u00e7as e adolescentes de 4 a 17 anos, al\u00e9m do acompanhamento de sa\u00fade. Tamb\u00e9m s\u00e3o obrigat\u00f3rios o pr\u00e9-natal para gestantes, o monitoramento do crescimento de crian\u00e7as menores de 7 anos e a vacina\u00e7\u00e3o em dia. At\u00e9 mesmo pequenos descuidos podem impactar a continuidade do benef\u00edcio.<\/p>\n","protected":false},"excerpt":{"rendered":"<p>Muitos brasileiros ainda aguardam movimenta\u00e7\u00f5es importantes neste fim de m\u00eas, especialmente quando o assunto envolve valores que fazem diferen\u00e7a direta no or\u00e7amento. No entanto, nem todos sabem exatamente quando os pagamentos ser\u00e3o realizados, o que acaba gerando d\u00favidas recorrentes. Justamente por isso, a organiza\u00e7\u00e3o do calend\u00e1rio se torna essencial para evitar confus\u00f5es e garantir o [&hellip;]<\/p>\n","protected":false},"author":10,"featured_media":23229,"comment_status":"open","ping_status":"open","sticky":false,"template":"","format":"standard","meta":{"jnews-multi-image_gallery":[],"jnews_single_post":{"format":"standard"},"jnews_primary_category":[],"jnews_social_meta":[],"jnews_post_split":[],"footnotes":""},"categories":[1],"tags":[],"class_list":["post-23558","post","type-post","status-publish","format-standard","has-post-thumbnail","hentry","category-variedades"],"_links":{"self":[{"href":"https:\/\/diariodaregiao.audiencelabs.com.br\/wp-json\/wp\/v2\/posts\/23558","targetHints":{"allow":["GET"]}}],"collection":[{"href":"https:\/\/diariodaregiao.audiencelabs.com.br\/wp-json\/wp\/v2\/posts"}],"about":[{"href":"https:\/\/diariodaregiao.audiencelabs.com.br\/wp-json\/wp\/v2\/types\/post"}],"author":[{"embeddable":true,"href":"https:\/\/diariodaregiao.audiencelabs.com.br\/wp-json\/wp\/v2\/users\/10"}],"replies":[{"embeddable":true,"href":"https:\/\/diariodaregiao.audiencelabs.com.br\/wp-json\/wp\/v2\/comments?post=23558"}],"version-history":[{"count":2,"href":"https:\/\/diariodaregiao.audiencelabs.com.br\/wp-json\/wp\/v2\/posts\/23558\/revisions"}],"predecessor-version":[{"id":23582,"href":"https:\/\/diariodaregiao.audiencelabs.com.br\/wp-json\/wp\/v2\/posts\/23558\/revisions\/23582"}],"wp:featuredmedia":[{"embeddable":true,"href":"https:\/\/diariodaregiao.audiencelabs.com.br\/wp-json\/wp\/v2\/media\/23229"}],"wp:attachment":[{"href":"https:\/\/diariodaregiao.audiencelabs.com.br\/wp-json\/wp\/v2\/media?parent=23558"}],"wp:term":[{"taxonomy":"category","embeddable":true,"href":"https:\/\/diariodaregiao.audiencelabs.com.br\/wp-json\/wp\/v2\/categories?post=23558"},{"taxonomy":"post_tag","embeddable":true,"href":"https:\/\/diariodaregiao.audiencelabs.com.br\/wp-json\/wp\/v2\/tags?post=23558"}],"curies":[{"name":"wp","href":"https:\/\/api.w.org\/{rel}","templated":true}]}}