{"id":23560,"date":"2026-04-27T13:00:00","date_gmt":"2026-04-27T16:00:00","guid":{"rendered":"https:\/\/diariodaregiao.audiencelabs.com.br\/?p=23560"},"modified":"2026-04-27T11:46:57","modified_gmt":"2026-04-27T14:46:57","slug":"quem-estiver-atendendo-a-esse-criterio-pode-sacar-20-do-total-do-seu-fgts-sem-ter-sido-demitido","status":"publish","type":"post","link":"https:\/\/diariodaregiao.audiencelabs.com.br\/quem-estiver-atendendo-a-esse-criterio-pode-sacar-20-do-total-do-seu-fgts-sem-ter-sido-demitido\/","title":{"rendered":"Quem estiver atendendo a esse crit\u00e9rio pode sacar 20% do total do seu FGTS sem ter sido demitido"},"content":{"rendered":"\n<p>Muitos brasileiros t\u00eam buscado alternativas para reorganizar a vida financeira diante de juros altos e d\u00edvidas acumuladas, o que tem movimentado discuss\u00f5es importantes no pa\u00eds. No entanto, uma nova possibilidade come\u00e7a a ganhar for\u00e7a justamente por permitir acesso a um recurso j\u00e1 existente, trazendo uma sa\u00edda pr\u00e1tica para quem enfrenta dificuldades no or\u00e7amento mensal.<\/p>\n\n\n\n<p>A proposta em an\u00e1lise pelo governo do presidente Luiz In\u00e1cio Lula da Silva envolve o uso do FGTS como ferramenta para quitar d\u00edvidas, algo que at\u00e9 ent\u00e3o n\u00e3o era permitido nesse formato. A ideia \u00e9 liberar at\u00e9 20% do saldo dispon\u00edvel nas contas vinculadas, justamente para trabalhadores que atendam crit\u00e9rios espec\u00edficos e tenham pend\u00eancias financeiras com juros elevados.<\/p>\n\n\n\n<h2 class=\"wp-block-heading\">Como funcionaria o novo saque do FGTS<\/h2>\n\n\n\n<p>O plano prev\u00ea que o trabalhador possa utilizar parte do saldo do FGTS para quitar d\u00edvidas como cart\u00e3o de cr\u00e9dito rotativo e cheque especial, que possuem juros muito superiores ao rendimento do fundo. No entanto, existe uma condi\u00e7\u00e3o importante: o valor dispon\u00edvel precisa ser suficiente para quitar toda a d\u00edvida, evitando que reste qualquer pend\u00eancia ap\u00f3s a opera\u00e7\u00e3o.<\/p>\n\n\n\n<p>A avalia\u00e7\u00e3o t\u00e9cnica considera que n\u00e3o faz sentido manter o dinheiro parado rendendo cerca de 3% ao ano mais Taxa Referencial, enquanto o trabalhador paga juros mensais elevados. Justamente por isso, a medida busca transformar uma d\u00edvida cara em outra mais barata, dentro de um novo modelo do programa de renegocia\u00e7\u00e3o.<\/p>\n\n\n\n<figure class=\"wp-block-image size-large\"><img loading=\"lazy\" decoding=\"async\" width=\"1024\" height=\"512\" src=\"https:\/\/diariodaregiao.audiencelabs.com.br\/wp-content\/uploads\/2026\/04\/mg_8465-1-1024x512.jpg\" alt=\"\" class=\"wp-image-23562\" srcset=\"https:\/\/diariodaregiao.audiencelabs.com.br\/wp-content\/uploads\/2026\/04\/mg_8465-1-1024x512.jpg 1024w, https:\/\/diariodaregiao.audiencelabs.com.br\/wp-content\/uploads\/2026\/04\/mg_8465-1-300x150.jpg 300w, https:\/\/diariodaregiao.audiencelabs.com.br\/wp-content\/uploads\/2026\/04\/mg_8465-1-768x384.jpg 768w, https:\/\/diariodaregiao.audiencelabs.com.br\/wp-content\/uploads\/2026\/04\/mg_8465-1-360x180.jpg 360w, https:\/\/diariodaregiao.audiencelabs.com.br\/wp-content\/uploads\/2026\/04\/mg_8465-1-750x375.jpg 750w, https:\/\/diariodaregiao.audiencelabs.com.br\/wp-content\/uploads\/2026\/04\/mg_8465-1-1140x570.jpg 1140w, https:\/\/diariodaregiao.audiencelabs.com.br\/wp-content\/uploads\/2026\/04\/mg_8465-1.jpg 1400w\" sizes=\"auto, (max-width: 1024px) 100vw, 1024px\" \/><figcaption class=\"wp-element-caption\">Cr\u00e9ditos: Jo\u00e9dson Alves\/Ag\u00eancia Brasil<\/figcaption><\/figure>\n\n\n\n<h2 class=\"wp-block-heading\">Quem poder\u00e1 acessar os valores<\/h2>\n\n\n\n<p>O benef\u00edcio deve ser direcionado a trabalhadores com renda de at\u00e9 cinco sal\u00e1rios m\u00ednimos, o equivalente a R$ 8.105, ampliando o alcance da medida entre a popula\u00e7\u00e3o. At\u00e9 mesmo quem j\u00e1 aderiu ao saque-anivers\u00e1rio poder\u00e1 participar, desde que os valores n\u00e3o estejam comprometidos com opera\u00e7\u00f5es anteriores junto a institui\u00e7\u00f5es financeiras.<\/p>\n\n\n\n<p>Essa iniciativa n\u00e3o interfere em outra proposta conduzida pelo ministro do Trabalho, Luiz Marinho, que trata da libera\u00e7\u00e3o de recursos para trabalhadores demitidos que optaram pelo saque-anivers\u00e1rio. Ou seja, s\u00e3o a\u00e7\u00f5es distintas, mas que caminham na mesma dire\u00e7\u00e3o de ampliar o acesso ao dinheiro do fundo.<\/p>\n\n\n\n<p>O novo programa, que faz parte da reedi\u00e7\u00e3o do Desenrola, deve ter dura\u00e7\u00e3o inicial de tr\u00eas meses e oferecer taxas de juros mais baixas, possivelmente limitadas a 1,99% ao m\u00eas. Al\u00e9m disso, bancos participantes ter\u00e3o que oferecer descontos proporcionais ao tempo da d\u00edvida, podendo chegar a at\u00e9 90% em casos mais antigos.<\/p>\n\n\n\n<figure class=\"wp-block-image size-large\"><img loading=\"lazy\" decoding=\"async\" width=\"1024\" height=\"683\" src=\"https:\/\/diariodaregiao.audiencelabs.com.br\/wp-content\/uploads\/2026\/04\/desenrola-1-1024x683.jpg\" alt=\"\" class=\"wp-image-23561\" srcset=\"https:\/\/diariodaregiao.audiencelabs.com.br\/wp-content\/uploads\/2026\/04\/desenrola-1-1024x683.jpg 1024w, https:\/\/diariodaregiao.audiencelabs.com.br\/wp-content\/uploads\/2026\/04\/desenrola-1-300x200.jpg 300w, https:\/\/diariodaregiao.audiencelabs.com.br\/wp-content\/uploads\/2026\/04\/desenrola-1-768x512.jpg 768w, https:\/\/diariodaregiao.audiencelabs.com.br\/wp-content\/uploads\/2026\/04\/desenrola-1-750x500.jpg 750w, https:\/\/diariodaregiao.audiencelabs.com.br\/wp-content\/uploads\/2026\/04\/desenrola-1-1140x760.jpg 1140w, https:\/\/diariodaregiao.audiencelabs.com.br\/wp-content\/uploads\/2026\/04\/desenrola-1.jpg 1200w\" sizes=\"auto, (max-width: 1024px) 100vw, 1024px\" \/><figcaption class=\"wp-element-caption\">Cr\u00e9ditos: DIvulga\u00e7\u00e3o\/PT<\/figcaption><\/figure>\n\n\n\n<h2 class=\"wp-block-heading\">Regras e impactos para os trabalhadores<\/h2>\n\n\n\n<p>Ainda existem discuss\u00f5es sobre o prazo das d\u00edvidas que poder\u00e3o ser inclu\u00eddas, com propostas que variam entre atrasos de 61 dias at\u00e9 tr\u00eas anos. No entanto, estimativas indicam que o volume total de renegocia\u00e7\u00e3o pode chegar a R$ 140 bilh\u00f5es, considerando o p\u00fablico-alvo e os crit\u00e9rios em an\u00e1lise.<\/p>\n\n\n\n<p>Outro ponto importante envolve a obriga\u00e7\u00e3o de declarar o saque do FGTS no Imposto de Renda, caso o contribuinte esteja dentro das regras da Receita Federal. Mesmo sendo isento de tributa\u00e7\u00e3o, o valor precisa ser informado para justificar varia\u00e7\u00f5es no patrim\u00f4nio e evitar problemas com a malha fina.<\/p>\n\n\n\n<p>A exig\u00eancia vale para qualquer tipo de saque realizado em 2025, incluindo saque-anivers\u00e1rio, retirada para compra de im\u00f3vel, demiss\u00e3o ou outras modalidades permitidas. No entanto, apenas quem se enquadra nas regras de obrigatoriedade da declara\u00e7\u00e3o dever\u00e1 prestar essas informa\u00e7\u00f5es no IR de 2026.<\/p>\n\n\n\n<p>Dessa forma, a poss\u00edvel libera\u00e7\u00e3o de parte do FGTS surge como uma alternativa relevante para milh\u00f5es de brasileiros, justamente em um momento de aperto financeiro. Ainda em fase de defini\u00e7\u00e3o, a medida pode mudar a forma como o fundo \u00e9 utilizado, trazendo mais flexibilidade ao trabalhador diante de suas necessidades.<\/p>\n","protected":false},"excerpt":{"rendered":"<p>Muitos brasileiros t\u00eam buscado alternativas para reorganizar a vida financeira diante de juros altos e d\u00edvidas acumuladas, o que tem movimentado discuss\u00f5es importantes no pa\u00eds. No entanto, uma nova possibilidade come\u00e7a a ganhar for\u00e7a justamente por permitir acesso a um recurso j\u00e1 existente, trazendo uma sa\u00edda pr\u00e1tica para quem enfrenta dificuldades no or\u00e7amento mensal. A [&hellip;]<\/p>\n","protected":false},"author":10,"featured_media":6619,"comment_status":"open","ping_status":"open","sticky":false,"template":"","format":"standard","meta":{"jnews-multi-image_gallery":[],"jnews_single_post":{"format":"standard"},"jnews_primary_category":[],"jnews_social_meta":[],"jnews_post_split":[],"footnotes":""},"categories":[1],"tags":[],"class_list":["post-23560","post","type-post","status-publish","format-standard","has-post-thumbnail","hentry","category-variedades"],"_links":{"self":[{"href":"https:\/\/diariodaregiao.audiencelabs.com.br\/wp-json\/wp\/v2\/posts\/23560","targetHints":{"allow":["GET"]}}],"collection":[{"href":"https:\/\/diariodaregiao.audiencelabs.com.br\/wp-json\/wp\/v2\/posts"}],"about":[{"href":"https:\/\/diariodaregiao.audiencelabs.com.br\/wp-json\/wp\/v2\/types\/post"}],"author":[{"embeddable":true,"href":"https:\/\/diariodaregiao.audiencelabs.com.br\/wp-json\/wp\/v2\/users\/10"}],"replies":[{"embeddable":true,"href":"https:\/\/diariodaregiao.audiencelabs.com.br\/wp-json\/wp\/v2\/comments?post=23560"}],"version-history":[{"count":2,"href":"https:\/\/diariodaregiao.audiencelabs.com.br\/wp-json\/wp\/v2\/posts\/23560\/revisions"}],"predecessor-version":[{"id":23581,"href":"https:\/\/diariodaregiao.audiencelabs.com.br\/wp-json\/wp\/v2\/posts\/23560\/revisions\/23581"}],"wp:featuredmedia":[{"embeddable":true,"href":"https:\/\/diariodaregiao.audiencelabs.com.br\/wp-json\/wp\/v2\/media\/6619"}],"wp:attachment":[{"href":"https:\/\/diariodaregiao.audiencelabs.com.br\/wp-json\/wp\/v2\/media?parent=23560"}],"wp:term":[{"taxonomy":"category","embeddable":true,"href":"https:\/\/diariodaregiao.audiencelabs.com.br\/wp-json\/wp\/v2\/categories?post=23560"},{"taxonomy":"post_tag","embeddable":true,"href":"https:\/\/diariodaregiao.audiencelabs.com.br\/wp-json\/wp\/v2\/tags?post=23560"}],"curies":[{"name":"wp","href":"https:\/\/api.w.org\/{rel}","templated":true}]}}