{"id":23586,"date":"2026-04-27T14:35:00","date_gmt":"2026-04-27T17:35:00","guid":{"rendered":"https:\/\/diariodaregiao.audiencelabs.com.br\/?p=23586"},"modified":"2026-04-27T14:06:39","modified_gmt":"2026-04-27T17:06:39","slug":"quem-decidir-trabalhar-nesse-dia-do-ano-tem-o-direito-previsto-em-lei-de-ganhar-o-dobro-do-salario","status":"publish","type":"post","link":"https:\/\/diariodaregiao.audiencelabs.com.br\/quem-decidir-trabalhar-nesse-dia-do-ano-tem-o-direito-previsto-em-lei-de-ganhar-o-dobro-do-salario\/","title":{"rendered":"Quem decidir trabalhar nesse dia do ano tem o direito, previsto em lei, de ganhar o dobro do sal\u00e1rio"},"content":{"rendered":"\n<p>A legisla\u00e7\u00e3o brasileira prev\u00ea o pagamento em dobro do sal\u00e1rio para profissionais que trabalharem no dia 1\u00ba de maio. Nesta sexta-feira se celebra o Dia do Trabalhador, data considerada feriado nacional pela Consolida\u00e7\u00e3o das Leis do Trabalho (CLT) e que garante aos funcion\u00e1rios um dia de descanso.<\/p>\n\n\n\n<p>A data entrou para a hist\u00f3ria ap\u00f3s uma greve oper\u00e1ria ocorrida nos Estados Unidos, durante a Revolu\u00e7\u00e3o Industrial, que reivindicou a jornada de 8 horas di\u00e1rias e melhores condi\u00e7\u00f5es de trabalho. Aqui no Brasil, ela passou a ser reconhecida em 1924.<\/p>\n\n\n\n<p>O Dia do Trabalhador, inclusive, foi usado por Get\u00falio Vargas para anunciar direitos trabalhistas com a cria\u00e7\u00e3o da CLT (Consolida\u00e7\u00e3o das Leis do Trabalho), em 1943. Desde ent\u00e3o, o dia \u00e9 marcado por atos sindicais, eventos culturais, esportivos e momentos de reflex\u00e3o sobre direitos trabalhistas em todo o pa\u00eds.<\/p>\n\n\n<div class=\"wp-block-image\">\n<figure class=\"aligncenter size-large\"><img loading=\"lazy\" decoding=\"async\" width=\"1024\" height=\"682\" src=\"https:\/\/diariodaregiao.audiencelabs.com.br\/wp-content\/uploads\/2026\/04\/successful-happy-business-team-1-1024x682.jpg\" alt=\"\" class=\"wp-image-23587\" srcset=\"https:\/\/diariodaregiao.audiencelabs.com.br\/wp-content\/uploads\/2026\/04\/successful-happy-business-team-1-1024x682.jpg 1024w, https:\/\/diariodaregiao.audiencelabs.com.br\/wp-content\/uploads\/2026\/04\/successful-happy-business-team-1-300x200.jpg 300w, https:\/\/diariodaregiao.audiencelabs.com.br\/wp-content\/uploads\/2026\/04\/successful-happy-business-team-1-768x512.jpg 768w, https:\/\/diariodaregiao.audiencelabs.com.br\/wp-content\/uploads\/2026\/04\/successful-happy-business-team-1-1536x1024.jpg 1536w, https:\/\/diariodaregiao.audiencelabs.com.br\/wp-content\/uploads\/2026\/04\/successful-happy-business-team-1-750x500.jpg 750w, https:\/\/diariodaregiao.audiencelabs.com.br\/wp-content\/uploads\/2026\/04\/successful-happy-business-team-1-1140x760.jpg 1140w, https:\/\/diariodaregiao.audiencelabs.com.br\/wp-content\/uploads\/2026\/04\/successful-happy-business-team-1.jpg 2000w\" sizes=\"auto, (max-width: 1024px) 100vw, 1024px\" \/><figcaption class=\"wp-element-caption\">Cr\u00e9ditos: Freepik\/rawpixel.com<br><\/figcaption><\/figure>\n<\/div>\n\n\n<p>Neste ano, o 1\u00ba de maio cai em uma sexta-feira, o que implica em tr\u00eas dias seguidos de descanso para quem folga aos finais de semana. Mas, enquanto alguns v\u00e3o descansar, outros v\u00e3o trabalhar normalmente, uma vez que a legisla\u00e7\u00e3o trabalhista permite o funcionamento de setores considerados essenciais.<\/p>\n\n\n\n<p>A mesma legisla\u00e7\u00e3o, contudo, prev\u00ea o pagamento em dobro ou ent\u00e3o uma folga compensat\u00f3ria ao trabalhador que for atuar no feriado. Portanto, quem estiver escalado para trabalhar nesta sexta-feira, deve ficar atento aos direitos contidos na lei.<\/p>\n\n\n\n<h2 class=\"wp-block-heading\">Origem do feriado de 1\u00ba de maio<\/h2>\n\n\n\n<p>Conforme destacado anteriormente, a data homenageia a luta hist\u00f3rica por melhores condi\u00e7\u00f5es de trabalho. Em 1886, sindicatos realizaram greves por jornadas de 8 horas e demais benef\u00edcios em Chicago, nos Estados Unidos.<\/p>\n\n\n\n<p>Milhares de profissionais participaram dos atos. Na \u00e9poca, a jornada de trabalho chegava a 17 horas. O conflito mais marcante foi a Revolta de Haymarket, que terminou com mortes e execu\u00e7\u00f5es de l\u00edderes sindicais por parte da pol\u00edcia de Chicago.<\/p>\n\n\n\n<p>Em 1889, a Segunda Internacional Socialista, reunida em Paris, oficializou o 1\u00ba de maio como dia de manifesta\u00e7\u00e3o pela jornada de 8 horas.<\/p>\n","protected":false},"excerpt":{"rendered":"<p>A legisla\u00e7\u00e3o brasileira prev\u00ea o pagamento em dobro do sal\u00e1rio para profissionais que trabalharem no dia 1\u00ba de maio. Nesta sexta-feira se celebra o Dia do Trabalhador, data considerada feriado nacional pela Consolida\u00e7\u00e3o das Leis do Trabalho (CLT) e que garante aos funcion\u00e1rios um dia de descanso. A data entrou para a hist\u00f3ria ap\u00f3s uma [&hellip;]<\/p>\n","protected":false},"author":14,"featured_media":20252,"comment_status":"open","ping_status":"open","sticky":false,"template":"","format":"standard","meta":{"jnews-multi-image_gallery":[],"jnews_single_post":{"format":"standard"},"jnews_primary_category":[],"jnews_social_meta":[],"jnews_post_split":[],"footnotes":""},"categories":[1],"tags":[],"class_list":["post-23586","post","type-post","status-publish","format-standard","has-post-thumbnail","hentry","category-variedades"],"_links":{"self":[{"href":"https:\/\/diariodaregiao.audiencelabs.com.br\/wp-json\/wp\/v2\/posts\/23586","targetHints":{"allow":["GET"]}}],"collection":[{"href":"https:\/\/diariodaregiao.audiencelabs.com.br\/wp-json\/wp\/v2\/posts"}],"about":[{"href":"https:\/\/diariodaregiao.audiencelabs.com.br\/wp-json\/wp\/v2\/types\/post"}],"author":[{"embeddable":true,"href":"https:\/\/diariodaregiao.audiencelabs.com.br\/wp-json\/wp\/v2\/users\/14"}],"replies":[{"embeddable":true,"href":"https:\/\/diariodaregiao.audiencelabs.com.br\/wp-json\/wp\/v2\/comments?post=23586"}],"version-history":[{"count":1,"href":"https:\/\/diariodaregiao.audiencelabs.com.br\/wp-json\/wp\/v2\/posts\/23586\/revisions"}],"predecessor-version":[{"id":23588,"href":"https:\/\/diariodaregiao.audiencelabs.com.br\/wp-json\/wp\/v2\/posts\/23586\/revisions\/23588"}],"wp:featuredmedia":[{"embeddable":true,"href":"https:\/\/diariodaregiao.audiencelabs.com.br\/wp-json\/wp\/v2\/media\/20252"}],"wp:attachment":[{"href":"https:\/\/diariodaregiao.audiencelabs.com.br\/wp-json\/wp\/v2\/media?parent=23586"}],"wp:term":[{"taxonomy":"category","embeddable":true,"href":"https:\/\/diariodaregiao.audiencelabs.com.br\/wp-json\/wp\/v2\/categories?post=23586"},{"taxonomy":"post_tag","embeddable":true,"href":"https:\/\/diariodaregiao.audiencelabs.com.br\/wp-json\/wp\/v2\/tags?post=23586"}],"curies":[{"name":"wp","href":"https:\/\/api.w.org\/{rel}","templated":true}]}}