{"id":23597,"date":"2026-05-03T07:10:00","date_gmt":"2026-05-03T10:10:00","guid":{"rendered":"https:\/\/diariodaregiao.audiencelabs.com.br\/?p=23597"},"modified":"2026-04-27T15:01:16","modified_gmt":"2026-04-27T18:01:16","slug":"xavi-nao-descarta-assinar-com-palmeiras-corinthians-santos-sao-paulo-flamengo-ou-outro-time-do-brasil","status":"publish","type":"post","link":"https:\/\/diariodaregiao.audiencelabs.com.br\/xavi-nao-descarta-assinar-com-palmeiras-corinthians-santos-sao-paulo-flamengo-ou-outro-time-do-brasil\/","title":{"rendered":"Xavi n\u00e3o descarta assinar com Palmeiras, Corinthians, Santos, S\u00e3o Paulo, Flamengo ou outro time do Brasil"},"content":{"rendered":"\n<p>Um dos maiores nomes da hist\u00f3ria do futebol mundial, Xavi Hern\u00e1ndez n\u00e3o descartou a possibilidade de vir trabalhar no Brasil futuramente. Sem clube desde que deixou o Barcelona, em 2024, o t\u00e9cnico afirma que est\u00e1 aberto a propostas e que n\u00e3o tem nenhuma restri\u00e7\u00e3o quanto aos gramados nacionais.<\/p>\n\n\n\n<p>O lend\u00e1rio meio-campista do Barcelona foi questionado a respeito dessa possibilidade em entrevista concedida a Rom\u00e1rio. Sempre direto, o Baixinho perguntou se o treinador estaria aberto a um projeto por aqui, ao passo que ele respondeu: \u201cSim, por que n\u00e3o? Por que n\u00e3o? O Brasil \u00e9 o ber\u00e7o do futebol. Por que n\u00e3o?\u201d.<\/p>\n\n\n<div class=\"wp-block-image\">\n<figure class=\"aligncenter size-large\"><img loading=\"lazy\" decoding=\"async\" width=\"1024\" height=\"683\" src=\"https:\/\/diariodaregiao.audiencelabs.com.br\/wp-content\/uploads\/2026\/04\/SaveClip.App_652800380_18095503094059976_4419322332841353587_n-1-1024x683.jpg\" alt=\"\" class=\"wp-image-23599\" srcset=\"https:\/\/diariodaregiao.audiencelabs.com.br\/wp-content\/uploads\/2026\/04\/SaveClip.App_652800380_18095503094059976_4419322332841353587_n-1-1024x683.jpg 1024w, https:\/\/diariodaregiao.audiencelabs.com.br\/wp-content\/uploads\/2026\/04\/SaveClip.App_652800380_18095503094059976_4419322332841353587_n-1-300x200.jpg 300w, https:\/\/diariodaregiao.audiencelabs.com.br\/wp-content\/uploads\/2026\/04\/SaveClip.App_652800380_18095503094059976_4419322332841353587_n-1-768x512.jpg 768w, https:\/\/diariodaregiao.audiencelabs.com.br\/wp-content\/uploads\/2026\/04\/SaveClip.App_652800380_18095503094059976_4419322332841353587_n-1-750x500.jpg 750w, https:\/\/diariodaregiao.audiencelabs.com.br\/wp-content\/uploads\/2026\/04\/SaveClip.App_652800380_18095503094059976_4419322332841353587_n-1-1140x760.jpg 1140w, https:\/\/diariodaregiao.audiencelabs.com.br\/wp-content\/uploads\/2026\/04\/SaveClip.App_652800380_18095503094059976_4419322332841353587_n-1.jpg 1200w\" sizes=\"auto, (max-width: 1024px) 100vw, 1024px\" \/><figcaption class=\"wp-element-caption\">Cr\u00e9ditos: Instagram\/Xavi Hern\u00e1ndez<\/figcaption><\/figure>\n<\/div>\n\n\n<p>Segundo o \u00eddolo blaugrana, ele est\u00e1 aberto \u00e0s diferentes oportunidades futebol\u00edsticas, desde que o projeto apresentado seja bom e tenha perspectiva de vit\u00f3ria. Nesse sentido, o craque toparia at\u00e9 mesmo um convite para comandar a Sele\u00e7\u00e3o Brasileira.<\/p>\n\n\n\n<p>\u201cEstou aberto a qualquer projeto em minha vida futebol\u00edstica como treinador. Sele\u00e7\u00e3o tamb\u00e9m, clubes. \u00c9 fant\u00e1stico. Estou aberto a um projeto bom, em que possamos ganhar. Eu gosto disso, creio que sou uma pessoa vencedora e entendo que o futebol \u00e9 para isto: desfrutar e ganhar. Para mim, esse \u00e9 o objetivo, e por que n\u00e3o o Brasil?\u201d, acrescentou.<\/p>\n\n\n\n<h2 class=\"wp-block-heading\">Xavi rasgou elogios a Neymar<\/h2>\n\n\n\n<p>Ainda na entrevista a Rom\u00e1rio, Xavi cravou que o jogador que mais se aproximou de Lionel Messi foi o Neymar de 2014. Capit\u00e3o e uma das lideran\u00e7as do elenco na \u00e9poca, o meia viu de perto a ascens\u00e3o do brasileiro no Bar\u00e7a e no futebol europeu.<\/p>\n\n\n\n<p>O ex-jogador contou, tamb\u00e9m, que queria contar com o craque do Santos quando treinou o time catal\u00e3o, entre 2022 e 2024, mas que n\u00e3o foi poss\u00edvel por motivos financeiros.<\/p>\n\n\n\n<p>\u201cO que vi do Neymar durante sua primeira semana conosco foi o mais pr\u00f3ximo que ele chegou do Messi. N\u00e3o vi nenhum jogador t\u00e3o parecido com o Messi quanto o Neymar era quando chegou ao Bar\u00e7a aos 21 anos. Ele n\u00e3o p\u00f4de voltar quando eu era treinador, mas isso se deveu \u00e0 situa\u00e7\u00e3o financeira do clube\u201d, finalizou Xavi.<\/p>\n","protected":false},"excerpt":{"rendered":"<p>Um dos maiores nomes da hist\u00f3ria do futebol mundial, Xavi Hern\u00e1ndez n\u00e3o descartou a possibilidade de vir trabalhar no Brasil futuramente. Sem clube desde que deixou o Barcelona, em 2024, o t\u00e9cnico afirma que est\u00e1 aberto a propostas e que n\u00e3o tem nenhuma restri\u00e7\u00e3o quanto aos gramados nacionais. O lend\u00e1rio meio-campista do Barcelona foi questionado [&hellip;]<\/p>\n","protected":false},"author":14,"featured_media":23598,"comment_status":"open","ping_status":"open","sticky":false,"template":"","format":"standard","meta":{"jnews-multi-image_gallery":[],"jnews_single_post":{"format":"standard"},"jnews_primary_category":[],"jnews_social_meta":[],"jnews_post_split":[],"footnotes":""},"categories":[1],"tags":[],"class_list":["post-23597","post","type-post","status-publish","format-standard","has-post-thumbnail","hentry","category-variedades"],"_links":{"self":[{"href":"https:\/\/diariodaregiao.audiencelabs.com.br\/wp-json\/wp\/v2\/posts\/23597","targetHints":{"allow":["GET"]}}],"collection":[{"href":"https:\/\/diariodaregiao.audiencelabs.com.br\/wp-json\/wp\/v2\/posts"}],"about":[{"href":"https:\/\/diariodaregiao.audiencelabs.com.br\/wp-json\/wp\/v2\/types\/post"}],"author":[{"embeddable":true,"href":"https:\/\/diariodaregiao.audiencelabs.com.br\/wp-json\/wp\/v2\/users\/14"}],"replies":[{"embeddable":true,"href":"https:\/\/diariodaregiao.audiencelabs.com.br\/wp-json\/wp\/v2\/comments?post=23597"}],"version-history":[{"count":1,"href":"https:\/\/diariodaregiao.audiencelabs.com.br\/wp-json\/wp\/v2\/posts\/23597\/revisions"}],"predecessor-version":[{"id":23600,"href":"https:\/\/diariodaregiao.audiencelabs.com.br\/wp-json\/wp\/v2\/posts\/23597\/revisions\/23600"}],"wp:featuredmedia":[{"embeddable":true,"href":"https:\/\/diariodaregiao.audiencelabs.com.br\/wp-json\/wp\/v2\/media\/23598"}],"wp:attachment":[{"href":"https:\/\/diariodaregiao.audiencelabs.com.br\/wp-json\/wp\/v2\/media?parent=23597"}],"wp:term":[{"taxonomy":"category","embeddable":true,"href":"https:\/\/diariodaregiao.audiencelabs.com.br\/wp-json\/wp\/v2\/categories?post=23597"},{"taxonomy":"post_tag","embeddable":true,"href":"https:\/\/diariodaregiao.audiencelabs.com.br\/wp-json\/wp\/v2\/tags?post=23597"}],"curies":[{"name":"wp","href":"https:\/\/api.w.org\/{rel}","templated":true}]}}