{"id":23601,"date":"2026-04-27T15:40:00","date_gmt":"2026-04-27T18:40:00","guid":{"rendered":"https:\/\/diariodaregiao.audiencelabs.com.br\/?p=23601"},"modified":"2026-04-27T15:34:20","modified_gmt":"2026-04-27T18:34:20","slug":"craque-neto-deixa-hugo-souza-de-lado-e-escolhe-outro-goleiro-do-brasileirao-para-a-selecao-brasileira","status":"publish","type":"post","link":"https:\/\/diariodaregiao.audiencelabs.com.br\/craque-neto-deixa-hugo-souza-de-lado-e-escolhe-outro-goleiro-do-brasileirao-para-a-selecao-brasileira\/","title":{"rendered":"Craque Neto deixa Hugo Souza de lado e escolhe outro goleiro do Brasileir\u00e3o para a Sele\u00e7\u00e3o Brasileira"},"content":{"rendered":"\n<p>Craque Neto resolveu deixar Hugo Souza de lado e nomeou outro goleiro para uma das tr\u00eas vagas da Sele\u00e7\u00e3o Brasileira na Copa do Mundo. Durante o programa Os Donos da Bola, da Band, desta segunda-feira (27), o apresentador pediu a convoca\u00e7\u00e3o de Carlos Miguel, do Palmeiras.<\/p>\n\n\n\n<p>Para o \u00eddolo corintiano, Hugo continua sendo um grande arqueiro, mas j\u00e1 teve sua chance de representar a camisa amarelinha. O mesmo se aplica a Ederson e Bento, que n\u00e3o vivem boa fase e mesmo assim foram lembrados em quase todas as listas de Carlo Ancelotti.<\/p>\n\n\n<div class=\"wp-block-image\">\n<figure class=\"aligncenter size-large\"><img loading=\"lazy\" decoding=\"async\" width=\"1024\" height=\"813\" src=\"https:\/\/diariodaregiao.audiencelabs.com.br\/wp-content\/uploads\/2026\/04\/SaveClip.App_661556290_18112952887743178_8118299513088891429_n-1-e1777314816642-1024x813.jpg\" alt=\"\" class=\"wp-image-23603\" srcset=\"https:\/\/diariodaregiao.audiencelabs.com.br\/wp-content\/uploads\/2026\/04\/SaveClip.App_661556290_18112952887743178_8118299513088891429_n-1-e1777314816642-1024x813.jpg 1024w, https:\/\/diariodaregiao.audiencelabs.com.br\/wp-content\/uploads\/2026\/04\/SaveClip.App_661556290_18112952887743178_8118299513088891429_n-1-e1777314816642-300x238.jpg 300w, https:\/\/diariodaregiao.audiencelabs.com.br\/wp-content\/uploads\/2026\/04\/SaveClip.App_661556290_18112952887743178_8118299513088891429_n-1-e1777314816642-768x610.jpg 768w, https:\/\/diariodaregiao.audiencelabs.com.br\/wp-content\/uploads\/2026\/04\/SaveClip.App_661556290_18112952887743178_8118299513088891429_n-1-e1777314816642-750x596.jpg 750w, https:\/\/diariodaregiao.audiencelabs.com.br\/wp-content\/uploads\/2026\/04\/SaveClip.App_661556290_18112952887743178_8118299513088891429_n-1-e1777314816642-1140x905.jpg 1140w, https:\/\/diariodaregiao.audiencelabs.com.br\/wp-content\/uploads\/2026\/04\/SaveClip.App_661556290_18112952887743178_8118299513088891429_n-1-e1777314816642.jpg 1200w\" sizes=\"auto, (max-width: 1024px) 100vw, 1024px\" \/><figcaption class=\"wp-element-caption\">Cr\u00e9ditos: Instagram\/Carlos Miguel<\/figcaption><\/figure>\n<\/div>\n\n\n<p>Neto acredita que o que o pared\u00e3o alviverde vem fazendo o credencia a estar entre os tr\u00eas goleiros convocados para a disputa do Mundial. Desde que assumiu a condi\u00e7\u00e3o de titular, o camisa 1 n\u00e3o saiu mais da equipe treinada por Abel Ferreira e vem sendo um dos destaques do Verd\u00e3o na temporada.<\/p>\n\n\n\n<p>\u201cN\u00e3o d\u00e1 pra ter Ederson e Bento na Sele\u00e7\u00e3o Brasileira com o que o Carlos Miguel est\u00e1 fazendo no Palmeiras. \u00c9 inacredit\u00e1vel como o Carlos Miguel \u00e9 bom goleiro. Ele j\u00e1 passou o Hugo (Souza, do Corinthians). O Hugo \u00e9 um goleira\u00e7o, mas o Carlos Miguel merece uma chance para ir \u00e0 Copa do Mundo!\u201d, disse o comunicador.<\/p>\n\n\n\n<h2 class=\"wp-block-heading\">Carlos Miguel sonha com Sele\u00e7\u00e3o<\/h2>\n\n\n\n<p>Em entrevista recente ao portal \u2018ge\u2019, o goleiro do Palestra falou sobre suas pretens\u00f5es de carreira. Uma delas \u00e9 ser convocado para disputar uma Copa do Mundo. Mas ele n\u00e3o trata a quest\u00e3o com urg\u00eancia e prefere deixar o tempo e a dedica\u00e7\u00e3o em campo falarem por si.<\/p>\n\n\n\n<p>\u201c\u00c9 trabalhar, sei que eu posso desempenhar o melhor futebol poss\u00edvel, sei que eu sou um grande goleiro, j\u00e1 estava no radar da Sele\u00e7\u00e3o antes, e espero fazer bons jogos para voltar novamente e poder ir para uma Copa do Mundo, pode ser esta ou a pr\u00f3xima. Meu trabalho que vai entregar\u201d, declarou.<\/p>\n","protected":false},"excerpt":{"rendered":"<p>Craque Neto resolveu deixar Hugo Souza de lado e nomeou outro goleiro para uma das tr\u00eas vagas da Sele\u00e7\u00e3o Brasileira na Copa do Mundo. Durante o programa Os Donos da Bola, da Band, desta segunda-feira (27), o apresentador pediu a convoca\u00e7\u00e3o de Carlos Miguel, do Palmeiras. Para o \u00eddolo corintiano, Hugo continua sendo um grande [&hellip;]<\/p>\n","protected":false},"author":14,"featured_media":23602,"comment_status":"open","ping_status":"open","sticky":false,"template":"","format":"standard","meta":{"jnews-multi-image_gallery":[],"jnews_single_post":{"format":"standard"},"jnews_primary_category":[],"jnews_social_meta":[],"jnews_post_split":[],"footnotes":""},"categories":[1],"tags":[],"class_list":["post-23601","post","type-post","status-publish","format-standard","has-post-thumbnail","hentry","category-variedades"],"_links":{"self":[{"href":"https:\/\/diariodaregiao.audiencelabs.com.br\/wp-json\/wp\/v2\/posts\/23601","targetHints":{"allow":["GET"]}}],"collection":[{"href":"https:\/\/diariodaregiao.audiencelabs.com.br\/wp-json\/wp\/v2\/posts"}],"about":[{"href":"https:\/\/diariodaregiao.audiencelabs.com.br\/wp-json\/wp\/v2\/types\/post"}],"author":[{"embeddable":true,"href":"https:\/\/diariodaregiao.audiencelabs.com.br\/wp-json\/wp\/v2\/users\/14"}],"replies":[{"embeddable":true,"href":"https:\/\/diariodaregiao.audiencelabs.com.br\/wp-json\/wp\/v2\/comments?post=23601"}],"version-history":[{"count":1,"href":"https:\/\/diariodaregiao.audiencelabs.com.br\/wp-json\/wp\/v2\/posts\/23601\/revisions"}],"predecessor-version":[{"id":23604,"href":"https:\/\/diariodaregiao.audiencelabs.com.br\/wp-json\/wp\/v2\/posts\/23601\/revisions\/23604"}],"wp:featuredmedia":[{"embeddable":true,"href":"https:\/\/diariodaregiao.audiencelabs.com.br\/wp-json\/wp\/v2\/media\/23602"}],"wp:attachment":[{"href":"https:\/\/diariodaregiao.audiencelabs.com.br\/wp-json\/wp\/v2\/media?parent=23601"}],"wp:term":[{"taxonomy":"category","embeddable":true,"href":"https:\/\/diariodaregiao.audiencelabs.com.br\/wp-json\/wp\/v2\/categories?post=23601"},{"taxonomy":"post_tag","embeddable":true,"href":"https:\/\/diariodaregiao.audiencelabs.com.br\/wp-json\/wp\/v2\/tags?post=23601"}],"curies":[{"name":"wp","href":"https:\/\/api.w.org\/{rel}","templated":true}]}}