{"id":23605,"date":"2026-04-27T16:45:00","date_gmt":"2026-04-27T19:45:00","guid":{"rendered":"https:\/\/diariodaregiao.audiencelabs.com.br\/?p=23605"},"modified":"2026-04-27T16:17:13","modified_gmt":"2026-04-27T19:17:13","slug":"falta-de-estradas-impede-que-ponte-de-r-19-bilhao-ligando-o-brasil-ao-pacifico-seja-usada","status":"publish","type":"post","link":"https:\/\/diariodaregiao.audiencelabs.com.br\/falta-de-estradas-impede-que-ponte-de-r-19-bilhao-ligando-o-brasil-ao-pacifico-seja-usada\/","title":{"rendered":"Falta de estradas impede que ponte de R$ 1,9 bilh\u00e3o ligando o Brasil ao Pac\u00edfico seja usada"},"content":{"rendered":"\n<p>Ponte de custo milion\u00e1rio vem sendo subutilizada por conta da da falta de estradas que ligam o Brasil ao Pac\u00edfico. Trata-se da Ponte da Integra\u00e7\u00e3o, constru\u00edda entre Brasil e Paraguai, que permanece com utiliza\u00e7\u00e3o limitada porque obras complementares, de essencial acesso, n\u00e3o acompanharam o cronograma da constru\u00e7\u00e3o.<\/p>\n\n\n\n<p>O problema de planejamento compromete uma das principais apostas log\u00edsticas do Brasil, cujo investimento foi de cerca de R$ 1,9 bilh\u00e3o. A estrutura \u00e9 um dos pilares da Rota Bioce\u00e2nica, corredor internacional planejado para ligar o Centro-Oeste brasileiro aos portos do norte do Chile, passando por Paraguai e Argentina.<\/p>\n\n\n\n<p>O intuito da iniciativa era reduzir em milhares de quil\u00f4metros o trajeto das exporta\u00e7\u00f5es, bem como diminuir custos e aumentar a competitividade de produtos brasileiros no mercado asi\u00e1tico. Isso, no entanto, ainda n\u00e3o se concretizou na pr\u00e1tica. Os acessos pavimentados incompletos e a falta da estrutura aduaneira plenamente funcional fazem a ponte n\u00e3o absorver o fluxo pesado de caminh\u00f5es para o qual foi projetada.<\/p>\n\n\n<div class=\"wp-block-image\">\n<figure class=\"aligncenter size-large\"><img loading=\"lazy\" decoding=\"async\" width=\"1024\" height=\"682\" src=\"https:\/\/diariodaregiao.audiencelabs.com.br\/wp-content\/uploads\/2026\/04\/1_ponte_da_integracao_034-1-1024x682.jpg\" alt=\"\" class=\"wp-image-23607\" srcset=\"https:\/\/diariodaregiao.audiencelabs.com.br\/wp-content\/uploads\/2026\/04\/1_ponte_da_integracao_034-1-1024x682.jpg 1024w, https:\/\/diariodaregiao.audiencelabs.com.br\/wp-content\/uploads\/2026\/04\/1_ponte_da_integracao_034-1-300x200.jpg 300w, https:\/\/diariodaregiao.audiencelabs.com.br\/wp-content\/uploads\/2026\/04\/1_ponte_da_integracao_034-1-768x512.jpg 768w, https:\/\/diariodaregiao.audiencelabs.com.br\/wp-content\/uploads\/2026\/04\/1_ponte_da_integracao_034-1-1536x1024.jpg 1536w, https:\/\/diariodaregiao.audiencelabs.com.br\/wp-content\/uploads\/2026\/04\/1_ponte_da_integracao_034-1-750x500.jpg 750w, https:\/\/diariodaregiao.audiencelabs.com.br\/wp-content\/uploads\/2026\/04\/1_ponte_da_integracao_034-1-1140x760.jpg 1140w, https:\/\/diariodaregiao.audiencelabs.com.br\/wp-content\/uploads\/2026\/04\/1_ponte_da_integracao_034-1.jpg 2000w\" sizes=\"auto, (max-width: 1024px) 100vw, 1024px\" \/><figcaption class=\"wp-element-caption\">Cr\u00e9ditos: Albari Rosa \/ AEN<\/figcaption><\/figure>\n<\/div>\n\n\n<p>O que era para ser uma travessia e um corredor log\u00edstico tem sido somente passagem por enquanto. O transporte de cargas ainda depende das rotas tradicionais, mais longas e sobrecarregadas, para ser conclu\u00eddo. Do lado brasileiro, por exemplo, a liga\u00e7\u00e3o com a malha ferrovi\u00e1ria depende de trechos em finaliza\u00e7\u00e3o e ajustes de infraestrutura.<\/p>\n\n\n\n<h2 class=\"wp-block-heading\">Custo do transporte at\u00e9 o Pacifico continua caro<\/h2>\n\n\n\n<p>A explica\u00e7\u00e3o para esse problema, segundo os respons\u00e1veis, est\u00e1 nos contratos distintos, fontes de financiamento diferentes e execu\u00e7\u00e3o dividida entre pa\u00edses. Com cada parte seguindo um cronograma pr\u00f3prio, dessincronizado, o resultado \u00e9 uma obra pronta, mas sem a capacidade de cumprir sua proposta.<\/p>\n\n\n\n<p>O impacto disso pode ser visto na pr\u00e1tica. Planejada para reduzir o custo do frete e o tempo de transporte at\u00e9 o Pac\u00edfico, a Rota Bioce\u00e2nica continua refletindo o mesmo cen\u00e1rio de antes: produtores do Centro-Oeste precisam arcar com rotas caras, o que afeta a competitividade brasileira no mercado internacional.<\/p>\n","protected":false},"excerpt":{"rendered":"<p>Ponte de custo milion\u00e1rio vem sendo subutilizada por conta da da falta de estradas que ligam o Brasil ao Pac\u00edfico. Trata-se da Ponte da Integra\u00e7\u00e3o, constru\u00edda entre Brasil e Paraguai, que permanece com utiliza\u00e7\u00e3o limitada porque obras complementares, de essencial acesso, n\u00e3o acompanharam o cronograma da constru\u00e7\u00e3o. O problema de planejamento compromete uma das principais [&hellip;]<\/p>\n","protected":false},"author":14,"featured_media":23606,"comment_status":"open","ping_status":"open","sticky":false,"template":"","format":"standard","meta":{"jnews-multi-image_gallery":[],"jnews_single_post":{"format":"standard"},"jnews_primary_category":[],"jnews_social_meta":[],"jnews_post_split":[],"footnotes":""},"categories":[1],"tags":[],"class_list":["post-23605","post","type-post","status-publish","format-standard","has-post-thumbnail","hentry","category-variedades"],"_links":{"self":[{"href":"https:\/\/diariodaregiao.audiencelabs.com.br\/wp-json\/wp\/v2\/posts\/23605","targetHints":{"allow":["GET"]}}],"collection":[{"href":"https:\/\/diariodaregiao.audiencelabs.com.br\/wp-json\/wp\/v2\/posts"}],"about":[{"href":"https:\/\/diariodaregiao.audiencelabs.com.br\/wp-json\/wp\/v2\/types\/post"}],"author":[{"embeddable":true,"href":"https:\/\/diariodaregiao.audiencelabs.com.br\/wp-json\/wp\/v2\/users\/14"}],"replies":[{"embeddable":true,"href":"https:\/\/diariodaregiao.audiencelabs.com.br\/wp-json\/wp\/v2\/comments?post=23605"}],"version-history":[{"count":2,"href":"https:\/\/diariodaregiao.audiencelabs.com.br\/wp-json\/wp\/v2\/posts\/23605\/revisions"}],"predecessor-version":[{"id":23609,"href":"https:\/\/diariodaregiao.audiencelabs.com.br\/wp-json\/wp\/v2\/posts\/23605\/revisions\/23609"}],"wp:featuredmedia":[{"embeddable":true,"href":"https:\/\/diariodaregiao.audiencelabs.com.br\/wp-json\/wp\/v2\/media\/23606"}],"wp:attachment":[{"href":"https:\/\/diariodaregiao.audiencelabs.com.br\/wp-json\/wp\/v2\/media?parent=23605"}],"wp:term":[{"taxonomy":"category","embeddable":true,"href":"https:\/\/diariodaregiao.audiencelabs.com.br\/wp-json\/wp\/v2\/categories?post=23605"},{"taxonomy":"post_tag","embeddable":true,"href":"https:\/\/diariodaregiao.audiencelabs.com.br\/wp-json\/wp\/v2\/tags?post=23605"}],"curies":[{"name":"wp","href":"https:\/\/api.w.org\/{rel}","templated":true}]}}