{"id":23610,"date":"2026-04-28T05:25:00","date_gmt":"2026-04-28T08:25:00","guid":{"rendered":"https:\/\/diariodaregiao.audiencelabs.com.br\/?p=23610"},"modified":"2026-04-27T17:32:51","modified_gmt":"2026-04-27T20:32:51","slug":"erro-muito-comum-faz-com-que-seu-pedido-do-inss-fique-parado-na-fila-de-espera","status":"publish","type":"post","link":"https:\/\/diariodaregiao.audiencelabs.com.br\/erro-muito-comum-faz-com-que-seu-pedido-do-inss-fique-parado-na-fila-de-espera\/","title":{"rendered":"Erro muito comum faz com que seu pedido do INSS fique parado na fila de espera"},"content":{"rendered":"\n<p>Um erro que passa despercebido por muita gente, mas que \u00e9 bastante comum pode custar a lista de espera do INSS (Instituto Nacional do Seguro Social). Trata-se de preencher ou fornecer documentos errados ao entrar com pedido de benef\u00edcio no programa.<\/p>\n\n\n\n<p>Colocar os dados corretamente, assim como fornecer a documenta\u00e7\u00e3o pedida, evita que a solicita\u00e7\u00e3o caia em exig\u00eancia ou seja indeferida. As informa\u00e7\u00f5es certas agilizam a an\u00e1lise e a libera\u00e7\u00e3o do benef\u00edcio. Por isso, \u00e9 importante se atentar a todos os passos do processo.<\/p>\n\n\n\n<p>Segundo n\u00fameros de mar\u00e7o do Portal Transpar\u00eancia Previd\u00eancia, a fila registrou 2,7 milh\u00f5es de requerimentos em an\u00e1lise para aposentadorias, pens\u00f5es e aux\u00edlios. Em fevereiro, foram 3,1 milh\u00f5es. Dados que d\u00e3o dimens\u00e3o do tempo que o cidad\u00e3o ter\u00e1 de aguardar se cometer o erro, que, na verdade, \u00e9 simples.<\/p>\n\n\n<div class=\"wp-block-image\">\n<figure class=\"aligncenter size-large\"><img loading=\"lazy\" decoding=\"async\" width=\"1024\" height=\"678\" src=\"https:\/\/diariodaregiao.audiencelabs.com.br\/wp-content\/uploads\/2026\/04\/imagem_materia-1024x678.jpg\" alt=\"\" class=\"wp-image-23611\" srcset=\"https:\/\/diariodaregiao.audiencelabs.com.br\/wp-content\/uploads\/2026\/04\/imagem_materia-1024x678.jpg 1024w, https:\/\/diariodaregiao.audiencelabs.com.br\/wp-content\/uploads\/2026\/04\/imagem_materia-300x199.jpg 300w, https:\/\/diariodaregiao.audiencelabs.com.br\/wp-content\/uploads\/2026\/04\/imagem_materia-768x509.jpg 768w, https:\/\/diariodaregiao.audiencelabs.com.br\/wp-content\/uploads\/2026\/04\/imagem_materia-750x497.jpg 750w, https:\/\/diariodaregiao.audiencelabs.com.br\/wp-content\/uploads\/2026\/04\/imagem_materia-1140x755.jpg 1140w, https:\/\/diariodaregiao.audiencelabs.com.br\/wp-content\/uploads\/2026\/04\/imagem_materia.jpg 1200w\" sizes=\"auto, (max-width: 1024px) 100vw, 1024px\" \/><figcaption class=\"wp-element-caption\">Cr\u00e9ditos: Renato Alves\/Ag\u00eancia Bras\u00edlia<\/figcaption><\/figure>\n<\/div>\n\n\n<p>Quando o pedido entra na fila de espera, s\u00e3o recomendadas algumas medidas para evitar novos entraves:&nbsp;<\/p>\n\n\n<style>@media (min-width: 992px) {\n    .recomendadorV2Area1 {\n        width: 280px;\n    }\n    .recomendadorV2Area2 {\n        padding: 0px 20px;\n        width: calc(100% - 280px);\n    }\n}\n\n@media (max-width: 992px) {\n    .recomendadorV2Button {\n        margin: 0 auto;\n    }\n    .recomendadorV2Area {\n        flex-direction: column;\n        text-align: center;\n    }\n    .recomendadorV2Area2 {\n        padding: 0px 20px;\n    }\n}\n\n.recomendadorV2Area {\n    background: #eeeeee3d;\n    border-radius: 10px;\n    padding: 15px;\n    display: flex;\n    margin: 15px auto;\n    border: 1px solid #00000014;\n    max-width: 800px;\n}\n\n.recomendadorV2Area1 img {\n    width: 280px;\n    height: auto;\n    border-radius: 8px;\n}\n\n.linkrecomendadorv2 {\n    text-decoration: none !important;\n}\n\n.recomendadorV2Area2 .recomendadorV2Type {\n    text-transform: uppercase;\n    font-weight: 500;\n    font-size: 11px;\n    letter-spacing: 2px;\n    color: #666;\n    margin: 12px 0;\n    display: block;\n}\n\n.recomendadorV2Title h2 {\n    padding-top: 0px !important;\n    margin: 0px !important;\n    border-left: none !important;\n    padding-left: 0px !important;\n    line-height: 1.3;\n    color: #000 !important;\n    font-size: 24px;\n    margin-bottom: 12px !important;\n}\n\n.recomendadorV2Desc {\n    color: #333;\n    margin: 12px 0px !important;\n    font-size: 15px;\n    line-height: 1.5;\n}\n\n.recomendadorV2Button {\n    width: auto;\n    max-width: 200px;\n    margin: 0;\n    display: inline-flex;\n    align-items: center;\n    background: #1D3557;\n    border-radius: 8px;\n    color: #fff;\n    height: 36px;\n    justify-content: center;\n    text-align: center;\n    font-size: 14px;\n    padding: 0 20px;\n    transition: background-color 0.2s ease;\n}\n\n.recomendadorV2Button:hover {\n    background: #2a4d7a;\n}\n\n.recomendadorV2Button:after {\n    margin-top: -2px;\n    content: \"\u2192\";\n    padding: 0px 0px 0px 8px;\n}\n\n.recomendadorV2Alert {\n    text-align: left;\n    font-size: 11px;\n    margin-top: 8px;\n    color: #666;\n}\n\n.recomendadorFixedArea {\n    width: 100%;\n    display: flex;\n    justify-content: center;\n    align-items: center;\n}\n\n@media (min-width: 992px) {\n    #recomendadorFixed {\n        width: 32% !important;\n        left: 5%;\n    }\n    .recomendadorCloseFixed{\n        right: inherit !important;\n        left: 378px !important;\n    }\n}\n\n#recomendadorFixed {\n    width: 90%;\n    box-shadow: 0 10px 20px 0px #00000057;\n    display: none;\n    height: 90px;\n    background: #F6F6F6;\n    position: fixed;\n    flex-direction: row;\n    bottom: 10px;\n    z-index: 9999;\n    border-radius: 16px;\n    padding: 7px 10px;\n}\n\n.recomendadorLeftArea {\n    width: 160px;\n}\n\n.recomendadorRightArea h2 {\n    padding-top: 0px;\n    margin: 2px 0px 4px 0px !important;\n    font-weight: 400;\n    text-align: center;\n    padding-left: 0px !important;\n    color: #000 !important;\n    border-left: none !important;\n    line-height: 20px;\n    font-size: 12px !important;\n}\n\n.recomendadorImgFixed {\n    overflow: hidden;\n    padding: 8px 6px;\n    height: 100%;\n}\n\n.recomendadorImgFixed img {\n    height: 100% !important;\n    border-radius: 16px;\n}\n\n.recomendadorRightArea {\n    padding-top: 6px;\n    display: flex;\n    width: calc(100% - 130px);\n    justify-content: space-between;\n    align-items: center;\n    flex-direction: column;\n}\n\n.recomendadorButtonFixed {\n    margin: 0 auto;\n    background: #1D3557;\n    width: 80%;\n    text-align: center;\n    font-size: 10px;\n    color: #FFF;\n    padding: 2px 10px;\n    border-radius: 3px;\n}\n\n.recomendadorButtonFixed:after {\n    margin-top: -3px;\n    content: \"\u2192\";\n    padding: 0px 0px 0px 10px;\n}\n\n.recomendadorAlertFixed {\n    font-weight: 400;\n    text-align: center;\n    color: #484848;\n    font-size: 8px;\n}\n\n.recomendadorCloseFixed {\n    z-index: 99999;\n    display: none;\n    right: 0px;\n    left: inherit;\n    bottom: 99px;\n    position: fixed;\n    justify-content: center;\n    background: #F6F6F6;\n    width: 25px;\n    align-items: center;\n    height: 25px;\n    font-weight: 800;\n    border-radius: 50%;\n    border: 1px solid #EBEBEB;\n}\n\n.recomendadorV2Desc{\n    color: #000000;\n    margin: 20px 0px;\n}\n\n@media (max-width: 576px) {\n    .recomendadorV2Area {\n      padding: 10px;\n      max-width: 100%;\n    }\n  \n    .recomendadorV2Area1 img {\n      width: 100%;\n      border-radius: 6px;\n    }\n  \n    .recomendadorV2Area2 .recomendadorV2Type {\n      font-size: 9px;\n      letter-spacing: 1px;\n      margin: 8px 0;\n    }\n  \n    .recomendadorV2Title h2 {\n      font-size: 18px !important;\n      margin-bottom: 8px !important;\n      line-height: 1.2;\n    }\n  \n    .recomendadorV2Desc {\n      font-size: 14px;\n      margin: 8px 0 !important;\n      line-height: 1.4;\n    }\n  \n    .recomendadorV2Button {\n      font-size: 12px;\n      height: 30px;\n      padding: 0 12px;\n      max-width: 160px;\n    }\n  \n    .recomendadorV2Button:after {\n      padding-left: 6px;\n    }\n  }\n  <\/style>\n        <div class=\"lazyblock-recomendador-v2-2jDGz wp-block-lazyblock-recomendador-v2\">\n        <a class=\"linkrecomendadorv2\" href=\"https:\/\/diariodaregiao.com.br\/variedades\/erro-muito-comum-que-causa-a-perda-do-auxilio-doenca\/?utm_source=lazy\" target=\"_blank\" rel=\"noopener\">\n            <div class=\"recomendadorV2Area\">\n            <div class=\"recomendadorV2Area1\">\n                <div class=\"recomendadorV2Img\">\n                <img class=\"lazyloaded\" decoding=\"async\" src=\"https:\/\/diariodaregiao.com.br\/variedades\/wp-content\/uploads\/2026\/04\/shutterstock_1807711201-1920x1080-1-e1777319487652-1140x570.jpg\" data-src=\"https:\/\/diariodaregiao.com.br\/variedades\/wp-content\/uploads\/2026\/04\/shutterstock_1807711201-1920x1080-1-e1777319487652-1140x570.jpg\" alt=\"\">\n                <\/div>\n            <\/div>\n            <div class=\"recomendadorV2Area2\">\n                <div class=\"recomendadorV2Type\">\n                    <span>Aux\u00edlio Doen\u00e7a<\/span>\n                <\/div>\n                <div class=\"recomendadorV2Title\">\n                <h2><span>Erro fatal \u26a0\ufe0f<\/span><\/h2>\n                <\/div>\n                <div class=\"recomendadorV2Desc\">\n                <span>Veja o que pode cortar seu benef\u00edcio<\/span>\n                <\/div>\n                <div class=\"recomendadorV2Button\">Conferir agora<\/div>\n                <div class=\"recomendadorV2Alert\"><\/div>\n            <\/div>\n            <\/div>\n        <\/a>\n        <div>\n            <div style=\"z-index:99999;\" id=\"buttonClose\" onclick=\"closeRecomendadorFixed()\">\n            <div class=\"recomendadorCloseFixed\">X<\/div>\n            <\/div>\n            <a href=\"https:\/\/diariodaregiao.com.br\/variedades\/erro-muito-comum-que-causa-a-perda-do-auxilio-doenca\/?utm_source=lazy\" target=\"_blank\" rel=\"noopener\">\n            <div class=\"recomendadorFixedArea\">\n                <div id=\"recomendadorFixed\">\n                <div class=\"recomendadorLeftArea\">\n                    <div class=\"recomendadorImgFixed\">\n                    <img class=\"lazyload\" decoding=\"async\" src=\"https:\/\/diariodaregiao.com.br\/variedades\/wp-content\/uploads\/2026\/04\/shutterstock_1807711201-1920x1080-1-e1777319487652-1140x570.jpg\" alt=\"\">\n                    <\/div>\n                <\/div>\n                <div class=\"recomendadorRightArea\">\n                    <div class=\"recomendadorTitleFixed\">\n                    <h2><span>Erro fatal \u26a0\ufe0f<\/span><\/h2>\n                    <\/div>\n                    <div class=\"recomendadorButtonFixed\">Conferir agora<\/div>\n                    <div class=\"recomendadorAlertFixed\"><\/div>\n                <\/div>\n                <\/div>\n            <\/div>\n            <\/a>\n        <\/div>\n        <\/div>\n\n\n\n<ul class=\"wp-block-list\">\n<li>acompanhar o protocolo atrav\u00e9s do aplicativo Meu INSS;<\/li>\n\n\n\n<li>verificar com frequ\u00eancia se h\u00e1 documentos pendentes;<\/li>\n\n\n\n<li>guardar comprovantes do requerimento;<\/li>\n\n\n\n<li>registrar datas de movimenta\u00e7\u00e3o do processo;<\/li>\n\n\n\n<li>evitar abrir um novo pedido sem orienta\u00e7\u00e3o t\u00e9cnica;<\/li>\n\n\n\n<li>buscar advogado especializado para verificar medidas judiciais cab\u00edveis;<\/li>\n\n\n\n<li>Abrir um novo requerimento reinicia o prazo administrativo e pode aumentar o tempo de espera.<\/li>\n<\/ul>\n\n\n\n<h2 class=\"wp-block-heading\">Prazo para an\u00e1lise do INSS<\/h2>\n\n\n\n<p>O prazo administrativo para an\u00e1lise de benef\u00edcios, de acordo com o \u00f3rg\u00e3o, \u00e9 de 30 a 90 dias ap\u00f3s a abertura do protocolo. O tempo pode variar dependendo do tipo de solicita\u00e7\u00e3o, especialmente quando h\u00e1 necessidade de per\u00edcia m\u00e9dica, an\u00e1lise socioecon\u00f4mica, complementa\u00e7\u00e3o de documentos ou confer\u00eancia de v\u00ednculos trabalhistas.<\/p>\n\n\n\n<p>Caso o prazo for ultrapassado sem movimenta\u00e7\u00e3o, \u00e9 preciso verificar se existe alguma pend\u00eancia destacada no sistema. Lembrando que pessoas com idade avan\u00e7ada, condi\u00e7\u00f5es de vulnerabilidade social e portadoras de doen\u00e7as graves podem pedir prioridade.<\/p>\n\n\n\n<p>Dentre os benef\u00edcios que costumam apresentar um tempo de an\u00e1lise maior por conta de etapas adicionais de verifica\u00e7\u00e3o, constam:<\/p>\n\n\n\n<ul class=\"wp-block-list\">\n<li>benef\u00edcio por incapacidade tempor\u00e1ria;<\/li>\n\n\n\n<li>aposentadoria por incapacidade permanente;<\/li>\n\n\n\n<li>pens\u00e3o por morte;<\/li>\n\n\n\n<li>Benef\u00edcio de Presta\u00e7\u00e3o Continuada (BPC);<\/li>\n\n\n\n<li>Aposentadoria especial;<\/li>\n\n\n\n<li>Aposentadoria por tempo de contribui\u00e7\u00e3o.<\/li>\n<\/ul>\n","protected":false},"excerpt":{"rendered":"<p>Um erro que passa despercebido por muita gente, mas que \u00e9 bastante comum pode custar a lista de espera do INSS (Instituto Nacional do Seguro Social). Trata-se de preencher ou fornecer documentos errados ao entrar com pedido de benef\u00edcio no programa. Colocar os dados corretamente, assim como fornecer a documenta\u00e7\u00e3o pedida, evita que a solicita\u00e7\u00e3o [&hellip;]<\/p>\n","protected":false},"author":14,"featured_media":19882,"comment_status":"open","ping_status":"open","sticky":false,"template":"","format":"standard","meta":{"jnews-multi-image_gallery":[],"jnews_single_post":{"format":"standard"},"jnews_primary_category":[],"jnews_social_meta":[],"jnews_post_split":[],"footnotes":""},"categories":[1],"tags":[],"class_list":["post-23610","post","type-post","status-publish","format-standard","has-post-thumbnail","hentry","category-variedades"],"_links":{"self":[{"href":"https:\/\/diariodaregiao.audiencelabs.com.br\/wp-json\/wp\/v2\/posts\/23610","targetHints":{"allow":["GET"]}}],"collection":[{"href":"https:\/\/diariodaregiao.audiencelabs.com.br\/wp-json\/wp\/v2\/posts"}],"about":[{"href":"https:\/\/diariodaregiao.audiencelabs.com.br\/wp-json\/wp\/v2\/types\/post"}],"author":[{"embeddable":true,"href":"https:\/\/diariodaregiao.audiencelabs.com.br\/wp-json\/wp\/v2\/users\/14"}],"replies":[{"embeddable":true,"href":"https:\/\/diariodaregiao.audiencelabs.com.br\/wp-json\/wp\/v2\/comments?post=23610"}],"version-history":[{"count":2,"href":"https:\/\/diariodaregiao.audiencelabs.com.br\/wp-json\/wp\/v2\/posts\/23610\/revisions"}],"predecessor-version":[{"id":23639,"href":"https:\/\/diariodaregiao.audiencelabs.com.br\/wp-json\/wp\/v2\/posts\/23610\/revisions\/23639"}],"wp:featuredmedia":[{"embeddable":true,"href":"https:\/\/diariodaregiao.audiencelabs.com.br\/wp-json\/wp\/v2\/media\/19882"}],"wp:attachment":[{"href":"https:\/\/diariodaregiao.audiencelabs.com.br\/wp-json\/wp\/v2\/media?parent=23610"}],"wp:term":[{"taxonomy":"category","embeddable":true,"href":"https:\/\/diariodaregiao.audiencelabs.com.br\/wp-json\/wp\/v2\/categories?post=23610"},{"taxonomy":"post_tag","embeddable":true,"href":"https:\/\/diariodaregiao.audiencelabs.com.br\/wp-json\/wp\/v2\/tags?post=23610"}],"curies":[{"name":"wp","href":"https:\/\/api.w.org\/{rel}","templated":true}]}}