{"id":23613,"date":"2026-04-27T17:45:00","date_gmt":"2026-04-27T20:45:00","guid":{"rendered":"https:\/\/diariodaregiao.audiencelabs.com.br\/?p=23613"},"modified":"2026-04-27T17:32:27","modified_gmt":"2026-04-27T20:32:27","slug":"erro-muito-comum-que-causa-a-perda-do-auxilio-doenca","status":"publish","type":"post","link":"https:\/\/diariodaregiao.audiencelabs.com.br\/erro-muito-comum-que-causa-a-perda-do-auxilio-doenca\/","title":{"rendered":"Erro muito comum que causa a perda do aux\u00edlio-doen\u00e7a"},"content":{"rendered":"\n<p>O aux\u00edlio-doen\u00e7a, atualmente conhecido como Aux\u00edlio por Incapacidade Tempor\u00e1ria, \u00e9 um benef\u00edcio importante para trabalhadores que enfrentam dificuldades de sa\u00fade que os impedem de exercer suas atividades laborais.<\/p>\n\n\n\n<p>No entanto, muitos segurados cometem erros que podem levar \u00e0 perda desse benef\u00edcio. O principal motivo para a suspens\u00e3o do aux\u00edlio n\u00e3o \u00e9 uma den\u00fancia, mas sim o cruzamento de dados.<\/p>\n\n\n\n<h2 class=\"wp-block-heading\">Aux\u00edlio-doen\u00e7a em pauta<\/h2>\n\n\n\n<p>Quando a empresa efetua o pagamento de sal\u00e1rio ou recolhe o FGTS\/INSS enquanto o aux\u00edlio est\u00e1 ativo, o sistema do governo identifica a atividade remunerada e gera um bloqueio imediato por ind\u00edcio de irregularidade. Essa verifica\u00e7\u00e3o \u00e9 uma rotina do INSS para garantir que o benef\u00edcio seja concedido apenas a quem realmente necessita.<\/p>\n\n\n\n<h2 class=\"wp-block-heading\">Necessidade financeira e consequ\u00eancias legais<\/h2>\n\n\n\n<p>Muitos segurados tentam retornar ao trabalho antes da alta m\u00e9dica devido ao valor baixo do benef\u00edcio ou \u00e0 demora no pagamento. No entanto, legalmente, se a pessoa est\u00e1 apta a gerar renda, o INSS considera que a incapacidade cessou.<\/p>\n\n\n\n<p>Al\u00e9m de perder o aux\u00edlio, o segurado pode ser obrigado a devolver os valores recebidos durante o per\u00edodo em que trabalhou enquanto recebia o benef\u00edcio, o que pode gerar complica\u00e7\u00f5es financeiras. Exercer atividades informais, como bicos ou com\u00e9rcio, que exijam o mesmo esfor\u00e7o f\u00edsico ou mental que causou o afastamento, tamb\u00e9m pode resultar em perda do benef\u00edcio.<\/p>\n\n\n\n<p>Essas atividades podem ser usadas como prova de recupera\u00e7\u00e3o em uma eventual per\u00edcia de revis\u00e3o. Portanto, \u00e9 essencial que o segurado tenha cautela ao realizar qualquer atividade que possa ser interpretada como capaz de gerar renda.<\/p>\n\n\n\n<p>Se o segurado se sente apto a voltar ao trabalho antes do prazo estipulado na per\u00edcia, o procedimento correto \u00e9 solicitar a Alta Programada Antecipada ao INSS. Al\u00e9m disso, \u00e9 necess\u00e1rio passar pelo exame de retorno ao trabalho na empresa, onde o m\u00e9dico do trabalho emitir\u00e1 o Atestado de Sa\u00fade Ocupacional (ASO) como apto.<\/p>\n","protected":false},"excerpt":{"rendered":"<p>O aux\u00edlio-doen\u00e7a, atualmente conhecido como Aux\u00edlio por Incapacidade Tempor\u00e1ria, \u00e9 um benef\u00edcio importante para trabalhadores que enfrentam dificuldades de sa\u00fade que os impedem de exercer suas atividades laborais. No entanto, muitos segurados cometem erros que podem levar \u00e0 perda desse benef\u00edcio. O principal motivo para a suspens\u00e3o do aux\u00edlio n\u00e3o \u00e9 uma den\u00fancia, mas sim [&hellip;]<\/p>\n","protected":false},"author":4,"featured_media":23614,"comment_status":"open","ping_status":"open","sticky":false,"template":"","format":"standard","meta":{"jnews-multi-image_gallery":[],"jnews_single_post":{"format":"standard"},"jnews_primary_category":[],"jnews_social_meta":[],"jnews_post_split":[],"footnotes":""},"categories":[1],"tags":[],"class_list":["post-23613","post","type-post","status-publish","format-standard","has-post-thumbnail","hentry","category-variedades"],"_links":{"self":[{"href":"https:\/\/diariodaregiao.audiencelabs.com.br\/wp-json\/wp\/v2\/posts\/23613","targetHints":{"allow":["GET"]}}],"collection":[{"href":"https:\/\/diariodaregiao.audiencelabs.com.br\/wp-json\/wp\/v2\/posts"}],"about":[{"href":"https:\/\/diariodaregiao.audiencelabs.com.br\/wp-json\/wp\/v2\/types\/post"}],"author":[{"embeddable":true,"href":"https:\/\/diariodaregiao.audiencelabs.com.br\/wp-json\/wp\/v2\/users\/4"}],"replies":[{"embeddable":true,"href":"https:\/\/diariodaregiao.audiencelabs.com.br\/wp-json\/wp\/v2\/comments?post=23613"}],"version-history":[{"count":2,"href":"https:\/\/diariodaregiao.audiencelabs.com.br\/wp-json\/wp\/v2\/posts\/23613\/revisions"}],"predecessor-version":[{"id":23634,"href":"https:\/\/diariodaregiao.audiencelabs.com.br\/wp-json\/wp\/v2\/posts\/23613\/revisions\/23634"}],"wp:featuredmedia":[{"embeddable":true,"href":"https:\/\/diariodaregiao.audiencelabs.com.br\/wp-json\/wp\/v2\/media\/23614"}],"wp:attachment":[{"href":"https:\/\/diariodaregiao.audiencelabs.com.br\/wp-json\/wp\/v2\/media?parent=23613"}],"wp:term":[{"taxonomy":"category","embeddable":true,"href":"https:\/\/diariodaregiao.audiencelabs.com.br\/wp-json\/wp\/v2\/categories?post=23613"},{"taxonomy":"post_tag","embeddable":true,"href":"https:\/\/diariodaregiao.audiencelabs.com.br\/wp-json\/wp\/v2\/tags?post=23613"}],"curies":[{"name":"wp","href":"https:\/\/api.w.org\/{rel}","templated":true}]}}