{"id":23638,"date":"2026-04-28T06:30:00","date_gmt":"2026-04-28T09:30:00","guid":{"rendered":"https:\/\/diariodaregiao.audiencelabs.com.br\/?p=23638"},"modified":"2026-04-27T17:35:14","modified_gmt":"2026-04-27T20:35:14","slug":"vasco-mira-um-jogador-do-galo-e-outro-do-cruzeiro-para-ajudar-renato-gaucho","status":"publish","type":"post","link":"https:\/\/diariodaregiao.audiencelabs.com.br\/vasco-mira-um-jogador-do-galo-e-outro-do-cruzeiro-para-ajudar-renato-gaucho\/","title":{"rendered":"Vasco mira um jogador do Galo e outro do Cruzeiro para ajudar Renato Ga\u00facho"},"content":{"rendered":"\n<p>Atento ao mercado da bola, o Vasco da Gama avalia as poss\u00edveis movimenta\u00e7\u00f5es para fortalecer o elenco na segunda janela de transfer\u00eancias do ano. Sem poder esbanjar, o clube carioca trabalha com cautela nesse sentido, mirando nomes que possam agregar sem comprometer o planejamento da temporada.<\/p>\n\n\n\n<p>Diante desse cen\u00e1rio, dois jogadores entraram no radar do Gigante da Colina: Igor Gomes, que pertence ao Atl\u00e9tico Mineiro, e Walace, ligado ao Cruzeiro. Embora seja um meia-atacante, Igor \u00e9 vers\u00e1til e pode fazer mais de uma fun\u00e7\u00e3o, enquanto Walace \u00e9 um primeiro volante de origem, de menor mobilidade.<\/p>\n\n\n\n<p>Os dois surgem no horizonte cruzmaltino como oportunidades de mercado, ainda mais o cruzeirense que recentemente foi afastado por indisciplina e dificilmente ficar\u00e1 na agremia\u00e7\u00e3o mineira. Contratado com status de grande refor\u00e7o depois de anos nos gramados europeus, ele n\u00e3o conseguiu se firmar na Raposa.<\/p>\n\n\n<div class=\"wp-block-image\">\n<figure class=\"aligncenter size-large\"><img loading=\"lazy\" decoding=\"async\" width=\"1024\" height=\"683\" src=\"https:\/\/diariodaregiao.audiencelabs.com.br\/wp-content\/uploads\/2026\/03\/55155896186_89cf3bf725_h-1024x683.jpg\" alt=\"Renato Ga\u00facho\" class=\"wp-image-20418\" srcset=\"https:\/\/diariodaregiao.audiencelabs.com.br\/wp-content\/uploads\/2026\/03\/55155896186_89cf3bf725_h-1024x683.jpg 1024w, https:\/\/diariodaregiao.audiencelabs.com.br\/wp-content\/uploads\/2026\/03\/55155896186_89cf3bf725_h-300x200.jpg 300w, https:\/\/diariodaregiao.audiencelabs.com.br\/wp-content\/uploads\/2026\/03\/55155896186_89cf3bf725_h-768x512.jpg 768w, https:\/\/diariodaregiao.audiencelabs.com.br\/wp-content\/uploads\/2026\/03\/55155896186_89cf3bf725_h-1536x1024.jpg 1536w, https:\/\/diariodaregiao.audiencelabs.com.br\/wp-content\/uploads\/2026\/03\/55155896186_89cf3bf725_h-750x500.jpg 750w, https:\/\/diariodaregiao.audiencelabs.com.br\/wp-content\/uploads\/2026\/03\/55155896186_89cf3bf725_h-1140x760.jpg 1140w, https:\/\/diariodaregiao.audiencelabs.com.br\/wp-content\/uploads\/2026\/03\/55155896186_89cf3bf725_h.jpg 1600w\" sizes=\"auto, (max-width: 1024px) 100vw, 1024px\" \/><figcaption class=\"wp-element-caption\">Cr\u00e9ditos: Matheus Lima\/Vasco.<\/figcaption><\/figure>\n<\/div>\n\n\n<p>A diretoria vasca\u00edna, portanto, observa atentamente as situa\u00e7\u00f5es de ambos projetando possibilidades de avan\u00e7o. O clube entende que, se quiser sonhar com coisas grandes na temporada, \u00e9 preciso se refor\u00e7ar na janela que est\u00e1 por vir. Caso contr\u00e1rio, o cen\u00e1rio ser\u00e1 semelhante ao das jornadas anteriores.<\/p>\n\n\n\n<p>O Vasco tem oscilado em 2026. No Campeonato Brasileiro, por exemplo, s\u00e3o apenas 16 pontos conquistados, o que deixa o time na 10\u00aa posi\u00e7\u00e3o. At\u00e9 aqui, s\u00e3o quatro vit\u00f3rias, quatro empates e cinco derrotas, al\u00e9m de 18 gols marcados e 19 sofridos.<\/p>\n\n\n\n<h2 class=\"wp-block-heading\">Renato Ga\u00facho quer refor\u00e7os<\/h2>\n\n\n\n<p>Pouco depois de ser contratado, Renato foi questionado a respeito da chegada de refor\u00e7os e n\u00e3o titubeou. O t\u00e9cnico quer, sim, contar com mais pe\u00e7as de qualidade para fazer a equipe jogar um bom futebol e, consequentemente, conquistar bons resultados.<\/p>\n\n\n\n<p>Portaluppi n\u00e3o pensa em nomes badalados, at\u00e9 porque a condi\u00e7\u00e3o financeira do Cruzmaltino n\u00e3o permite luxos. Mas ele quer contar com atletas que possam acrescentar e ajudar o Vasco na sequ\u00eancia do calend\u00e1rio.<\/p>\n","protected":false},"excerpt":{"rendered":"<p>Atento ao mercado da bola, o Vasco da Gama avalia as poss\u00edveis movimenta\u00e7\u00f5es para fortalecer o elenco na segunda janela de transfer\u00eancias do ano. Sem poder esbanjar, o clube carioca trabalha com cautela nesse sentido, mirando nomes que possam agregar sem comprometer o planejamento da temporada. Diante desse cen\u00e1rio, dois jogadores entraram no radar do [&hellip;]<\/p>\n","protected":false},"author":14,"featured_media":13258,"comment_status":"open","ping_status":"open","sticky":false,"template":"","format":"standard","meta":{"jnews-multi-image_gallery":[],"jnews_single_post":{"format":"standard"},"jnews_primary_category":[],"jnews_social_meta":[],"jnews_post_split":[],"footnotes":""},"categories":[1],"tags":[],"class_list":["post-23638","post","type-post","status-publish","format-standard","has-post-thumbnail","hentry","category-variedades"],"_links":{"self":[{"href":"https:\/\/diariodaregiao.audiencelabs.com.br\/wp-json\/wp\/v2\/posts\/23638","targetHints":{"allow":["GET"]}}],"collection":[{"href":"https:\/\/diariodaregiao.audiencelabs.com.br\/wp-json\/wp\/v2\/posts"}],"about":[{"href":"https:\/\/diariodaregiao.audiencelabs.com.br\/wp-json\/wp\/v2\/types\/post"}],"author":[{"embeddable":true,"href":"https:\/\/diariodaregiao.audiencelabs.com.br\/wp-json\/wp\/v2\/users\/14"}],"replies":[{"embeddable":true,"href":"https:\/\/diariodaregiao.audiencelabs.com.br\/wp-json\/wp\/v2\/comments?post=23638"}],"version-history":[{"count":1,"href":"https:\/\/diariodaregiao.audiencelabs.com.br\/wp-json\/wp\/v2\/posts\/23638\/revisions"}],"predecessor-version":[{"id":23647,"href":"https:\/\/diariodaregiao.audiencelabs.com.br\/wp-json\/wp\/v2\/posts\/23638\/revisions\/23647"}],"wp:featuredmedia":[{"embeddable":true,"href":"https:\/\/diariodaregiao.audiencelabs.com.br\/wp-json\/wp\/v2\/media\/13258"}],"wp:attachment":[{"href":"https:\/\/diariodaregiao.audiencelabs.com.br\/wp-json\/wp\/v2\/media?parent=23638"}],"wp:term":[{"taxonomy":"category","embeddable":true,"href":"https:\/\/diariodaregiao.audiencelabs.com.br\/wp-json\/wp\/v2\/categories?post=23638"},{"taxonomy":"post_tag","embeddable":true,"href":"https:\/\/diariodaregiao.audiencelabs.com.br\/wp-json\/wp\/v2\/tags?post=23638"}],"curies":[{"name":"wp","href":"https:\/\/api.w.org\/{rel}","templated":true}]}}