{"id":23652,"date":"2026-04-28T07:58:00","date_gmt":"2026-04-28T10:58:00","guid":{"rendered":"https:\/\/diariodaregiao.audiencelabs.com.br\/?p=23652"},"modified":"2026-04-28T18:29:00","modified_gmt":"2026-04-28T21:29:00","slug":"volante-querido-por-ancelotti-tem-mais-gols-que-o-camisa-9-da-selecao-brasileira","status":"publish","type":"post","link":"https:\/\/diariodaregiao.audiencelabs.com.br\/volante-querido-por-ancelotti-tem-mais-gols-que-o-camisa-9-da-selecao-brasileira\/","title":{"rendered":"Volante querido por Ancelotti tem mais gols que o camisa 9 da Sele\u00e7\u00e3o Brasileira"},"content":{"rendered":"\n<p>Um dos \u201cqueridinhos\u201d de Carlo Ancelotti tem mais gols que um dos postulantes a camisa 9 da Sele\u00e7\u00e3o Brasileira. O detalhe, por\u00e9m, \u00e9 que n\u00e3o se trata de um atacante, mas sim de um volante: Casemiro, que tem mais gols na atual temporada do que Matheus Cunha, seu companheiro de Manchester United.<\/p>\n\n\n\n<p>O experiente meio-campista de 34 anos fez um dos gols da vit\u00f3ria dos Red Devils sobre o Brentford, por 2 a 1, nesta segunda-feira (27), pela Premier League &#8211; ali\u00e1s, ele foi um dos melhores em campo. Com isso, chegou a dez bolas na rede nesta jornada.<\/p>\n\n\n\n<p>Enquanto isso, Cunha, que joga mais avan\u00e7ado que o compatriota, anotou apenas oito tentos at\u00e9 aqui. O que \u00e9 bastante curioso, tendo em vista que Casemiro \u00e9 o primeiro volante e homem de conten\u00e7\u00e3o de Ancelotti e Cunha \u00e9 um dos nomes que devem ocupar as vagas de atacante na lista final do treinador italiano.<\/p>\n\n\n<div class=\"wp-block-image\">\n<figure class=\"aligncenter size-large\"><img loading=\"lazy\" decoding=\"async\" width=\"1024\" height=\"773\" src=\"https:\/\/diariodaregiao.audiencelabs.com.br\/wp-content\/uploads\/2026\/04\/SaveClip.App_601663483_18544974136039987_4947640128134066917_n-1-e1777323720399-1024x773.jpg\" alt=\"\" class=\"wp-image-23654\" srcset=\"https:\/\/diariodaregiao.audiencelabs.com.br\/wp-content\/uploads\/2026\/04\/SaveClip.App_601663483_18544974136039987_4947640128134066917_n-1-e1777323720399-1024x773.jpg 1024w, https:\/\/diariodaregiao.audiencelabs.com.br\/wp-content\/uploads\/2026\/04\/SaveClip.App_601663483_18544974136039987_4947640128134066917_n-1-e1777323720399-300x227.jpg 300w, https:\/\/diariodaregiao.audiencelabs.com.br\/wp-content\/uploads\/2026\/04\/SaveClip.App_601663483_18544974136039987_4947640128134066917_n-1-e1777323720399-768x580.jpg 768w, https:\/\/diariodaregiao.audiencelabs.com.br\/wp-content\/uploads\/2026\/04\/SaveClip.App_601663483_18544974136039987_4947640128134066917_n-1-e1777323720399-750x566.jpg 750w, https:\/\/diariodaregiao.audiencelabs.com.br\/wp-content\/uploads\/2026\/04\/SaveClip.App_601663483_18544974136039987_4947640128134066917_n-1-e1777323720399-1140x861.jpg 1140w, https:\/\/diariodaregiao.audiencelabs.com.br\/wp-content\/uploads\/2026\/04\/SaveClip.App_601663483_18544974136039987_4947640128134066917_n-1-e1777323720399.jpg 1200w\" sizes=\"auto, (max-width: 1024px) 100vw, 1024px\" \/><figcaption class=\"wp-element-caption\">Cr\u00e9ditos: Instagram\/Matheus Cunha<\/figcaption><\/figure>\n<\/div>\n\n\n<p>\u00c9 bem verdade que Matheus \u00e9 um atacante de mais mobilidade, que pode atuar at\u00e9 mesmo como um meia. Mas n\u00e3o deixa de chamar a aten\u00e7\u00e3o o fato de um primeiro volante ter mais gols em uma das principais competi\u00e7\u00f5es do mundo atualmente que um atacante.<\/p>\n\n\n\n<p>S\u00e3o n\u00fameros que preocupam a torcida brasileira, que j\u00e1 n\u00e3o anda muito contente com o desempenho dos atacantes do selecionado canarinho. Se Cunha n\u00e3o entrega gols, nomes como Endrick e Igor Thiago surgem como esperan\u00e7as para ajudar a conduzir o Brasil rumo ao hexa balan\u00e7ando as redes advers\u00e1rias.<\/p>\n\n\n\n<h2 class=\"wp-block-heading\">Convoca\u00e7\u00e3o de Ancelotti se aproxima<\/h2>\n\n\n\n<p>Falta menos de um m\u00eas para Carletto oficializar a convoca\u00e7\u00e3o definitiva para a disputa da Copa do Mundo de 2026. O an\u00fancio ser\u00e1 feito no dia 18 de maio.<\/p>\n\n\n\n<p>No dia 31 do mesmo m\u00eas, a Sele\u00e7\u00e3o far\u00e1 um amistoso contra o Panam\u00e1, no Maracan\u00e3, para se despedir do torcedor. Em seguida, passar\u00e1 a pensar somente no Mundial.<\/p>\n\n\n<style>@media (min-width: 992px) {\n    .recomendadorV2Area1 {\n        width: 280px;\n    }\n    .recomendadorV2Area2 {\n        padding: 0px 20px;\n        width: calc(100% - 280px);\n    }\n}\n\n@media (max-width: 992px) {\n    .recomendadorV2Button {\n        margin: 0 auto;\n    }\n    .recomendadorV2Area {\n        flex-direction: column;\n        text-align: center;\n    }\n    .recomendadorV2Area2 {\n        padding: 0px 20px;\n    }\n}\n\n.recomendadorV2Area {\n    background: #eeeeee3d;\n    border-radius: 10px;\n    padding: 15px;\n    display: flex;\n    margin: 15px auto;\n    border: 1px solid #00000014;\n    max-width: 800px;\n}\n\n.recomendadorV2Area1 img {\n    width: 280px;\n    height: auto;\n    border-radius: 8px;\n}\n\n.linkrecomendadorv2 {\n    text-decoration: none !important;\n}\n\n.recomendadorV2Area2 .recomendadorV2Type {\n    text-transform: uppercase;\n    font-weight: 500;\n    font-size: 11px;\n    letter-spacing: 2px;\n    color: #666;\n    margin: 12px 0;\n    display: block;\n}\n\n.recomendadorV2Title h2 {\n    padding-top: 0px !important;\n    margin: 0px !important;\n    border-left: none !important;\n    padding-left: 0px !important;\n    line-height: 1.3;\n    color: #000 !important;\n    font-size: 24px;\n    margin-bottom: 12px !important;\n}\n\n.recomendadorV2Desc {\n    color: #333;\n    margin: 12px 0px !important;\n    font-size: 15px;\n    line-height: 1.5;\n}\n\n.recomendadorV2Button {\n    width: auto;\n    max-width: 200px;\n    margin: 0;\n    display: inline-flex;\n    align-items: center;\n    background: #1D3557;\n    border-radius: 8px;\n    color: #fff;\n    height: 36px;\n    justify-content: center;\n    text-align: center;\n    font-size: 14px;\n    padding: 0 20px;\n    transition: background-color 0.2s ease;\n}\n\n.recomendadorV2Button:hover {\n    background: #2a4d7a;\n}\n\n.recomendadorV2Button:after {\n    margin-top: -2px;\n    content: \"\u2192\";\n    padding: 0px 0px 0px 8px;\n}\n\n.recomendadorV2Alert {\n    text-align: left;\n    font-size: 11px;\n    margin-top: 8px;\n    color: #666;\n}\n\n.recomendadorFixedArea {\n    width: 100%;\n    display: flex;\n    justify-content: center;\n    align-items: center;\n}\n\n@media (min-width: 992px) {\n    #recomendadorFixed {\n        width: 32% !important;\n        left: 5%;\n    }\n    .recomendadorCloseFixed{\n        right: inherit !important;\n        left: 378px !important;\n    }\n}\n\n#recomendadorFixed {\n    width: 90%;\n    box-shadow: 0 10px 20px 0px #00000057;\n    display: none;\n    height: 90px;\n    background: #F6F6F6;\n    position: fixed;\n    flex-direction: row;\n    bottom: 10px;\n    z-index: 9999;\n    border-radius: 16px;\n    padding: 7px 10px;\n}\n\n.recomendadorLeftArea {\n    width: 160px;\n}\n\n.recomendadorRightArea h2 {\n    padding-top: 0px;\n    margin: 2px 0px 4px 0px !important;\n    font-weight: 400;\n    text-align: center;\n    padding-left: 0px !important;\n    color: #000 !important;\n    border-left: none !important;\n    line-height: 20px;\n    font-size: 12px !important;\n}\n\n.recomendadorImgFixed {\n    overflow: hidden;\n    padding: 8px 6px;\n    height: 100%;\n}\n\n.recomendadorImgFixed img {\n    height: 100% !important;\n    border-radius: 16px;\n}\n\n.recomendadorRightArea {\n    padding-top: 6px;\n    display: flex;\n    width: calc(100% - 130px);\n    justify-content: space-between;\n    align-items: center;\n    flex-direction: column;\n}\n\n.recomendadorButtonFixed {\n    margin: 0 auto;\n    background: #1D3557;\n    width: 80%;\n    text-align: center;\n    font-size: 10px;\n    color: #FFF;\n    padding: 2px 10px;\n    border-radius: 3px;\n}\n\n.recomendadorButtonFixed:after {\n    margin-top: -3px;\n    content: \"\u2192\";\n    padding: 0px 0px 0px 10px;\n}\n\n.recomendadorAlertFixed {\n    font-weight: 400;\n    text-align: center;\n    color: #484848;\n    font-size: 8px;\n}\n\n.recomendadorCloseFixed {\n    z-index: 99999;\n    display: none;\n    right: 0px;\n    left: inherit;\n    bottom: 99px;\n    position: fixed;\n    justify-content: center;\n    background: #F6F6F6;\n    width: 25px;\n    align-items: center;\n    height: 25px;\n    font-weight: 800;\n    border-radius: 50%;\n    border: 1px solid #EBEBEB;\n}\n\n.recomendadorV2Desc{\n    color: #000000;\n    margin: 20px 0px;\n}\n\n@media (max-width: 576px) {\n    .recomendadorV2Area {\n      padding: 10px;\n      max-width: 100%;\n    }\n  \n    .recomendadorV2Area1 img {\n      width: 100%;\n      border-radius: 6px;\n    }\n  \n    .recomendadorV2Area2 .recomendadorV2Type {\n      font-size: 9px;\n      letter-spacing: 1px;\n      margin: 8px 0;\n    }\n  \n    .recomendadorV2Title h2 {\n      font-size: 18px !important;\n      margin-bottom: 8px !important;\n      line-height: 1.2;\n    }\n  \n    .recomendadorV2Desc {\n      font-size: 14px;\n      margin: 8px 0 !important;\n      line-height: 1.4;\n    }\n  \n    .recomendadorV2Button {\n      font-size: 12px;\n      height: 30px;\n      padding: 0 12px;\n      max-width: 160px;\n    }\n  \n    .recomendadorV2Button:after {\n      padding-left: 6px;\n    }\n  }\n  <\/style>\n        <div class=\"lazyblock-recomendador-v2-2jDGz wp-block-lazyblock-recomendador-v2\">\n        <a class=\"linkrecomendadorv2\" href=\"https:\/\/diariodaregiao.com.br\/variedades\/nova-lei-concede-aumento-para-policiais-militares-bombeiros-e-policiais-civis-do-distrito-federal\/?utm_source=lazy\" target=\"_blank\" rel=\"noopener\">\n            <div class=\"recomendadorV2Area\">\n            <div class=\"recomendadorV2Area1\">\n                <div class=\"recomendadorV2Img\">\n                <img class=\"lazyloaded\" decoding=\"async\" src=\"https:\/\/diariodaregiao.com.br\/variedades\/wp-content\/uploads\/2026\/04\/shutterstock_768405385-1140x570.jpg\" data-src=\"https:\/\/diariodaregiao.com.br\/variedades\/wp-content\/uploads\/2026\/04\/shutterstock_768405385-1140x570.jpg\" alt=\"\">\n                <\/div>\n            <\/div>\n            <div class=\"recomendadorV2Area2\">\n                <div class=\"recomendadorV2Type\">\n                    <span>Nova lei<\/span>\n                <\/div>\n                <div class=\"recomendadorV2Title\">\n                <h2><span>Aumento aprovado \ud83d\udcb0<\/span><\/h2>\n                <\/div>\n                <div class=\"recomendadorV2Desc\">\n                <span>Veja quem ter\u00e1 reajuste no DF<\/span>\n                <\/div>\n                <div class=\"recomendadorV2Button\">Conferir<\/div>\n                <div class=\"recomendadorV2Alert\"><\/div>\n            <\/div>\n            <\/div>\n        <\/a>\n        <div>\n            <div style=\"z-index:99999;\" id=\"buttonClose\" onclick=\"closeRecomendadorFixed()\">\n            <div class=\"recomendadorCloseFixed\">X<\/div>\n            <\/div>\n            <a href=\"https:\/\/diariodaregiao.com.br\/variedades\/nova-lei-concede-aumento-para-policiais-militares-bombeiros-e-policiais-civis-do-distrito-federal\/?utm_source=lazy\" target=\"_blank\" rel=\"noopener\">\n            <div class=\"recomendadorFixedArea\">\n                <div id=\"recomendadorFixed\">\n                <div class=\"recomendadorLeftArea\">\n                    <div class=\"recomendadorImgFixed\">\n                    <img class=\"lazyload\" decoding=\"async\" src=\"https:\/\/diariodaregiao.com.br\/variedades\/wp-content\/uploads\/2026\/04\/shutterstock_768405385-1140x570.jpg\" alt=\"\">\n                    <\/div>\n                <\/div>\n                <div class=\"recomendadorRightArea\">\n                    <div class=\"recomendadorTitleFixed\">\n                    <h2><span>Aumento aprovado \ud83d\udcb0<\/span><\/h2>\n                    <\/div>\n                    <div class=\"recomendadorButtonFixed\">Conferir<\/div>\n                    <div class=\"recomendadorAlertFixed\"><\/div>\n                <\/div>\n                <\/div>\n            <\/div>\n            <\/a>\n        <\/div>\n        <\/div>\n","protected":false},"excerpt":{"rendered":"<p>Um dos \u201cqueridinhos\u201d de Carlo Ancelotti tem mais gols que um dos postulantes a camisa 9 da Sele\u00e7\u00e3o Brasileira. O detalhe, por\u00e9m, \u00e9 que n\u00e3o se trata de um atacante, mas sim de um volante: Casemiro, que tem mais gols na atual temporada do que Matheus Cunha, seu companheiro de Manchester United. O experiente meio-campista [&hellip;]<\/p>\n","protected":false},"author":14,"featured_media":22178,"comment_status":"open","ping_status":"open","sticky":false,"template":"","format":"standard","meta":{"jnews-multi-image_gallery":[],"jnews_single_post":{"format":"standard"},"jnews_primary_category":[],"jnews_social_meta":[],"jnews_post_split":[],"footnotes":""},"categories":[1],"tags":[],"class_list":["post-23652","post","type-post","status-publish","format-standard","has-post-thumbnail","hentry","category-variedades"],"_links":{"self":[{"href":"https:\/\/diariodaregiao.audiencelabs.com.br\/wp-json\/wp\/v2\/posts\/23652","targetHints":{"allow":["GET"]}}],"collection":[{"href":"https:\/\/diariodaregiao.audiencelabs.com.br\/wp-json\/wp\/v2\/posts"}],"about":[{"href":"https:\/\/diariodaregiao.audiencelabs.com.br\/wp-json\/wp\/v2\/types\/post"}],"author":[{"embeddable":true,"href":"https:\/\/diariodaregiao.audiencelabs.com.br\/wp-json\/wp\/v2\/users\/14"}],"replies":[{"embeddable":true,"href":"https:\/\/diariodaregiao.audiencelabs.com.br\/wp-json\/wp\/v2\/comments?post=23652"}],"version-history":[{"count":2,"href":"https:\/\/diariodaregiao.audiencelabs.com.br\/wp-json\/wp\/v2\/posts\/23652\/revisions"}],"predecessor-version":[{"id":23816,"href":"https:\/\/diariodaregiao.audiencelabs.com.br\/wp-json\/wp\/v2\/posts\/23652\/revisions\/23816"}],"wp:featuredmedia":[{"embeddable":true,"href":"https:\/\/diariodaregiao.audiencelabs.com.br\/wp-json\/wp\/v2\/media\/22178"}],"wp:attachment":[{"href":"https:\/\/diariodaregiao.audiencelabs.com.br\/wp-json\/wp\/v2\/media?parent=23652"}],"wp:term":[{"taxonomy":"category","embeddable":true,"href":"https:\/\/diariodaregiao.audiencelabs.com.br\/wp-json\/wp\/v2\/categories?post=23652"},{"taxonomy":"post_tag","embeddable":true,"href":"https:\/\/diariodaregiao.audiencelabs.com.br\/wp-json\/wp\/v2\/tags?post=23652"}],"curies":[{"name":"wp","href":"https:\/\/api.w.org\/{rel}","templated":true}]}}