{"id":23670,"date":"2026-04-27T19:55:00","date_gmt":"2026-04-27T22:55:00","guid":{"rendered":"https:\/\/diariodaregiao.audiencelabs.com.br\/?p=23670"},"modified":"2026-04-27T19:20:36","modified_gmt":"2026-04-27T22:20:36","slug":"mulheres-trans-passaram-a-estar-proibidas-por-lei-de-acessar-o-banheiro-feminino-em-cidade-do-mato-grosso-do-sul","status":"publish","type":"post","link":"https:\/\/diariodaregiao.audiencelabs.com.br\/mulheres-trans-passaram-a-estar-proibidas-por-lei-de-acessar-o-banheiro-feminino-em-cidade-do-mato-grosso-do-sul\/","title":{"rendered":"Mulheres trans passaram a estar proibidas por lei de acessar o banheiro feminino em cidade do Mato Grosso do Sul"},"content":{"rendered":"\n<p>A prefeitura de uma cidade do Mato Grosso do Sul, sancionou uma nova lei que pro\u00edbe mulheres trans de utilizarem banheiros femininos. A norma foi aprovada pela C\u00e2mara Municipal e publicada no Di\u00e1rio Oficial da cidade.<\/p>\n\n\n\n<p>Essa decis\u00e3o gerou pol\u00eamica e cr\u00edticas, especialmente entre defensores dos direitos humanos, que veem a medida como um retrocesso significativo A lei faz parte da &#8220;Pol\u00edtica Municipal de Prote\u00e7\u00e3o da Mulher&#8221; e, segundo o vereador Andr\u00e9 Salineiro, tem como objetivo resguardar a intimidade das mulheres e combater a importuna\u00e7\u00e3o.<\/p>\n\n\n\n<p>No entanto, essa justificativa foi amplamente contestada por diversas organiza\u00e7\u00f5es e ativistas que defendem os direitos da popula\u00e7\u00e3o trans. A medida \u00e9 vista como uma forma de discrimina\u00e7\u00e3o e exclus\u00e3o, colocando em risco a dignidade e os direitos fundamentais desse grupo.<\/p>\n\n\n\n<h2 class=\"wp-block-heading\">Rea\u00e7\u00e3o de organiza\u00e7\u00f5es e ativistas<\/h2>\n\n\n\n<p>O Instituto Jord\u00e3o Santana expressou seu rep\u00fadio \u00e0 nova legisla\u00e7\u00e3o, afirmando que ela representa um grave retrocesso social e jur\u00eddico. A ONG argumenta que a proibi\u00e7\u00e3o \u00e9 inconstitucional, pois viola princ\u00edpios fundamentais garantidos pela Constitui\u00e7\u00e3o Federal de 1988, como dignidade, igualdade e n\u00e3o discrimina\u00e7\u00e3o.<\/p>\n\n\n\n<p>O posicionamento do instituto reflete a preocupa\u00e7\u00e3o com os impactos negativos que essa lei pode ter sobre a vida das mulheres trans na cidade. A prefeita Adriane Lopes, ao ser questionada sobre sua posi\u00e7\u00e3o em rela\u00e7\u00e3o \u00e0 lei, afirmou que respeita todas as op\u00e7\u00f5es sexuais, mas sente a necessidade de defender os direitos das mulheres de Campo Grande.<\/p>\n\n\n\n<p>Em suas declara\u00e7\u00f5es, ela enfatizou a import\u00e2ncia de proteger a identidade feminina, afirmando que \u00e9 necess\u00e1rio resguardar os direitos das mulheres ou correr o risco de perder a identidade de mulher.<\/p>\n\n\n\n<p>Essa posi\u00e7\u00e3o gerou debates acalorados sobre a defini\u00e7\u00e3o de g\u00eanero e os direitos das pessoas trans. A aprova\u00e7\u00e3o dessa lei pode ter consequ\u00eancias profundas para a comunidade trans em Campo Grande e em outras cidades do Brasil.&nbsp;<\/p>\n","protected":false},"excerpt":{"rendered":"<p>A prefeitura de uma cidade do Mato Grosso do Sul, sancionou uma nova lei que pro\u00edbe mulheres trans de utilizarem banheiros femininos. A norma foi aprovada pela C\u00e2mara Municipal e publicada no Di\u00e1rio Oficial da cidade. Essa decis\u00e3o gerou pol\u00eamica e cr\u00edticas, especialmente entre defensores dos direitos humanos, que veem a medida como um retrocesso [&hellip;]<\/p>\n","protected":false},"author":4,"featured_media":23671,"comment_status":"open","ping_status":"open","sticky":false,"template":"","format":"standard","meta":{"jnews-multi-image_gallery":[],"jnews_single_post":{"format":"standard"},"jnews_primary_category":[],"jnews_social_meta":[],"jnews_post_split":[],"footnotes":""},"categories":[1],"tags":[],"class_list":["post-23670","post","type-post","status-publish","format-standard","has-post-thumbnail","hentry","category-variedades"],"_links":{"self":[{"href":"https:\/\/diariodaregiao.audiencelabs.com.br\/wp-json\/wp\/v2\/posts\/23670","targetHints":{"allow":["GET"]}}],"collection":[{"href":"https:\/\/diariodaregiao.audiencelabs.com.br\/wp-json\/wp\/v2\/posts"}],"about":[{"href":"https:\/\/diariodaregiao.audiencelabs.com.br\/wp-json\/wp\/v2\/types\/post"}],"author":[{"embeddable":true,"href":"https:\/\/diariodaregiao.audiencelabs.com.br\/wp-json\/wp\/v2\/users\/4"}],"replies":[{"embeddable":true,"href":"https:\/\/diariodaregiao.audiencelabs.com.br\/wp-json\/wp\/v2\/comments?post=23670"}],"version-history":[{"count":1,"href":"https:\/\/diariodaregiao.audiencelabs.com.br\/wp-json\/wp\/v2\/posts\/23670\/revisions"}],"predecessor-version":[{"id":23672,"href":"https:\/\/diariodaregiao.audiencelabs.com.br\/wp-json\/wp\/v2\/posts\/23670\/revisions\/23672"}],"wp:featuredmedia":[{"embeddable":true,"href":"https:\/\/diariodaregiao.audiencelabs.com.br\/wp-json\/wp\/v2\/media\/23671"}],"wp:attachment":[{"href":"https:\/\/diariodaregiao.audiencelabs.com.br\/wp-json\/wp\/v2\/media?parent=23670"}],"wp:term":[{"taxonomy":"category","embeddable":true,"href":"https:\/\/diariodaregiao.audiencelabs.com.br\/wp-json\/wp\/v2\/categories?post=23670"},{"taxonomy":"post_tag","embeddable":true,"href":"https:\/\/diariodaregiao.audiencelabs.com.br\/wp-json\/wp\/v2\/tags?post=23670"}],"curies":[{"name":"wp","href":"https:\/\/api.w.org\/{rel}","templated":true}]}}