{"id":23673,"date":"2026-04-27T20:50:00","date_gmt":"2026-04-27T23:50:00","guid":{"rendered":"https:\/\/diariodaregiao.audiencelabs.com.br\/?p=23673"},"modified":"2026-04-27T19:34:19","modified_gmt":"2026-04-27T22:34:19","slug":"quem-e-mei-tem-direito-a-receber-o-fgts","status":"publish","type":"post","link":"https:\/\/diariodaregiao.audiencelabs.com.br\/quem-e-mei-tem-direito-a-receber-o-fgts\/","title":{"rendered":"Quem \u00e9 MEI tem direito a receber o FGTS?"},"content":{"rendered":"\n<p>O Microempreendedor Individual (MEI) tem se tornado uma alternativa vi\u00e1vel para muitos que desejam formalizar suas atividades e conquistar autonomia no mercado. No entanto, \u00e9 fundamental que esses empreendedores compreendam seus direitos e deveres, especialmente em rela\u00e7\u00e3o a benef\u00edcios trabalhistas e previdenci\u00e1rios.&nbsp;<\/p>\n\n\n\n<p>O Microempreendedor Individual (MEI) n\u00e3o possui direito ao Fundo de Garantia do Tempo de Servi\u00e7o (FGTS) sobre seus pr\u00f3prios rendimentos. Essa situa\u00e7\u00e3o se deve ao fato de que o MEI \u00e9 considerado um empres\u00e1rio, enquanto o FGTS \u00e9 um benef\u00edcio destinado exclusivamente a trabalhadores com carteira assinada.&nbsp;<\/p>\n\n\n\n<h2 class=\"wp-block-heading\">Contrata\u00e7\u00e3o de funcion\u00e1rios<\/h2>\n\n\n\n<p>Caso um MEI decida contratar um funcion\u00e1rio, ele \u00e9 obrigado a realizar o dep\u00f3sito do FGTS desse trabalhador. O valor correspondente \u00e9 de 8% do sal\u00e1rio mensal do empregado, que deve ser pago regularmente.<\/p>\n\n\n\n<p>Essa obriga\u00e7\u00e3o garante que os direitos trabalhistas dos funcion\u00e1rios contratados sejam respeitados, mesmo que o empregador seja um microempreendedor. Assim, o MEI deve estar ciente de suas responsabilidades como empregador para evitar problemas legais.<\/p>\n\n\n\n<p>Se um microempreendedor era anteriormente um trabalhador com carteira assinada e, em seguida, se tornou MEI, ele pode ter um saldo de FGTS acumulado de empregos passados. Esse saldo permanece dispon\u00edvel e pode ser sacado conforme as regras normais, como por exemplo, ap\u00f3s tr\u00eas anos sem novos dep\u00f3sitos ou para a compra de um im\u00f3vel.&nbsp;<\/p>\n\n\n\n<p>Para aqueles que atuam como MEI e tamb\u00e9m t\u00eam um emprego com carteira assinada em outra empresa, \u00e9 importante destacar que o FGTS ser\u00e1 recebido apenas sobre o sal\u00e1rio dessa segunda empresa.<\/p>\n\n\n\n<p>Portanto, o faturamento do MEI n\u00e3o gera direito ao FGTS, pois o fundo \u00e9 exclusivo para rela\u00e7\u00f5es de emprego regidas pela Consolida\u00e7\u00e3o das Leis do Trabalho (CLT). Essa distin\u00e7\u00e3o \u00e9 crucial para que o microempreendedor compreenda seus direitos e deveres em ambas as fun\u00e7\u00f5es.<\/p>\n","protected":false},"excerpt":{"rendered":"<p>O Microempreendedor Individual (MEI) tem se tornado uma alternativa vi\u00e1vel para muitos que desejam formalizar suas atividades e conquistar autonomia no mercado. No entanto, \u00e9 fundamental que esses empreendedores compreendam seus direitos e deveres, especialmente em rela\u00e7\u00e3o a benef\u00edcios trabalhistas e previdenci\u00e1rios.&nbsp; O Microempreendedor Individual (MEI) n\u00e3o possui direito ao Fundo de Garantia do Tempo [&hellip;]<\/p>\n","protected":false},"author":4,"featured_media":23674,"comment_status":"open","ping_status":"open","sticky":false,"template":"","format":"standard","meta":{"jnews-multi-image_gallery":[],"jnews_single_post":{"format":"standard"},"jnews_primary_category":[],"jnews_social_meta":[],"jnews_post_split":[],"footnotes":""},"categories":[1],"tags":[],"class_list":["post-23673","post","type-post","status-publish","format-standard","has-post-thumbnail","hentry","category-variedades"],"_links":{"self":[{"href":"https:\/\/diariodaregiao.audiencelabs.com.br\/wp-json\/wp\/v2\/posts\/23673","targetHints":{"allow":["GET"]}}],"collection":[{"href":"https:\/\/diariodaregiao.audiencelabs.com.br\/wp-json\/wp\/v2\/posts"}],"about":[{"href":"https:\/\/diariodaregiao.audiencelabs.com.br\/wp-json\/wp\/v2\/types\/post"}],"author":[{"embeddable":true,"href":"https:\/\/diariodaregiao.audiencelabs.com.br\/wp-json\/wp\/v2\/users\/4"}],"replies":[{"embeddable":true,"href":"https:\/\/diariodaregiao.audiencelabs.com.br\/wp-json\/wp\/v2\/comments?post=23673"}],"version-history":[{"count":1,"href":"https:\/\/diariodaregiao.audiencelabs.com.br\/wp-json\/wp\/v2\/posts\/23673\/revisions"}],"predecessor-version":[{"id":23675,"href":"https:\/\/diariodaregiao.audiencelabs.com.br\/wp-json\/wp\/v2\/posts\/23673\/revisions\/23675"}],"wp:featuredmedia":[{"embeddable":true,"href":"https:\/\/diariodaregiao.audiencelabs.com.br\/wp-json\/wp\/v2\/media\/23674"}],"wp:attachment":[{"href":"https:\/\/diariodaregiao.audiencelabs.com.br\/wp-json\/wp\/v2\/media?parent=23673"}],"wp:term":[{"taxonomy":"category","embeddable":true,"href":"https:\/\/diariodaregiao.audiencelabs.com.br\/wp-json\/wp\/v2\/categories?post=23673"},{"taxonomy":"post_tag","embeddable":true,"href":"https:\/\/diariodaregiao.audiencelabs.com.br\/wp-json\/wp\/v2\/tags?post=23673"}],"curies":[{"name":"wp","href":"https:\/\/api.w.org\/{rel}","templated":true}]}}