{"id":23680,"date":"2026-04-28T07:00:00","date_gmt":"2026-04-28T10:00:00","guid":{"rendered":"https:\/\/diariodaregiao.audiencelabs.com.br\/?p=23680"},"modified":"2026-04-27T20:40:12","modified_gmt":"2026-04-27T23:40:12","slug":"quem-e-mei-precisa-atender-a-esses-requisitos-para-poder-se-aposentar","status":"publish","type":"post","link":"https:\/\/diariodaregiao.audiencelabs.com.br\/quem-e-mei-precisa-atender-a-esses-requisitos-para-poder-se-aposentar\/","title":{"rendered":"Quem \u00e9 MEI precisa atender a esses requisitos para poder se aposentar"},"content":{"rendered":"\n<p>Para que um Microempreendedor Individual (MEI) possa se aposentar, \u00e9 necess\u00e1rio seguir requisitos espec\u00edficos estabelecidos pelo INSS. Com as novas regras p\u00f3s-reforma, as exig\u00eancias principais envolvem idade m\u00ednima e tempo de contribui\u00e7\u00e3o, que variam conforme o g\u00eanero do contribuinte.<\/p>\n\n\n\n<p>As mulheres devem atingir 62 anos de idade e ter pelo menos 15 anos de contribui\u00e7\u00e3o, totalizando 180 meses. J\u00e1 os homens precisam completar 65 anos de idade e, dependendo do momento em que come\u00e7aram a contribuir, devem ter 20 anos de contribui\u00e7\u00e3o se come\u00e7aram a pagar ap\u00f3s 13 de novembro de 2019. Para aqueles que j\u00e1 contribu\u00edam antes dessa data, o tempo de contribui\u00e7\u00e3o exigido \u00e9 de 15 anos.<\/p>\n\n\n\n<h2 class=\"wp-block-heading\">Import\u00e2ncia do Pagamento do DAS<\/h2>\n\n\n\n<p>Um aspecto fundamental para a contagem do tempo de contribui\u00e7\u00e3o \u00e9 o pagamento em dia do Documento de Arrecada\u00e7\u00e3o do Simples Nacional (DAS-MEI). O MEI s\u00f3 pode contabilizar o tempo de contribui\u00e7\u00e3o se as guias DAS estiverem pagas.<\/p>\n\n\n\n<p>O pagamento do DAS garante que 5% do sal\u00e1rio m\u00ednimo sejam destinados \u00e0 previd\u00eancia, o que \u00e9 essencial para a aposentadoria. A aposentadoria do MEI que paga apenas o DAS resulta em um sal\u00e1rio m\u00ednimo.<\/p>\n\n\n\n<p>Para aqueles que desejam aumentar o valor da aposentadoria, \u00e9 poss\u00edvel optar por uma guia complementar, que corresponde a 15% do sal\u00e1rio m\u00ednimo, utilizando o c\u00f3digo 1910. Essa complementa\u00e7\u00e3o \u00e9 uma estrat\u00e9gia para garantir uma aposentadoria com valor superior ao m\u00ednimo, permitindo que o MEI tenha um suporte financeiro mais robusto na aposentadoria.<\/p>\n\n\n\n<p>Os MEIs que trabalham em condi\u00e7\u00f5es insalubres, expostos a agentes nocivos, podem ter direito \u00e0 aposentadoria especial. Para isso, \u00e9 necess\u00e1rio complementar a contribui\u00e7\u00e3o total para atingir 20%, o que inclui os 5% do DAS e os 15% da guia complementar.<\/p>\n\n\n\n<p>Al\u00e9m disso, \u00e9 preciso comprovar a exposi\u00e7\u00e3o a esses agentes nocivos, o que pode ser feito por meio de laudos ou outros documentos que atestem as condi\u00e7\u00f5es de trabalho.<\/p>\n","protected":false},"excerpt":{"rendered":"<p>Para que um Microempreendedor Individual (MEI) possa se aposentar, \u00e9 necess\u00e1rio seguir requisitos espec\u00edficos estabelecidos pelo INSS. Com as novas regras p\u00f3s-reforma, as exig\u00eancias principais envolvem idade m\u00ednima e tempo de contribui\u00e7\u00e3o, que variam conforme o g\u00eanero do contribuinte. As mulheres devem atingir 62 anos de idade e ter pelo menos 15 anos de contribui\u00e7\u00e3o, [&hellip;]<\/p>\n","protected":false},"author":4,"featured_media":23681,"comment_status":"open","ping_status":"open","sticky":false,"template":"","format":"standard","meta":{"jnews-multi-image_gallery":[],"jnews_single_post":{"format":"standard"},"jnews_primary_category":[],"jnews_social_meta":[],"jnews_post_split":[],"footnotes":""},"categories":[1],"tags":[],"class_list":["post-23680","post","type-post","status-publish","format-standard","has-post-thumbnail","hentry","category-variedades"],"_links":{"self":[{"href":"https:\/\/diariodaregiao.audiencelabs.com.br\/wp-json\/wp\/v2\/posts\/23680","targetHints":{"allow":["GET"]}}],"collection":[{"href":"https:\/\/diariodaregiao.audiencelabs.com.br\/wp-json\/wp\/v2\/posts"}],"about":[{"href":"https:\/\/diariodaregiao.audiencelabs.com.br\/wp-json\/wp\/v2\/types\/post"}],"author":[{"embeddable":true,"href":"https:\/\/diariodaregiao.audiencelabs.com.br\/wp-json\/wp\/v2\/users\/4"}],"replies":[{"embeddable":true,"href":"https:\/\/diariodaregiao.audiencelabs.com.br\/wp-json\/wp\/v2\/comments?post=23680"}],"version-history":[{"count":1,"href":"https:\/\/diariodaregiao.audiencelabs.com.br\/wp-json\/wp\/v2\/posts\/23680\/revisions"}],"predecessor-version":[{"id":23682,"href":"https:\/\/diariodaregiao.audiencelabs.com.br\/wp-json\/wp\/v2\/posts\/23680\/revisions\/23682"}],"wp:featuredmedia":[{"embeddable":true,"href":"https:\/\/diariodaregiao.audiencelabs.com.br\/wp-json\/wp\/v2\/media\/23681"}],"wp:attachment":[{"href":"https:\/\/diariodaregiao.audiencelabs.com.br\/wp-json\/wp\/v2\/media?parent=23680"}],"wp:term":[{"taxonomy":"category","embeddable":true,"href":"https:\/\/diariodaregiao.audiencelabs.com.br\/wp-json\/wp\/v2\/categories?post=23680"},{"taxonomy":"post_tag","embeddable":true,"href":"https:\/\/diariodaregiao.audiencelabs.com.br\/wp-json\/wp\/v2\/tags?post=23680"}],"curies":[{"name":"wp","href":"https:\/\/api.w.org\/{rel}","templated":true}]}}