{"id":23689,"date":"2026-05-03T10:10:00","date_gmt":"2026-05-03T13:10:00","guid":{"rendered":"https:\/\/diariodaregiao.audiencelabs.com.br\/?p=23689"},"modified":"2026-04-27T21:11:47","modified_gmt":"2026-04-28T00:11:47","slug":"beneficiarios-do-bolsa-familia-que-possuem-direito-a-adicional-de-r-150-em-maio","status":"publish","type":"post","link":"https:\/\/diariodaregiao.audiencelabs.com.br\/beneficiarios-do-bolsa-familia-que-possuem-direito-a-adicional-de-r-150-em-maio\/","title":{"rendered":"Benefici\u00e1rios do Bolsa Fam\u00edlia que possuem direito a adicional de R$ 150 em maio"},"content":{"rendered":"\n<p>Em 2026, o programa Bolsa Fam\u00edlia oferece um adicional de R$ 150 para fam\u00edlias que atendem \u00e0s condi\u00e7\u00f5es do Benef\u00edcio Primeira Inf\u00e2ncia. Esse valor \u00e9 somado ao benef\u00edcio m\u00ednimo de R$ 600 por n\u00facleo familiar e \u00e9 destinado a fam\u00edlias com crian\u00e7as de at\u00e9 seis anos incompletos.&nbsp;<\/p>\n\n\n\n<h2 class=\"wp-block-heading\">Condi\u00e7\u00f5es para Receber o Adicional<\/h2>\n\n\n\n<p>Para ter direito ao adicional de R$ 150, as fam\u00edlias devem estar inscritas no Cadastro \u00danico (Cad\u00danico) e ter pelo menos uma crian\u00e7a de zero a seis anos incompletos registrada. Al\u00e9m disso, \u00e9 necess\u00e1rio manter o calend\u00e1rio nacional de vacina\u00e7\u00e3o atualizado e realizar o acompanhamento nutricional das crian\u00e7as menores de sete anos.<\/p>\n\n\n\n<p>Para gestantes, \u00e9 exigido que o pr\u00e9-natal seja realizado regularmente, garantindo que a sa\u00fade da m\u00e3e e do beb\u00ea esteja em dia. Outra condi\u00e7\u00e3o importante \u00e9 que crian\u00e7as e adolescentes de 4 a 17 anos devem cumprir a frequ\u00eancia escolar m\u00ednima estabelecida pelo programa.<\/p>\n\n\n\n<p>O n\u00e3o cumprimento dessas exig\u00eancias pode resultar no bloqueio do valor adicional, o que refor\u00e7a a necessidade de que as fam\u00edlias estejam atentas \u00e0s obriga\u00e7\u00f5es para garantir o recebimento do benef\u00edcio.<\/p>\n\n\n\n<h2 class=\"wp-block-heading\">Valores dos Benef\u00edcios<\/h2>\n\n\n\n<p>Os benef\u00edcios do Bolsa Fam\u00edlia s\u00e3o cumulativos, permitindo que uma fam\u00edlia receba diferentes adicionais, desde que cada integrante atenda aos crit\u00e9rios estabelecidos. Al\u00e9m do adicional de R$ 150 por crian\u00e7a de 0 a 6 anos, o programa tamb\u00e9m oferece R$ 50 por integrante de 7 a 18 anos incompletos, gestantes e nutrizes.<\/p>\n\n\n\n<p>Para beb\u00eas de at\u00e9 7 meses, h\u00e1 um benef\u00edcio espec\u00edfico de R$ 50, aumentando assim o suporte financeiro \u00e0s fam\u00edlias. Esses valores cumulativos s\u00e3o fundamentais para auxiliar as fam\u00edlias em situa\u00e7\u00e3o de vulnerabilidade social, pois proporcionam recursos que ajudam a atender necessidades b\u00e1sicas, como alimenta\u00e7\u00e3o, sa\u00fade e educa\u00e7\u00e3o.<\/p>\n\n\n\n<p>O Bolsa Fam\u00edlia atua como uma ferramenta essencial para garantir que essas fam\u00edlias tenham acesso a condi\u00e7\u00f5es m\u00ednimas de sobreviv\u00eancia e desenvolvimento.<\/p>\n","protected":false},"excerpt":{"rendered":"<p>Em 2026, o programa Bolsa Fam\u00edlia oferece um adicional de R$ 150 para fam\u00edlias que atendem \u00e0s condi\u00e7\u00f5es do Benef\u00edcio Primeira Inf\u00e2ncia. Esse valor \u00e9 somado ao benef\u00edcio m\u00ednimo de R$ 600 por n\u00facleo familiar e \u00e9 destinado a fam\u00edlias com crian\u00e7as de at\u00e9 seis anos incompletos.&nbsp; Condi\u00e7\u00f5es para Receber o Adicional Para ter direito [&hellip;]<\/p>\n","protected":false},"author":4,"featured_media":23690,"comment_status":"open","ping_status":"open","sticky":false,"template":"","format":"standard","meta":{"jnews-multi-image_gallery":[],"jnews_single_post":{"format":"standard"},"jnews_primary_category":[],"jnews_social_meta":[],"jnews_post_split":[],"footnotes":""},"categories":[1],"tags":[],"class_list":["post-23689","post","type-post","status-publish","format-standard","has-post-thumbnail","hentry","category-variedades"],"_links":{"self":[{"href":"https:\/\/diariodaregiao.audiencelabs.com.br\/wp-json\/wp\/v2\/posts\/23689","targetHints":{"allow":["GET"]}}],"collection":[{"href":"https:\/\/diariodaregiao.audiencelabs.com.br\/wp-json\/wp\/v2\/posts"}],"about":[{"href":"https:\/\/diariodaregiao.audiencelabs.com.br\/wp-json\/wp\/v2\/types\/post"}],"author":[{"embeddable":true,"href":"https:\/\/diariodaregiao.audiencelabs.com.br\/wp-json\/wp\/v2\/users\/4"}],"replies":[{"embeddable":true,"href":"https:\/\/diariodaregiao.audiencelabs.com.br\/wp-json\/wp\/v2\/comments?post=23689"}],"version-history":[{"count":2,"href":"https:\/\/diariodaregiao.audiencelabs.com.br\/wp-json\/wp\/v2\/posts\/23689\/revisions"}],"predecessor-version":[{"id":24197,"href":"https:\/\/diariodaregiao.audiencelabs.com.br\/wp-json\/wp\/v2\/posts\/23689\/revisions\/24197"}],"wp:featuredmedia":[{"embeddable":true,"href":"https:\/\/diariodaregiao.audiencelabs.com.br\/wp-json\/wp\/v2\/media\/23690"}],"wp:attachment":[{"href":"https:\/\/diariodaregiao.audiencelabs.com.br\/wp-json\/wp\/v2\/media?parent=23689"}],"wp:term":[{"taxonomy":"category","embeddable":true,"href":"https:\/\/diariodaregiao.audiencelabs.com.br\/wp-json\/wp\/v2\/categories?post=23689"},{"taxonomy":"post_tag","embeddable":true,"href":"https:\/\/diariodaregiao.audiencelabs.com.br\/wp-json\/wp\/v2\/tags?post=23689"}],"curies":[{"name":"wp","href":"https:\/\/api.w.org\/{rel}","templated":true}]}}