{"id":23699,"date":"2026-04-28T08:54:00","date_gmt":"2026-04-28T11:54:00","guid":{"rendered":"https:\/\/diariodaregiao.audiencelabs.com.br\/?p=23699"},"modified":"2026-04-27T22:43:23","modified_gmt":"2026-04-28T01:43:23","slug":"21-jogadores-famosos-que-perderam-a-copa-do-mundo-2022-por-lesao","status":"publish","type":"post","link":"https:\/\/diariodaregiao.audiencelabs.com.br\/21-jogadores-famosos-que-perderam-a-copa-do-mundo-2022-por-lesao\/","title":{"rendered":"21 jogadores famosos que perderam a Copa do Mundo 2022 por les\u00e3o"},"content":{"rendered":"\n<p>A Copa do Mundo de 2022 ficou marcada n\u00e3o apenas pelos jogos, mas tamb\u00e9m pela aus\u00eancia de 21 jogadores famosos que perderam o torneio por les\u00e3o, algo que impactou diretamente diversas sele\u00e7\u00f5es. No entanto, essas baixas aconteceram pouco antes da competi\u00e7\u00e3o e at\u00e9 mesmo durante a prepara\u00e7\u00e3o, mudando planos importantes.<\/p>\n\n\n\n<p>A lista de desfalques cresceu justamente nos dias que antecederam o Mundial, com sele\u00e7\u00f5es tendo que refazer estrat\u00e9gias \u00e0s pressas. A Fran\u00e7a, por exemplo, que foi a vice-campe\u00e3, acumulou perdas relevantes com N\u2019Golo Kant\u00e9, Paul Pogba, Karim Benzema e Christopher Nkunku, al\u00e9m de Boubacar Kamara, Presnel Kimpemb\u00e9 e Mike Maignan.<\/p>\n\n\n\n<h2 class=\"wp-block-heading\">Sele\u00e7\u00f5es mais afetadas por les\u00f5es antes da Copa<\/h2>\n\n\n\n<p>No caso franc\u00eas, o impacto foi ainda maior por envolver pe\u00e7as fundamentais e at\u00e9 mesmo o vencedor da Bola de Ouro, Karim Benzema. No entanto, outras campe\u00e3s do mundo tamb\u00e9m sofreram, j\u00e1 que todas tiveram ao menos um corte por problema f\u00edsico.<\/p>\n\n\n\n<p>A Alemanha perdeu nomes importantes como Marco Reus, que novamente ficou fora de um Mundial, al\u00e9m de Timo Werner e Florian Wirtz. J\u00e1 a Inglaterra n\u00e3o contou com Ben Chilwell e Reece James, enquanto a Espanha precisou cortar Jos\u00e9 Gay\u00e1 ap\u00f3s uma entorse no tornozelo.<\/p>\n\n\n\n<p>Entre sele\u00e7\u00f5es que buscavam protagonismo, a situa\u00e7\u00e3o tamb\u00e9m foi complicada, justamente por envolver atletas decisivos. A Holanda ficou sem Georginio Wijnaldum, enquanto Senegal perdeu Sadio Man\u00e9, um dos principais nomes do elenco.<\/p>\n\n\n\n<p><\/p>\n\n\n\n<h2 class=\"wp-block-heading\">Casos espec\u00edficos que chamaram aten\u00e7\u00e3o<\/h2>\n\n\n\n<p>A Argentina tamb\u00e9m teve mudan\u00e7as de \u00faltima hora na lista convocada por Lionel Scaloni. Nicol\u00e1s Gonz\u00e1lez e Joaqu\u00edn Correa foram cortados e substitu\u00eddos por Thiago Almada e \u00c1ngel Correa, que rapidamente se integraram ao grupo.<\/p>\n\n\n\n<p>No Uruguai, a preocupa\u00e7\u00e3o girou em torno de Ronald Ara\u00fajo, que chegou a treinar parcialmente, mas enfrentou incertezas por conta de les\u00e3o. J\u00e1 o Brasil teve a aus\u00eancia de Philippe Coutinho, que era esperado na convoca\u00e7\u00e3o, mas acabou fora por problema na coxa esquerda.<\/p>\n\n\n\n<p>Outras sele\u00e7\u00f5es tamb\u00e9m registraram baixas importantes, ainda que em menor n\u00famero, o que mostra como o problema foi generalizado. B\u00e9lgica perdeu Alexis Saelemaekers, Marrocos ficou sem Amine Harit e Portugal n\u00e3o contou com Diogo Jota.<\/p>\n\n\n\n<h2 class=\"wp-block-heading\">Poss\u00edveis aus\u00eancias e desfalques confirmados na Copa de 2026<\/h2>\n\n\n\n<p>Al\u00e9m dos desfalques de 2022, surgem discuss\u00f5es sobre atletas que podem ficar fora da pr\u00f3xima Copa do Mundo de 2026. Entre os nomes citados est\u00e3o <strong>Rodrygo, do Brasil, Ekitike, da Fran\u00e7a, e Xavi Simons, da Holanda.<\/strong><\/p>\n\n\n\n<p>Outros jogadores tamb\u00e9m aparecem como poss\u00edveis aus\u00eancias, ainda que sem confirma\u00e7\u00e3o concreta at\u00e9 o momento. Casos como <strong>Lamine Yamal, da Espanha, e \u00c9der Milit\u00e3o, do Brasil,<\/strong> s\u00e3o mencionados nesse cen\u00e1rio de incerteza.<\/p>\n\n\n\n<figure class=\"wp-block-image size-large\"><img loading=\"lazy\" decoding=\"async\" width=\"1024\" height=\"640\" src=\"https:\/\/diariodaregiao.audiencelabs.com.br\/wp-content\/uploads\/2026\/04\/militao-passara-por-cirurgia-na-finlandia-e-esta-fora-da-copa-do-mundo-1024x640.jpg\" alt=\"\" class=\"wp-image-23704\" srcset=\"https:\/\/diariodaregiao.audiencelabs.com.br\/wp-content\/uploads\/2026\/04\/militao-passara-por-cirurgia-na-finlandia-e-esta-fora-da-copa-do-mundo-1024x640.jpg 1024w, https:\/\/diariodaregiao.audiencelabs.com.br\/wp-content\/uploads\/2026\/04\/militao-passara-por-cirurgia-na-finlandia-e-esta-fora-da-copa-do-mundo-300x188.jpg 300w, https:\/\/diariodaregiao.audiencelabs.com.br\/wp-content\/uploads\/2026\/04\/militao-passara-por-cirurgia-na-finlandia-e-esta-fora-da-copa-do-mundo-768x480.jpg 768w, https:\/\/diariodaregiao.audiencelabs.com.br\/wp-content\/uploads\/2026\/04\/militao-passara-por-cirurgia-na-finlandia-e-esta-fora-da-copa-do-mundo-750x469.jpg 750w, https:\/\/diariodaregiao.audiencelabs.com.br\/wp-content\/uploads\/2026\/04\/militao-passara-por-cirurgia-na-finlandia-e-esta-fora-da-copa-do-mundo-1140x713.jpg 1140w, https:\/\/diariodaregiao.audiencelabs.com.br\/wp-content\/uploads\/2026\/04\/militao-passara-por-cirurgia-na-finlandia-e-esta-fora-da-copa-do-mundo.jpg 1280w\" sizes=\"auto, (max-width: 1024px) 100vw, 1024px\" \/><figcaption class=\"wp-element-caption\">Cr\u00e9ditos: Rafael Ribeiro\/CBF<\/figcaption><\/figure>\n\n\n\n<p>Esse tipo de situa\u00e7\u00e3o refor\u00e7a justamente como les\u00f5es podem mudar completamente o panorama de uma Copa do Mundo. No entanto, o hist\u00f3rico de 2022 mostra que at\u00e9 mesmo sele\u00e7\u00f5es favoritas precisam lidar com imprevistos significativos.<\/p>\n\n\n\n<p>Ao todo, os 21 jogadores que ficaram fora do torneio no Catar evidenciam um problema recorrente no futebol de alto n\u00edvel. At\u00e9 mesmo equipes campe\u00e3s e favoritas sofreram com baixas, o que acabou influenciando diretamente o desempenho dentro de campo.<\/p>\n","protected":false},"excerpt":{"rendered":"<p>A Copa do Mundo de 2022 ficou marcada n\u00e3o apenas pelos jogos, mas tamb\u00e9m pela aus\u00eancia de 21 jogadores famosos que perderam o torneio por les\u00e3o, algo que impactou diretamente diversas sele\u00e7\u00f5es. No entanto, essas baixas aconteceram pouco antes da competi\u00e7\u00e3o e at\u00e9 mesmo durante a prepara\u00e7\u00e3o, mudando planos importantes. A lista de desfalques cresceu [&hellip;]<\/p>\n","protected":false},"author":10,"featured_media":20004,"comment_status":"open","ping_status":"open","sticky":false,"template":"","format":"standard","meta":{"jnews-multi-image_gallery":[],"jnews_single_post":{"format":"standard"},"jnews_primary_category":[],"jnews_social_meta":[],"jnews_post_split":[],"footnotes":""},"categories":[1],"tags":[],"class_list":["post-23699","post","type-post","status-publish","format-standard","has-post-thumbnail","hentry","category-variedades"],"_links":{"self":[{"href":"https:\/\/diariodaregiao.audiencelabs.com.br\/wp-json\/wp\/v2\/posts\/23699","targetHints":{"allow":["GET"]}}],"collection":[{"href":"https:\/\/diariodaregiao.audiencelabs.com.br\/wp-json\/wp\/v2\/posts"}],"about":[{"href":"https:\/\/diariodaregiao.audiencelabs.com.br\/wp-json\/wp\/v2\/types\/post"}],"author":[{"embeddable":true,"href":"https:\/\/diariodaregiao.audiencelabs.com.br\/wp-json\/wp\/v2\/users\/10"}],"replies":[{"embeddable":true,"href":"https:\/\/diariodaregiao.audiencelabs.com.br\/wp-json\/wp\/v2\/comments?post=23699"}],"version-history":[{"count":1,"href":"https:\/\/diariodaregiao.audiencelabs.com.br\/wp-json\/wp\/v2\/posts\/23699\/revisions"}],"predecessor-version":[{"id":23705,"href":"https:\/\/diariodaregiao.audiencelabs.com.br\/wp-json\/wp\/v2\/posts\/23699\/revisions\/23705"}],"wp:featuredmedia":[{"embeddable":true,"href":"https:\/\/diariodaregiao.audiencelabs.com.br\/wp-json\/wp\/v2\/media\/20004"}],"wp:attachment":[{"href":"https:\/\/diariodaregiao.audiencelabs.com.br\/wp-json\/wp\/v2\/media?parent=23699"}],"wp:term":[{"taxonomy":"category","embeddable":true,"href":"https:\/\/diariodaregiao.audiencelabs.com.br\/wp-json\/wp\/v2\/categories?post=23699"},{"taxonomy":"post_tag","embeddable":true,"href":"https:\/\/diariodaregiao.audiencelabs.com.br\/wp-json\/wp\/v2\/tags?post=23699"}],"curies":[{"name":"wp","href":"https:\/\/api.w.org\/{rel}","templated":true}]}}