{"id":23710,"date":"2026-04-28T10:10:00","date_gmt":"2026-04-28T13:10:00","guid":{"rendered":"https:\/\/diariodaregiao.audiencelabs.com.br\/?p=23710"},"modified":"2026-04-27T23:21:42","modified_gmt":"2026-04-28T02:21:42","slug":"carlo-ancelotti-perde-coringa-da-selecao-brasileira-e-ninguem-sabe-quem-vai-substitui-lo","status":"publish","type":"post","link":"https:\/\/diariodaregiao.audiencelabs.com.br\/carlo-ancelotti-perde-coringa-da-selecao-brasileira-e-ninguem-sabe-quem-vai-substitui-lo\/","title":{"rendered":"Carlo Ancelotti perde coringa da Sele\u00e7\u00e3o Brasileira, e ningu\u00e9m sabe quem vai substitu\u00ed-lo"},"content":{"rendered":"\n<p>Carlo Ancelotti perdeu um jogador que \u00e9 considerado como um verdadeiro coringa da Sele\u00e7\u00e3o Brasileira, e justamente em um momento decisivo ningu\u00e9m sabe quem vai substitu\u00ed-lo, o que amplia a incerteza sobre o funcionamento da equipe. A aus\u00eancia levanta d\u00favidas relevantes dentro da comiss\u00e3o t\u00e9cnica, j\u00e1 que o jogador exercia uma fun\u00e7\u00e3o estrat\u00e9gica e dif\u00edcil de replicar.<\/p>\n\n\n\n<h2 class=\"wp-block-heading\">Les\u00e3o muda completamente os planos da comiss\u00e3o<\/h2>\n\n\n\n<p>A situa\u00e7\u00e3o envolve \u00c9der Milit\u00e3o, que n\u00e3o disputar\u00e1 a Copa do Mundo de 2026 ap\u00f3s optar por uma cirurgia, decis\u00e3o tomada depois de um per\u00edodo de reflex\u00e3o. No entanto, o defensor tamb\u00e9m considerou um tratamento conservador, que poderia permitir sua presen\u00e7a no torneio, mas com riscos elevados.<\/p>\n\n\n\n<p>Esse tratamento daria a Milit\u00e3o a chance de jogar o Mundial, mas apresentava risco de reca\u00edda, o que pesou diretamente na escolha final. At\u00e9 mesmo a avalia\u00e7\u00e3o m\u00e9dica apontou a cirurgia como a op\u00e7\u00e3o mais segura pensando na sequ\u00eancia da carreira do atleta.<\/p>\n\n\n\n<p>O procedimento ser\u00e1 realizado na Finl\u00e2ndia pelo ortopedista Lasse Lempainen, refer\u00eancia no tratamento de atletas de alto n\u00edvel. A previs\u00e3o \u00e9 de cerca de <strong>cinco meses<\/strong> de recupera\u00e7\u00e3o, o que inviabiliza sua participa\u00e7\u00e3o na competi\u00e7\u00e3o.<\/p>\n\n\n\n<p>A les\u00e3o ocorreu ap\u00f3s dores na perna esquerda durante jogo contra o Alav\u00e9s, pela La Liga. O diagn\u00f3stico apontou problema muscular no b\u00edceps femoral, conforme boletim m\u00e9dico divulgado pelo Real Madrid.<\/p>\n\n\n\n<figure class=\"wp-block-image size-large\"><img loading=\"lazy\" decoding=\"async\" width=\"1024\" height=\"639\" src=\"https:\/\/diariodaregiao.audiencelabs.com.br\/wp-content\/uploads\/2026\/04\/Eder-Militao-na-Selecao-Brasileira-scaled-aspect-ratio-512-320-1-1-1024x639.jpg\" alt=\"\" class=\"wp-image-23711\" srcset=\"https:\/\/diariodaregiao.audiencelabs.com.br\/wp-content\/uploads\/2026\/04\/Eder-Militao-na-Selecao-Brasileira-scaled-aspect-ratio-512-320-1-1-1024x639.jpg 1024w, https:\/\/diariodaregiao.audiencelabs.com.br\/wp-content\/uploads\/2026\/04\/Eder-Militao-na-Selecao-Brasileira-scaled-aspect-ratio-512-320-1-1-300x187.jpg 300w, https:\/\/diariodaregiao.audiencelabs.com.br\/wp-content\/uploads\/2026\/04\/Eder-Militao-na-Selecao-Brasileira-scaled-aspect-ratio-512-320-1-1-768x479.jpg 768w, https:\/\/diariodaregiao.audiencelabs.com.br\/wp-content\/uploads\/2026\/04\/Eder-Militao-na-Selecao-Brasileira-scaled-aspect-ratio-512-320-1-1-750x468.jpg 750w, https:\/\/diariodaregiao.audiencelabs.com.br\/wp-content\/uploads\/2026\/04\/Eder-Militao-na-Selecao-Brasileira-scaled-aspect-ratio-512-320-1-1-1140x712.jpg 1140w, https:\/\/diariodaregiao.audiencelabs.com.br\/wp-content\/uploads\/2026\/04\/Eder-Militao-na-Selecao-Brasileira-scaled-aspect-ratio-512-320-1-1.jpg 1200w\" sizes=\"auto, (max-width: 1024px) 100vw, 1024px\" \/><figcaption class=\"wp-element-caption\">Cr\u00e9ditos: Rafael Ribeiro\/CBF<\/figcaption><\/figure>\n\n\n\n<h2 class=\"wp-block-heading\">Coringa fazia diferen\u00e7a dentro e fora de campo<\/h2>\n\n\n\n<p>Milit\u00e3o era considerado homem de confian\u00e7a de Carlo Ancelotti, justamente por atuar em mais de uma fun\u00e7\u00e3o dentro de campo. Ele jogava como zagueiro e tamb\u00e9m como lateral-direito, sendo tratado como um verdadeiro coringa.<\/p>\n\n\n\n<p>Essa versatilidade permitia ajustes t\u00e1ticos importantes durante as partidas, sem necessidade de mudan\u00e7as imediatas. No entanto, sua aus\u00eancia compromete diretamente essa flexibilidade dentro da equipe.<\/p>\n\n\n\n<p>O cen\u00e1rio se agrava porque o jogador j\u00e1 havia sofrido reca\u00edda em dezembro de 2025, quando ficou quase quatro meses afastado. Isso aumenta a preocupa\u00e7\u00e3o com sua condi\u00e7\u00e3o f\u00edsica.<\/p>\n\n\n\n<p>Al\u00e9m disso, Vanderson, que vinha sendo convocado, tamb\u00e9m est\u00e1 fora da Copa por les\u00e3o. At\u00e9 mesmo a lateral-direita passa a ser um dos principais problemas da Sele\u00e7\u00e3o Brasileira.<\/p>\n\n\n\n<h2 class=\"wp-block-heading\">Substitui\u00e7\u00e3o vira inc\u00f3gnita dentro da Sele\u00e7\u00e3o<\/h2>\n\n\n\n<p>Diante desse cen\u00e1rio, a principal d\u00favida gira em torno de quem ser\u00e1 escolhido para substituir Milit\u00e3o, j\u00e1 que nenhuma defini\u00e7\u00e3o foi estabelecida at\u00e9 o momento. No entanto, algumas possibilidades come\u00e7am a ganhar for\u00e7a nos bastidores da equipe comandada por Carlo Ancelotti.<\/p>\n\n\n\n<p>Uma das alternativas consideradas \u00e9 a convoca\u00e7\u00e3o de um lateral-direito de origem, como <strong>Vitinho, do Botafogo<\/strong>, que aparece como um dos nomes monitorados. Outro jogador citado \u00e9 <strong>Paulo Henrique, do Vasco<\/strong>, que tamb\u00e9m surge como op\u00e7\u00e3o para assumir a fun\u00e7\u00e3o.<\/p>\n\n\n\n<p>Por outro lado, existe a possibilidade de utilizar zagueiros para suprir essa aus\u00eancia, o que mudaria a din\u00e2mica defensiva da equipe. <strong>Iba\u00f1ez<\/strong>, que atua no Al-Ahli, surge como uma op\u00e7\u00e3o relevante dentro desse contexto.<\/p>\n\n\n\n<p>Al\u00e9m dele, nomes como <strong>Thiago Silva<\/strong>, atualmente no Porto, <strong>L\u00e9o Ortiz<\/strong>, do Flamengo, e <strong>Bremer<\/strong>, da Juventus, tamb\u00e9m aparecem como alternativas analisadas. Cada um oferece caracter\u00edsticas espec\u00edficas, mas nenhum re\u00fane exatamente o mesmo conjunto de qualidades apresentado por Milit\u00e3o.<\/p>\n\n\n\n<p>Justamente por isso, a indefini\u00e7\u00e3o segue como um dos principais desafios para Carlo Ancelotti neste momento, exigindo decis\u00f5es r\u00e1pidas e estrat\u00e9gicas. At\u00e9 mesmo a montagem da equipe para a Copa do Mundo de 2026 passa a depender dessas escolhas, que ainda permanecem em aberto.<\/p>\n","protected":false},"excerpt":{"rendered":"<p>Carlo Ancelotti perdeu um jogador que \u00e9 considerado como um verdadeiro coringa da Sele\u00e7\u00e3o Brasileira, e justamente em um momento decisivo ningu\u00e9m sabe quem vai substitu\u00ed-lo, o que amplia a incerteza sobre o funcionamento da equipe. A aus\u00eancia levanta d\u00favidas relevantes dentro da comiss\u00e3o t\u00e9cnica, j\u00e1 que o jogador exercia uma fun\u00e7\u00e3o estrat\u00e9gica e dif\u00edcil [&hellip;]<\/p>\n","protected":false},"author":10,"featured_media":19040,"comment_status":"open","ping_status":"open","sticky":false,"template":"","format":"standard","meta":{"jnews-multi-image_gallery":[],"jnews_single_post":{"format":"standard"},"jnews_primary_category":[],"jnews_social_meta":[],"jnews_post_split":[],"footnotes":""},"categories":[1],"tags":[],"class_list":["post-23710","post","type-post","status-publish","format-standard","has-post-thumbnail","hentry","category-variedades"],"_links":{"self":[{"href":"https:\/\/diariodaregiao.audiencelabs.com.br\/wp-json\/wp\/v2\/posts\/23710","targetHints":{"allow":["GET"]}}],"collection":[{"href":"https:\/\/diariodaregiao.audiencelabs.com.br\/wp-json\/wp\/v2\/posts"}],"about":[{"href":"https:\/\/diariodaregiao.audiencelabs.com.br\/wp-json\/wp\/v2\/types\/post"}],"author":[{"embeddable":true,"href":"https:\/\/diariodaregiao.audiencelabs.com.br\/wp-json\/wp\/v2\/users\/10"}],"replies":[{"embeddable":true,"href":"https:\/\/diariodaregiao.audiencelabs.com.br\/wp-json\/wp\/v2\/comments?post=23710"}],"version-history":[{"count":1,"href":"https:\/\/diariodaregiao.audiencelabs.com.br\/wp-json\/wp\/v2\/posts\/23710\/revisions"}],"predecessor-version":[{"id":23712,"href":"https:\/\/diariodaregiao.audiencelabs.com.br\/wp-json\/wp\/v2\/posts\/23710\/revisions\/23712"}],"wp:featuredmedia":[{"embeddable":true,"href":"https:\/\/diariodaregiao.audiencelabs.com.br\/wp-json\/wp\/v2\/media\/19040"}],"wp:attachment":[{"href":"https:\/\/diariodaregiao.audiencelabs.com.br\/wp-json\/wp\/v2\/media?parent=23710"}],"wp:term":[{"taxonomy":"category","embeddable":true,"href":"https:\/\/diariodaregiao.audiencelabs.com.br\/wp-json\/wp\/v2\/categories?post=23710"},{"taxonomy":"post_tag","embeddable":true,"href":"https:\/\/diariodaregiao.audiencelabs.com.br\/wp-json\/wp\/v2\/tags?post=23710"}],"curies":[{"name":"wp","href":"https:\/\/api.w.org\/{rel}","templated":true}]}}