{"id":23713,"date":"2026-04-28T10:55:00","date_gmt":"2026-04-28T13:55:00","guid":{"rendered":"https:\/\/diariodaregiao.audiencelabs.com.br\/?p=23713"},"modified":"2026-04-28T01:02:01","modified_gmt":"2026-04-28T04:02:01","slug":"roger-machado-define-quatro-reforcos-para-o-sao-paulo-fc-trazer-no-meio-do-ano","status":"publish","type":"post","link":"https:\/\/diariodaregiao.audiencelabs.com.br\/roger-machado-define-quatro-reforcos-para-o-sao-paulo-fc-trazer-no-meio-do-ano\/","title":{"rendered":"Roger Machado define quatro refor\u00e7os para o S\u00e3o Paulo FC trazer no meio do ano"},"content":{"rendered":"\n<p>O t\u00e9cnico Roger Machado j\u00e1 definiu quatro refor\u00e7os que o S\u00e3o Paulo FC pretende buscar no meio do ano, justamente mirando mais qualidade e equil\u00edbrio no elenco. A informa\u00e7\u00e3o foi divulgada pelo &#8216;Blog do S\u00e3o Paulo&#8217;, que aponta o planejamento do clube para a pr\u00f3xima janela.<\/p>\n\n\n\n<p>Embora fale em tr\u00eas posi\u00e7\u00f5es como prioridade, o treinador acabou citando quatro possibilidades ao analisar o cen\u00e1rio do clube. Isso acontece porque o planejamento pode mudar caso ocorram sa\u00eddas importantes, o que exigiria reposi\u00e7\u00f5es adicionais ao longo do per\u00edodo.<\/p>\n\n\n\n<h2 class=\"wp-block-heading\">Posi\u00e7\u00f5es priorit\u00e1rias entram no radar<\/h2>\n\n\n\n<p>Como Roger j\u00e1 indicou, o S\u00e3o Paulo deve focar principalmente em um <strong>ponta<\/strong>, um <strong>meia <\/strong>ou <strong>volante <\/strong>com capacidade de marcar e atacar, al\u00e9m de um <strong>zagueiro<\/strong>. A defesa ganha aten\u00e7\u00e3o especial por conta da poss\u00edvel sa\u00edda de Arboleda, que abre uma lacuna importante no sistema.<\/p>\n\n\n\n<p>At\u00e9 mesmo a necessidade de um quarto refor\u00e7o surge de forma indireta, j\u00e1 que o treinador n\u00e3o descarta ajustes dependendo das movimenta\u00e7\u00f5es do elenco. Se algum jogador considerado fundamental deixar o clube, a diretoria pode ampliar o n\u00famero de contrata\u00e7\u00f5es.<\/p>\n\n\n\n<p>Essa flexibilidade no planejamento mostra que o S\u00e3o Paulo trabalha com diferentes cen\u00e1rios, algo comum em janelas de transfer\u00eancias mais movimentadas. No entanto, o foco inicial segue bem definido nas car\u00eancias j\u00e1 identificadas pela comiss\u00e3o t\u00e9cnica.<\/p>\n\n\n\n<h2 class=\"wp-block-heading\">Sa\u00eddas podem influenciar<\/h2>\n\n\n\n<p>O clube tamb\u00e9m sabe que precisar\u00e1 vender jogadores para atingir a meta de R$ 150 milh\u00f5es em comercializa\u00e7\u00e3o de atletas no meio do ano. Justamente por isso, o planejamento de refor\u00e7os est\u00e1 diretamente ligado \u00e0s poss\u00edveis negocia\u00e7\u00f5es que podem acontecer nos pr\u00f3ximos meses.<\/p>\n\n\n\n<p>Nomes como <strong>William Gomes, Sara, Tuta, Morato e Helinho<\/strong> aparecem como poss\u00edveis ativos no mercado, al\u00e9m de outros jogadores que atuam no exterior. At\u00e9 mesmo atletas como <strong>Matheus Alvez, Newerton, Ferreirinha, Welington e Juan<\/strong> entram nessa lista de poss\u00edveis movimenta\u00e7\u00f5es.<\/p>\n\n\n\n<p>Essas sa\u00eddas podem inflar o caixa do clube, seja por vendas diretas ou por participa\u00e7\u00e3o em direitos econ\u00f4micos de jogadores negociados fora do Brasil. No entanto, cada sa\u00edda relevante pode gerar uma nova necessidade dentro do elenco.<\/p>\n\n\n\n<p>Com isso, a diretoria trabalha em paralelo entre vender e repor, mantendo o equil\u00edbrio financeiro e esportivo do clube. Justamente esse cen\u00e1rio torna o planejamento mais din\u00e2mico e sujeito a mudan\u00e7as ao longo da janela.<\/p>\n\n\n\n<h2 class=\"wp-block-heading\">Nomes observados<\/h2>\n\n\n\n<p>Entre os jogadores monitorados, alguns j\u00e1 foram citados como alvos que agradam a Roger Machado. O zagueiro <strong>Willy Rocha<\/strong>, por exemplo, \u00e9 um nome que o treinador j\u00e1 tentou levar anteriormente e segue sendo bem avaliado.<\/p>\n\n\n\n<p>No setor ofensivo, <strong>Victor S\u00e1<\/strong> aparece como uma op\u00e7\u00e3o interessante para a ponta, especialmente por ficar livre no mercado. J\u00e1 no meio-campo, <strong>Thiago Maia<\/strong> surge como alternativa para a fun\u00e7\u00e3o de volante, com contrato se encerrando apenas no fim de 2026.<\/p>\n\n\n\n<figure class=\"wp-block-image size-large\"><img loading=\"lazy\" decoding=\"async\" width=\"1024\" height=\"768\" src=\"https:\/\/diariodaregiao.audiencelabs.com.br\/wp-content\/uploads\/2026\/04\/53112174071_3e46831326_o-e1691892581249-1-1024x768.png\" alt=\"\" class=\"wp-image-23075\" srcset=\"https:\/\/diariodaregiao.audiencelabs.com.br\/wp-content\/uploads\/2026\/04\/53112174071_3e46831326_o-e1691892581249-1-1024x768.png 1024w, https:\/\/diariodaregiao.audiencelabs.com.br\/wp-content\/uploads\/2026\/04\/53112174071_3e46831326_o-e1691892581249-1-300x225.png 300w, https:\/\/diariodaregiao.audiencelabs.com.br\/wp-content\/uploads\/2026\/04\/53112174071_3e46831326_o-e1691892581249-1-768x576.png 768w, https:\/\/diariodaregiao.audiencelabs.com.br\/wp-content\/uploads\/2026\/04\/53112174071_3e46831326_o-e1691892581249-1-750x563.png 750w, https:\/\/diariodaregiao.audiencelabs.com.br\/wp-content\/uploads\/2026\/04\/53112174071_3e46831326_o-e1691892581249-1-1140x855.png 1140w, https:\/\/diariodaregiao.audiencelabs.com.br\/wp-content\/uploads\/2026\/04\/53112174071_3e46831326_o-e1691892581249-1.png 1200w\" sizes=\"auto, (max-width: 1024px) 100vw, 1024px\" \/><figcaption class=\"wp-element-caption\">Cr\u00e9ditos: Vitor Silva\/Botafogo<\/figcaption><\/figure>\n\n\n\n<p>Esses nomes mostram justamente o perfil buscado pelo S\u00e3o Paulo, que prioriza atletas com experi\u00eancia e capacidade de agregar rapidamente ao elenco. At\u00e9 mesmo outras op\u00e7\u00f5es seguem sendo analisadas, ampliando o leque de possibilidades.<\/p>\n\n\n\n<p>Ao longo dos pr\u00f3ximos meses, o S\u00e3o Paulo FC deve intensificar esse planejamento, justamente alinhando sa\u00eddas e chegadas. At\u00e9 mesmo a defini\u00e7\u00e3o final dos quatro refor\u00e7os pode sofrer ajustes, mas a base j\u00e1 est\u00e1 clara dentro do clube.<\/p>\n","protected":false},"excerpt":{"rendered":"<p>O t\u00e9cnico Roger Machado j\u00e1 definiu quatro refor\u00e7os que o S\u00e3o Paulo FC pretende buscar no meio do ano, justamente mirando mais qualidade e equil\u00edbrio no elenco. A informa\u00e7\u00e3o foi divulgada pelo &#8216;Blog do S\u00e3o Paulo&#8217;, que aponta o planejamento do clube para a pr\u00f3xima janela. Embora fale em tr\u00eas posi\u00e7\u00f5es como prioridade, o treinador [&hellip;]<\/p>\n","protected":false},"author":10,"featured_media":22912,"comment_status":"open","ping_status":"open","sticky":false,"template":"","format":"standard","meta":{"jnews-multi-image_gallery":[],"jnews_single_post":{"format":"standard"},"jnews_primary_category":[],"jnews_social_meta":[],"jnews_post_split":[],"footnotes":""},"categories":[1],"tags":[],"class_list":["post-23713","post","type-post","status-publish","format-standard","has-post-thumbnail","hentry","category-variedades"],"_links":{"self":[{"href":"https:\/\/diariodaregiao.audiencelabs.com.br\/wp-json\/wp\/v2\/posts\/23713","targetHints":{"allow":["GET"]}}],"collection":[{"href":"https:\/\/diariodaregiao.audiencelabs.com.br\/wp-json\/wp\/v2\/posts"}],"about":[{"href":"https:\/\/diariodaregiao.audiencelabs.com.br\/wp-json\/wp\/v2\/types\/post"}],"author":[{"embeddable":true,"href":"https:\/\/diariodaregiao.audiencelabs.com.br\/wp-json\/wp\/v2\/users\/10"}],"replies":[{"embeddable":true,"href":"https:\/\/diariodaregiao.audiencelabs.com.br\/wp-json\/wp\/v2\/comments?post=23713"}],"version-history":[{"count":1,"href":"https:\/\/diariodaregiao.audiencelabs.com.br\/wp-json\/wp\/v2\/posts\/23713\/revisions"}],"predecessor-version":[{"id":23714,"href":"https:\/\/diariodaregiao.audiencelabs.com.br\/wp-json\/wp\/v2\/posts\/23713\/revisions\/23714"}],"wp:featuredmedia":[{"embeddable":true,"href":"https:\/\/diariodaregiao.audiencelabs.com.br\/wp-json\/wp\/v2\/media\/22912"}],"wp:attachment":[{"href":"https:\/\/diariodaregiao.audiencelabs.com.br\/wp-json\/wp\/v2\/media?parent=23713"}],"wp:term":[{"taxonomy":"category","embeddable":true,"href":"https:\/\/diariodaregiao.audiencelabs.com.br\/wp-json\/wp\/v2\/categories?post=23713"},{"taxonomy":"post_tag","embeddable":true,"href":"https:\/\/diariodaregiao.audiencelabs.com.br\/wp-json\/wp\/v2\/tags?post=23713"}],"curies":[{"name":"wp","href":"https:\/\/api.w.org\/{rel}","templated":true}]}}