{"id":23715,"date":"2026-04-28T11:45:00","date_gmt":"2026-04-28T14:45:00","guid":{"rendered":"https:\/\/diariodaregiao.audiencelabs.com.br\/?p=23715"},"modified":"2026-04-28T01:09:45","modified_gmt":"2026-04-28T04:09:45","slug":"caso-a-proposta-seja-aceita-carlo-ancelotti-tera-mais-um-desfalque-na-selecao-brasileira","status":"publish","type":"post","link":"https:\/\/diariodaregiao.audiencelabs.com.br\/caso-a-proposta-seja-aceita-carlo-ancelotti-tera-mais-um-desfalque-na-selecao-brasileira\/","title":{"rendered":"Caso a proposta seja aceita, Carlo Ancelotti ter\u00e1 mais um desfalque na Sele\u00e7\u00e3o Brasileira"},"content":{"rendered":"\n<p>A possibilidade de mais um desfalque na Sele\u00e7\u00e3o Brasileira j\u00e1 come\u00e7a a ganhar for\u00e7a nos bastidores, justamente em um momento delicado para Carlo Ancelotti. Caso essa tentadora proposta seja aceita, o treinador italiano pode perder uma pe\u00e7a importante, aumentando ainda mais os desafios \u00e0s v\u00e9speras de um cen\u00e1rio j\u00e1 considerado preocupante.<\/p>\n\n\n\n<p>Esse poss\u00edvel novo problema envolve <strong>Davide Ancelotti<\/strong>, que atualmente integra a comiss\u00e3o do pai, mas pode retomar a carreira como treinador principal na Europa. De acordo com informa\u00e7\u00f5es da R\u00e1dio Marca, ele est\u00e1 sendo avaliado pelo <strong>Rayo Vallecano<\/strong> para a pr\u00f3xima temporada, o que abre caminho para uma poss\u00edvel sa\u00edda.<\/p>\n\n\n\n<p>O clube espanhol busca alternativas diante da instabilidade de \u00cd\u00f1igo P\u00e9rez no comando t\u00e9cnico, e v\u00ea Davide como um nome promissor. No entanto, ainda n\u00e3o houve contato oficial, embora a diretoria enxergue com bons olhos sua experi\u00eancia no futebol de elite e sua capacidade de crescimento no cen\u00e1rio internacional.<\/p>\n\n\n\n<h2 class=\"wp-block-heading\">Trajet\u00f3ria recente de Davide Ancelotti<\/h2>\n\n\n\n<p>Antes de retornar \u00e0 comiss\u00e3o da sele\u00e7\u00e3o, Davide teve sua primeira experi\u00eancia como t\u00e9cnico principal no Botafogo em 2025. No comando da equipe, ele acumulou 14 vit\u00f3rias, 11 empates e sete derrotas, n\u00fameros que mostram uma passagem relativamente consistente, apesar de alguns obst\u00e1culos ao longo da temporada.<\/p>\n\n\n\n<p>Ele conseguiu levar o clube \u00e0 Pr\u00e9-Libertadores ao terminar o Brasileir\u00e3o na sexta coloca\u00e7\u00e3o, cumprindo um dos principais objetivos estabelecidos. No entanto, a elimina\u00e7\u00e3o nas quartas de final da Copa do Brasil para o Vasco, nos p\u00eanaltis, acabou marcando negativamente sua trajet\u00f3ria no per\u00edodo.<\/p>\n\n\n\n<p>A sa\u00edda do clube aconteceu no fim do ano passado, motivada por diverg\u00eancias internas relacionadas \u00e0 manuten\u00e7\u00e3o de membros de sua comiss\u00e3o t\u00e9cnica. Desde ent\u00e3o, Davide voltou a trabalhar ao lado de Carlo Ancelotti na Sele\u00e7\u00e3o Brasileira, onde, at\u00e9 o momento, a expectativa era de perman\u00eancia at\u00e9 a Copa do Mundo de 2026.<\/p>\n\n\n\n<figure class=\"wp-block-image size-large\"><img loading=\"lazy\" decoding=\"async\" width=\"1024\" height=\"640\" src=\"https:\/\/diariodaregiao.audiencelabs.com.br\/wp-content\/uploads\/2026\/04\/ao-vivo-acompanhe-a-apresentacao-de-davide-ancelotti-tecnico-do-botafogo-1-1024x640.jpg\" alt=\"\" class=\"wp-image-23716\" srcset=\"https:\/\/diariodaregiao.audiencelabs.com.br\/wp-content\/uploads\/2026\/04\/ao-vivo-acompanhe-a-apresentacao-de-davide-ancelotti-tecnico-do-botafogo-1-1024x640.jpg 1024w, https:\/\/diariodaregiao.audiencelabs.com.br\/wp-content\/uploads\/2026\/04\/ao-vivo-acompanhe-a-apresentacao-de-davide-ancelotti-tecnico-do-botafogo-1-300x188.jpg 300w, https:\/\/diariodaregiao.audiencelabs.com.br\/wp-content\/uploads\/2026\/04\/ao-vivo-acompanhe-a-apresentacao-de-davide-ancelotti-tecnico-do-botafogo-1-768x480.jpg 768w, https:\/\/diariodaregiao.audiencelabs.com.br\/wp-content\/uploads\/2026\/04\/ao-vivo-acompanhe-a-apresentacao-de-davide-ancelotti-tecnico-do-botafogo-1-750x469.jpg 750w, https:\/\/diariodaregiao.audiencelabs.com.br\/wp-content\/uploads\/2026\/04\/ao-vivo-acompanhe-a-apresentacao-de-davide-ancelotti-tecnico-do-botafogo-1-1140x713.jpg 1140w, https:\/\/diariodaregiao.audiencelabs.com.br\/wp-content\/uploads\/2026\/04\/ao-vivo-acompanhe-a-apresentacao-de-davide-ancelotti-tecnico-do-botafogo-1.jpg 1200w\" sizes=\"auto, (max-width: 1024px) 100vw, 1024px\" \/><figcaption class=\"wp-element-caption\">Cr\u00e9ditos: Vitor Silva\/Botafogo<\/figcaption><\/figure>\n\n\n\n<h2 class=\"wp-block-heading\">Repercuss\u00e3o internacional sobre desfalques<\/h2>\n\n\n\n<p>Enquanto a poss\u00edvel sa\u00edda de Davide surge como uma nova preocupa\u00e7\u00e3o, a Sele\u00e7\u00e3o Brasileira j\u00e1 enfrenta uma s\u00e9rie de dificuldades importantes. O jornal espanhol AS destacou os problemas recentes de Carlo Ancelotti, principalmente com o aumento da lista de aus\u00eancias a cerca de 50 dias do in\u00edcio do Mundial.<\/p>\n\n\n\n<p>A perda mais recente foi a de <strong>\u00c9der Milit\u00e3o<\/strong>, que sofreu uma les\u00e3o muscular na coxa esquerda e ser\u00e1 submetido a cirurgia na Finl\u00e2ndia. O zagueiro deve ficar fora dos gramados por aproximadamente cinco meses, o que compromete ainda mais o planejamento defensivo da equipe.<\/p>\n\n\n\n<p>Al\u00e9m dele, <strong>Rodrygo<\/strong> tamb\u00e9m est\u00e1 fora ap\u00f3s uma ruptura no ligamento cruzado anterior. J\u00e1 <strong>Est\u00eav\u00e3o <\/strong>e <strong>Alisson<\/strong> aparecem como d\u00favidas. At\u00e9 mesmo Vitor Roque foi citado, visto que era um dos observados mas que agora s\u00f3 deve retornar ao Palmeiras depois da Copa, ap\u00f3s duas les\u00f5es consecutivas no tornozelo esquerdo.<\/p>\n\n\n\n<h2 class=\"wp-block-heading\">Impacto dentro e fora de campo<\/h2>\n\n\n\n<p>Diante desse cen\u00e1rio, Ancelotti tem sido obrigado a testar alternativas, inclusive durante amistosos recentes. O treinador utilizou as partidas contra Fran\u00e7a e Cro\u00e1cia para experimentar uma nova linha defensiva, mas os resultados n\u00e3o foram os esperados.<\/p>\n\n\n\n<p>A publica\u00e7\u00e3o espanhola destacou que o Brasil deixou muitas d\u00favidas nessas partidas, justamente por conta da dificuldade em encontrar uma forma\u00e7\u00e3o s\u00f3lida. A aus\u00eancia de jogadores importantes tem impactado diretamente o desempenho coletivo, sobretudo na organiza\u00e7\u00e3o defensiva da equipe.<\/p>\n","protected":false},"excerpt":{"rendered":"<p>A possibilidade de mais um desfalque na Sele\u00e7\u00e3o Brasileira j\u00e1 come\u00e7a a ganhar for\u00e7a nos bastidores, justamente em um momento delicado para Carlo Ancelotti. Caso essa tentadora proposta seja aceita, o treinador italiano pode perder uma pe\u00e7a importante, aumentando ainda mais os desafios \u00e0s v\u00e9speras de um cen\u00e1rio j\u00e1 considerado preocupante. Esse poss\u00edvel novo problema [&hellip;]<\/p>\n","protected":false},"author":10,"featured_media":19628,"comment_status":"open","ping_status":"open","sticky":false,"template":"","format":"standard","meta":{"jnews-multi-image_gallery":[],"jnews_single_post":{"format":"standard"},"jnews_primary_category":[],"jnews_social_meta":[],"jnews_post_split":[],"footnotes":""},"categories":[1],"tags":[],"class_list":["post-23715","post","type-post","status-publish","format-standard","has-post-thumbnail","hentry","category-variedades"],"_links":{"self":[{"href":"https:\/\/diariodaregiao.audiencelabs.com.br\/wp-json\/wp\/v2\/posts\/23715","targetHints":{"allow":["GET"]}}],"collection":[{"href":"https:\/\/diariodaregiao.audiencelabs.com.br\/wp-json\/wp\/v2\/posts"}],"about":[{"href":"https:\/\/diariodaregiao.audiencelabs.com.br\/wp-json\/wp\/v2\/types\/post"}],"author":[{"embeddable":true,"href":"https:\/\/diariodaregiao.audiencelabs.com.br\/wp-json\/wp\/v2\/users\/10"}],"replies":[{"embeddable":true,"href":"https:\/\/diariodaregiao.audiencelabs.com.br\/wp-json\/wp\/v2\/comments?post=23715"}],"version-history":[{"count":1,"href":"https:\/\/diariodaregiao.audiencelabs.com.br\/wp-json\/wp\/v2\/posts\/23715\/revisions"}],"predecessor-version":[{"id":23717,"href":"https:\/\/diariodaregiao.audiencelabs.com.br\/wp-json\/wp\/v2\/posts\/23715\/revisions\/23717"}],"wp:featuredmedia":[{"embeddable":true,"href":"https:\/\/diariodaregiao.audiencelabs.com.br\/wp-json\/wp\/v2\/media\/19628"}],"wp:attachment":[{"href":"https:\/\/diariodaregiao.audiencelabs.com.br\/wp-json\/wp\/v2\/media?parent=23715"}],"wp:term":[{"taxonomy":"category","embeddable":true,"href":"https:\/\/diariodaregiao.audiencelabs.com.br\/wp-json\/wp\/v2\/categories?post=23715"},{"taxonomy":"post_tag","embeddable":true,"href":"https:\/\/diariodaregiao.audiencelabs.com.br\/wp-json\/wp\/v2\/tags?post=23715"}],"curies":[{"name":"wp","href":"https:\/\/api.w.org\/{rel}","templated":true}]}}