{"id":23723,"date":"2026-04-28T12:58:00","date_gmt":"2026-04-28T15:58:00","guid":{"rendered":"https:\/\/diariodaregiao.audiencelabs.com.br\/?p=23723"},"modified":"2026-04-28T11:48:43","modified_gmt":"2026-04-28T14:48:43","slug":"foi-cotado-para-assumir-a-selecao-brasileira-e-agora-virou-favorito-para-treinar-o-real-madrid","status":"publish","type":"post","link":"https:\/\/diariodaregiao.audiencelabs.com.br\/foi-cotado-para-assumir-a-selecao-brasileira-e-agora-virou-favorito-para-treinar-o-real-madrid\/","title":{"rendered":"Foi cotado para assumir a Sele\u00e7\u00e3o Brasileira e agora virou favorito para treinar o Real Madrid"},"content":{"rendered":"\n<p>A possibilidade de ver um t\u00e9cnico que j\u00e1 foi cotado para assumir a Sele\u00e7\u00e3o Brasileira agora se tornar favorito para comandar o Real Madrid voltou a ganhar for\u00e7a no notici\u00e1rio recente. Justamente ap\u00f3s perder espa\u00e7o no planejamento da equipe nacional, um novo nome reaparece com peso no cen\u00e1rio europeu, indicando uma reviravolta curiosa em sua trajet\u00f3ria recente.<\/p>\n\n\n\n<p>Essa mudan\u00e7a de cen\u00e1rio come\u00e7a a ser explicada a partir da perman\u00eancia de Carlo Ancelotti no clube espanhol na \u00e9poca, o que alterou completamente os planos da CBF. Antes visto como alternativa ap\u00f3s a indefini\u00e7\u00e3o envolvendo o italiano, <strong>Jos\u00e9 Mourinho<\/strong> chegou a ser citado pela imprensa e at\u00e9 mesmo sondado de forma indireta.<\/p>\n\n\n\n<h2 class=\"wp-block-heading\">Consulta da CBF e negativa do treinador<\/h2>\n\n\n\n<p>Durante o per\u00edodo de indefini\u00e7\u00e3o, o nome de Mourinho surgiu entre os poss\u00edveis substitutos para o comando da Sele\u00e7\u00e3o Brasileira, especialmente enquanto o futuro de Ancelotti ainda era debatido. Inclusive, houve consulta da CBF ao empres\u00e1rio Jorge Mendes sobre a situa\u00e7\u00e3o do treinador portugu\u00eas, segundo informa\u00e7\u00f5es publicadas.<\/p>\n\n\n\n<p>Apesar disso, o portugu\u00eas tratou de esfriar qualquer possibilidade ao afirmar que n\u00e3o foi procurado diretamente para assumir o cargo. Ele destacou que orientou seu agente a n\u00e3o negociar enquanto n\u00e3o houvesse um interesse concreto, deixando claro que n\u00e3o havia avan\u00e7o real nas conversas naquele momento.<\/p>\n\n\n\n<p>A situa\u00e7\u00e3o tamb\u00e9m era influenciada por fatores internos da CBF, que enfrentava um impasse institucional ap\u00f3s a sa\u00edda de Ednaldo Rodrigues da presid\u00eancia. Com isso, o futuro da sele\u00e7\u00e3o ficou indefinido, mesmo com nomes como Reinaldo Carneiro Bastos e Fl\u00e1vio Zveiter sendo apontados como poss\u00edveis candidatos \u00e0 elei\u00e7\u00e3o.<\/p>\n\n\n\n<figure class=\"wp-block-image size-large\"><img loading=\"lazy\" decoding=\"async\" width=\"1024\" height=\"683\" src=\"https:\/\/diariodaregiao.audiencelabs.com.br\/wp-content\/uploads\/2026\/04\/Jose_Mourinho_-_\u0416\u043e\u0437\u0435_\u041c\u043e\u0443\u0440\u0438\u043d\u044c\u044e_22164519268-1-1024x683.jpg\" alt=\"\" class=\"wp-image-23724\" srcset=\"https:\/\/diariodaregiao.audiencelabs.com.br\/wp-content\/uploads\/2026\/04\/Jose_Mourinho_-_\u0416\u043e\u0437\u0435_\u041c\u043e\u0443\u0440\u0438\u043d\u044c\u044e_22164519268-1-1024x683.jpg 1024w, https:\/\/diariodaregiao.audiencelabs.com.br\/wp-content\/uploads\/2026\/04\/Jose_Mourinho_-_\u0416\u043e\u0437\u0435_\u041c\u043e\u0443\u0440\u0438\u043d\u044c\u044e_22164519268-1-300x200.jpg 300w, https:\/\/diariodaregiao.audiencelabs.com.br\/wp-content\/uploads\/2026\/04\/Jose_Mourinho_-_\u0416\u043e\u0437\u0435_\u041c\u043e\u0443\u0440\u0438\u043d\u044c\u044e_22164519268-1-768x512.jpg 768w, https:\/\/diariodaregiao.audiencelabs.com.br\/wp-content\/uploads\/2026\/04\/Jose_Mourinho_-_\u0416\u043e\u0437\u0435_\u041c\u043e\u0443\u0440\u0438\u043d\u044c\u044e_22164519268-1-750x500.jpg 750w, https:\/\/diariodaregiao.audiencelabs.com.br\/wp-content\/uploads\/2026\/04\/Jose_Mourinho_-_\u0416\u043e\u0437\u0435_\u041c\u043e\u0443\u0440\u0438\u043d\u044c\u044e_22164519268-1-1140x761.jpg 1140w, https:\/\/diariodaregiao.audiencelabs.com.br\/wp-content\/uploads\/2026\/04\/Jose_Mourinho_-_\u0416\u043e\u0437\u0435_\u041c\u043e\u0443\u0440\u0438\u043d\u044c\u044e_22164519268-1.jpg 1199w\" sizes=\"auto, (max-width: 1024px) 100vw, 1024px\" \/><figcaption class=\"wp-element-caption\">Cr\u00e9ditos: Wikimedia Commons<\/figcaption><\/figure>\n\n\n\n<h2 class=\"wp-block-heading\">Mudan\u00e7as no Real Madrid<\/h2>\n\n\n\n<p>Enquanto isso, o cen\u00e1rio no Real Madrid come\u00e7ou a mudar justamente com resultados abaixo do esperado na temporada. A equipe, sob comando de \u00c1lvaro Arbeloa, n\u00e3o conseguiu acompanhar o Barcelona na LaLiga e ainda foi eliminada da Champions, aumentando a press\u00e3o interna.<\/p>\n\n\n\n<p>Essa sequ\u00eancia negativa fez com que o presidente Florentino P\u00e9rez passasse a avaliar mudan\u00e7as profundas no comando t\u00e9cnico. Justamente nesse contexto, o nome de Mourinho ganhou for\u00e7a como principal favorito para assumir o cargo na pr\u00f3xima temporada, mesmo sem unanimidade dentro do clube.<\/p>\n\n\n\n<p>A poss\u00edvel sa\u00edda de Arbeloa e a necessidade de reformula\u00e7\u00e3o abriram espa\u00e7o para um perfil mais experiente, algo que Mourinho representa dentro do futebol europeu. At\u00e9 mesmo a dist\u00e2ncia na tabela e a aus\u00eancia de t\u00edtulos em temporadas recentes contribu\u00edram para acelerar esse movimento nos bastidores.<\/p>\n\n\n\n<h2 class=\"wp-block-heading\">Cl\u00e1usula contratual e hist\u00f3rico no clube<\/h2>\n\n\n\n<p>Atualmente no Benfica, Mourinho possui contrato v\u00e1lido por mais um ano, mas uma cl\u00e1usula espec\u00edfica pode facilitar sua sa\u00edda. O acordo prev\u00ea uma janela de dez dias ao fim da temporada que permite sua libera\u00e7\u00e3o sem custos, algo que chama aten\u00e7\u00e3o do Real Madrid neste momento.<\/p>\n\n\n\n<p>Al\u00e9m disso, o hist\u00f3rico do treinador no clube espanhol pesa a seu favor, j\u00e1 que comandou a equipe entre 2010 e 2013. Nesse per\u00edodo, conquistou t\u00edtulos importantes, incluindo o Campeonato Espanhol de 2011\/12, al\u00e9m de protagonizar rivalidade marcante contra o Barcelona de Pep Guardiola e Lionel Messi.<\/p>\n\n\n\n<p>Desde sua sa\u00edda, Mourinho passou por clubes como Chelsea, Manchester United, Tottenham, Roma e Fenerbah\u00e7e. Justamente por isso, seu retorno ao Real Madrid volta a ser tratado como uma possibilidade concreta, ap\u00f3s ter sido apenas especula\u00e7\u00e3o no cen\u00e1rio da Sele\u00e7\u00e3o Brasileira.<\/p>\n","protected":false},"excerpt":{"rendered":"<p>A possibilidade de ver um t\u00e9cnico que j\u00e1 foi cotado para assumir a Sele\u00e7\u00e3o Brasileira agora se tornar favorito para comandar o Real Madrid voltou a ganhar for\u00e7a no notici\u00e1rio recente. Justamente ap\u00f3s perder espa\u00e7o no planejamento da equipe nacional, um novo nome reaparece com peso no cen\u00e1rio europeu, indicando uma reviravolta curiosa em sua [&hellip;]<\/p>\n","protected":false},"author":10,"featured_media":18496,"comment_status":"open","ping_status":"open","sticky":false,"template":"","format":"standard","meta":{"jnews-multi-image_gallery":[],"jnews_single_post":{"format":"standard"},"jnews_primary_category":[],"jnews_social_meta":[],"jnews_post_split":[],"footnotes":""},"categories":[1],"tags":[],"class_list":["post-23723","post","type-post","status-publish","format-standard","has-post-thumbnail","hentry","category-variedades"],"_links":{"self":[{"href":"https:\/\/diariodaregiao.audiencelabs.com.br\/wp-json\/wp\/v2\/posts\/23723","targetHints":{"allow":["GET"]}}],"collection":[{"href":"https:\/\/diariodaregiao.audiencelabs.com.br\/wp-json\/wp\/v2\/posts"}],"about":[{"href":"https:\/\/diariodaregiao.audiencelabs.com.br\/wp-json\/wp\/v2\/types\/post"}],"author":[{"embeddable":true,"href":"https:\/\/diariodaregiao.audiencelabs.com.br\/wp-json\/wp\/v2\/users\/10"}],"replies":[{"embeddable":true,"href":"https:\/\/diariodaregiao.audiencelabs.com.br\/wp-json\/wp\/v2\/comments?post=23723"}],"version-history":[{"count":2,"href":"https:\/\/diariodaregiao.audiencelabs.com.br\/wp-json\/wp\/v2\/posts\/23723\/revisions"}],"predecessor-version":[{"id":23726,"href":"https:\/\/diariodaregiao.audiencelabs.com.br\/wp-json\/wp\/v2\/posts\/23723\/revisions\/23726"}],"wp:featuredmedia":[{"embeddable":true,"href":"https:\/\/diariodaregiao.audiencelabs.com.br\/wp-json\/wp\/v2\/media\/18496"}],"wp:attachment":[{"href":"https:\/\/diariodaregiao.audiencelabs.com.br\/wp-json\/wp\/v2\/media?parent=23723"}],"wp:term":[{"taxonomy":"category","embeddable":true,"href":"https:\/\/diariodaregiao.audiencelabs.com.br\/wp-json\/wp\/v2\/categories?post=23723"},{"taxonomy":"post_tag","embeddable":true,"href":"https:\/\/diariodaregiao.audiencelabs.com.br\/wp-json\/wp\/v2\/tags?post=23723"}],"curies":[{"name":"wp","href":"https:\/\/api.w.org\/{rel}","templated":true}]}}