{"id":23727,"date":"2026-04-28T13:35:00","date_gmt":"2026-04-28T16:35:00","guid":{"rendered":"https:\/\/diariodaregiao.audiencelabs.com.br\/?p=23727"},"modified":"2026-04-28T12:00:33","modified_gmt":"2026-04-28T15:00:33","slug":"governo-lula-vai-liberar-nova-forma-para-os-brasileiros-se-livrarem-das-dividas","status":"publish","type":"post","link":"https:\/\/diariodaregiao.audiencelabs.com.br\/governo-lula-vai-liberar-nova-forma-para-os-brasileiros-se-livrarem-das-dividas\/","title":{"rendered":"Governo Lula vai liberar nova forma para os brasileiros se livrarem das d\u00edvidas"},"content":{"rendered":"\n<p>O Governo Lula vem preparando uma nova alternativa para ajudar brasileiros a se livrarem das d\u00edvidas, ampliando estrat\u00e9gias j\u00e1 usadas anteriormente. A proposta sinaliza mudan\u00e7as importantes no acesso a recursos e nas condi\u00e7\u00f5es de renegocia\u00e7\u00e3o, justamente em um momento de press\u00e3o no or\u00e7amento das fam\u00edlias.<\/p>\n\n\n\n<p>A iniciativa envolve o chamado <strong>Desenrola 2.0<\/strong>, uma nova vers\u00e3o do programa criado em 2023 para facilitar acordos com credores. A informa\u00e7\u00e3o foi confirmada por Dario Durigan ap\u00f3s reuni\u00e3o com a FEBRABAN (Federa\u00e7\u00e3o Brasileira de Bancos) em S\u00e3o Paulo.<\/p>\n\n\n\n<h2 class=\"wp-block-heading\">Nova proposta mira uso do FGTS<\/h2>\n\n\n\n<p>O principal ponto da reformula\u00e7\u00e3o est\u00e1 na possibilidade de usar o <strong>Fundo de Garantia por Tempo de Servi\u00e7o (FGTS)<\/strong> nas renegocia\u00e7\u00f5es. No entanto, o acesso ao saldo ser\u00e1 restrito a situa\u00e7\u00f5es em que o valor seja suficiente para quitar totalmente a d\u00edvida inclu\u00edda no acordo.<\/p>\n\n\n\n<p>Isso significa que n\u00e3o ser\u00e1 permitido utilizar apenas parte do FGTS para reduzir o d\u00e9bito, o que limita o uso a casos mais espec\u00edficos. Ainda assim, a medida busca atingir principalmente d\u00edvidas mais caras, como cart\u00e3o de cr\u00e9dito, cheque especial e at\u00e9 mesmo o CDC.<\/p>\n\n\n\n<p>A ideia do Pal\u00e1cio do Planalto \u00e9 oferecer uma alternativa mais direta para quem enfrenta juros elevados nessas modalidades. Justamente por isso, o foco est\u00e1 em compromissos financeiros que pesam mais no or\u00e7amento mensal.<\/p>\n\n\n\n<h2 class=\"wp-block-heading\">Descontos e juros menores <\/h2>\n\n\n\n<p>Al\u00e9m da possibilidade envolvendo o FGTS, o programa tamb\u00e9m prev\u00ea condi\u00e7\u00f5es mais vantajosas nas renegocia\u00e7\u00f5es. Segundo Dario Durigan, os descontos podem chegar a at\u00e9 90%, dependendo da situa\u00e7\u00e3o do devedor.<\/p>\n\n\n\n<p>Essa redu\u00e7\u00e3o expressiva pode ser um fator decisivo para estimular a ades\u00e3o ao programa, especialmente entre fam\u00edlias com dificuldades de pagamento. No entanto, cada caso dever\u00e1 seguir crit\u00e9rios espec\u00edficos definidos nas negocia\u00e7\u00f5es.<\/p>\n\n\n\n<p>Outro ponto importante \u00e9 o refor\u00e7o do Fundo Garantidor de Opera\u00e7\u00f5es, que deve dar sustenta\u00e7\u00e3o aos acordos realizados. Essa estrutura busca aumentar a seguran\u00e7a das opera\u00e7\u00f5es e incentivar a participa\u00e7\u00e3o das institui\u00e7\u00f5es financeiras.<\/p>\n\n\n\n<p>A expectativa \u00e9 que o an\u00fancio oficial seja feito por Lula na sexta-feira, em refer\u00eancia ao Dia do Trabalhador. O momento escolhido refor\u00e7a o foco da medida no al\u00edvio financeiro da popula\u00e7\u00e3o.<\/p>\n\n\n\n<figure class=\"wp-block-image size-large\"><img loading=\"lazy\" decoding=\"async\" width=\"1024\" height=\"576\" src=\"https:\/\/diariodaregiao.audiencelabs.com.br\/wp-content\/uploads\/2025\/12\/fgts-digital-1024x576.jpg\" alt=\"\" class=\"wp-image-6619\" srcset=\"https:\/\/diariodaregiao.audiencelabs.com.br\/wp-content\/uploads\/2025\/12\/fgts-digital-1024x576.jpg 1024w, https:\/\/diariodaregiao.audiencelabs.com.br\/wp-content\/uploads\/2025\/12\/fgts-digital-300x169.jpg 300w, https:\/\/diariodaregiao.audiencelabs.com.br\/wp-content\/uploads\/2025\/12\/fgts-digital-768x432.jpg 768w, https:\/\/diariodaregiao.audiencelabs.com.br\/wp-content\/uploads\/2025\/12\/fgts-digital-750x422.jpg 750w, https:\/\/diariodaregiao.audiencelabs.com.br\/wp-content\/uploads\/2025\/12\/fgts-digital-1140x641.jpg 1140w, https:\/\/diariodaregiao.audiencelabs.com.br\/wp-content\/uploads\/2025\/12\/fgts-digital.jpg 1280w\" sizes=\"auto, (max-width: 1024px) 100vw, 1024px\" \/><figcaption class=\"wp-element-caption\">Cr\u00e9ditos: Reprodu\u00e7\u00e3o\/Caixa<\/figcaption><\/figure>\n\n\n\n<h2 class=\"wp-block-heading\">Cen\u00e1rio econ\u00f4mico<\/h2>\n\n\n\n<p>O governo avalia que o alto n\u00edvel de endividamento das fam\u00edlias exige a\u00e7\u00f5es mais amplas e eficazes. Justamente por isso, o Desenrola 2.0 surge como tentativa de reduzir tanto a inadimpl\u00eancia quanto o impacto dos juros elevados.<\/p>\n\n\n\n<p>Esse contexto se conecta diretamente ao cen\u00e1rio econ\u00f4mico atual, marcado por taxas ainda pr\u00f3ximas dos n\u00edveis mais altos em duas d\u00e9cadas. Assim, medidas de renegocia\u00e7\u00e3o ganham ainda mais relev\u00e2ncia no planejamento econ\u00f4mico.<\/p>\n\n\n\n<p>Paralelamente, dados recentes mostram mudan\u00e7as no comportamento da d\u00edvida p\u00fablica federal. O estoque caiu 2,34% em mar\u00e7o, passando de R$ 8,841 trilh\u00f5es para R$ 8,633 trilh\u00f5es, segundo o Tesouro Nacional.<\/p>\n\n\n\n<p>A varia\u00e7\u00e3o foi influenciada por resgates l\u00edquidos de R$ 305,386 bilh\u00f5es e pela apropria\u00e7\u00e3o positiva de juros de R$ 98,080 bilh\u00f5es. Esse movimento mostra ajustes importantes na gest\u00e3o fiscal, mesmo com desafios persistentes.<\/p>\n\n\n\n<p>Dentro desse total, a d\u00edvida interna apresentou queda de 2,46%, encerrando o m\u00eas em R$ 8,302 trilh\u00f5es. J\u00e1 a d\u00edvida externa teve leve alta de 0,61%, chegando a R$ 331,64 bilh\u00f5es.<\/p>\n\n\n\n<p>Esse cen\u00e1rio refor\u00e7a a necessidade de iniciativas voltadas ao equil\u00edbrio financeiro, tanto no setor p\u00fablico quanto no cotidiano dos brasileiros. At\u00e9 mesmo por isso, o novo programa aparece como uma tentativa de aliviar press\u00f5es e reorganizar contas.<\/p>\n\n\n\n<p>Ao longo do processo, o Governo Federal busca combinar est\u00edmulos econ\u00f4micos com mecanismos de controle. A proposta do Desenrola 2.0, portanto, se encaixa como pe\u00e7a importante dentro dessa estrat\u00e9gia mais ampla.<\/p>\n","protected":false},"excerpt":{"rendered":"<p>O Governo Lula vem preparando uma nova alternativa para ajudar brasileiros a se livrarem das d\u00edvidas, ampliando estrat\u00e9gias j\u00e1 usadas anteriormente. A proposta sinaliza mudan\u00e7as importantes no acesso a recursos e nas condi\u00e7\u00f5es de renegocia\u00e7\u00e3o, justamente em um momento de press\u00e3o no or\u00e7amento das fam\u00edlias. A iniciativa envolve o chamado Desenrola 2.0, uma nova vers\u00e3o [&hellip;]<\/p>\n","protected":false},"author":10,"featured_media":20009,"comment_status":"open","ping_status":"open","sticky":false,"template":"","format":"standard","meta":{"jnews-multi-image_gallery":[],"jnews_single_post":{"format":"standard"},"jnews_primary_category":[],"jnews_social_meta":[],"jnews_post_split":[],"footnotes":""},"categories":[1],"tags":[],"class_list":["post-23727","post","type-post","status-publish","format-standard","has-post-thumbnail","hentry","category-variedades"],"_links":{"self":[{"href":"https:\/\/diariodaregiao.audiencelabs.com.br\/wp-json\/wp\/v2\/posts\/23727","targetHints":{"allow":["GET"]}}],"collection":[{"href":"https:\/\/diariodaregiao.audiencelabs.com.br\/wp-json\/wp\/v2\/posts"}],"about":[{"href":"https:\/\/diariodaregiao.audiencelabs.com.br\/wp-json\/wp\/v2\/types\/post"}],"author":[{"embeddable":true,"href":"https:\/\/diariodaregiao.audiencelabs.com.br\/wp-json\/wp\/v2\/users\/10"}],"replies":[{"embeddable":true,"href":"https:\/\/diariodaregiao.audiencelabs.com.br\/wp-json\/wp\/v2\/comments?post=23727"}],"version-history":[{"count":1,"href":"https:\/\/diariodaregiao.audiencelabs.com.br\/wp-json\/wp\/v2\/posts\/23727\/revisions"}],"predecessor-version":[{"id":23728,"href":"https:\/\/diariodaregiao.audiencelabs.com.br\/wp-json\/wp\/v2\/posts\/23727\/revisions\/23728"}],"wp:featuredmedia":[{"embeddable":true,"href":"https:\/\/diariodaregiao.audiencelabs.com.br\/wp-json\/wp\/v2\/media\/20009"}],"wp:attachment":[{"href":"https:\/\/diariodaregiao.audiencelabs.com.br\/wp-json\/wp\/v2\/media?parent=23727"}],"wp:term":[{"taxonomy":"category","embeddable":true,"href":"https:\/\/diariodaregiao.audiencelabs.com.br\/wp-json\/wp\/v2\/categories?post=23727"},{"taxonomy":"post_tag","embeddable":true,"href":"https:\/\/diariodaregiao.audiencelabs.com.br\/wp-json\/wp\/v2\/tags?post=23727"}],"curies":[{"name":"wp","href":"https:\/\/api.w.org\/{rel}","templated":true}]}}