{"id":23742,"date":"2026-04-28T14:35:00","date_gmt":"2026-04-28T17:35:00","guid":{"rendered":"https:\/\/diariodaregiao.audiencelabs.com.br\/?p=23742"},"modified":"2026-04-28T12:54:20","modified_gmt":"2026-04-28T15:54:20","slug":"aviso-geral-do-mec-para-os-estudantes-sobre-o-programa-pe-de-meia","status":"publish","type":"post","link":"https:\/\/diariodaregiao.audiencelabs.com.br\/aviso-geral-do-mec-para-os-estudantes-sobre-o-programa-pe-de-meia\/","title":{"rendered":"Aviso geral do MEC para os estudantes sobre o programa P\u00e9-de-Meia"},"content":{"rendered":"\n<p>O Minist\u00e9rio da Educa\u00e7\u00e3o (MEC), em parceria com Minist\u00e9rio da Gest\u00e3o e da Inova\u00e7\u00e3o em Servi\u00e7os P\u00fablicos (MGI), iniciou nesta segunda-feira (27) o envio de mensagens personalizadas para estudantes menores de idade que participam do programa P\u00e9-de-Meia e que ainda n\u00e3o acessaram suas contas banc\u00e1rias.<\/p>\n\n\n\n<p>O envio se d\u00e1 atrav\u00e9s do aplicativo WhatsApp e da Caixa Postal Gov.br. O objetivo da iniciativa do Governo Federal \u00e9 orientar os benefici\u00e1rios a como obter a autoriza\u00e7\u00e3o de movimenta\u00e7\u00e3o, assim facilitando o acesso \u00e0 informa\u00e7\u00e3o para estudantes da rede p\u00fablica de todo o pa\u00eds.&nbsp;<\/p>\n\n\n\n<p>A autoriza\u00e7\u00e3o da conta banc\u00e1ria deve ter o consentimento da m\u00e3e ou do pai do aluno e d\u00e1 acesso \u00e0s parcelas do programa pelo aplicativo Caixa Tem. Em caso do respons\u00e1vel legal ser outra pessoa, \u00e9 necess\u00e1rio comparecer a uma ag\u00eancia da Caixa Econ\u00f4mica Federal para regularizar a situa\u00e7\u00e3o.<\/p>\n\n\n<div class=\"wp-block-image\">\n<figure class=\"aligncenter size-large\"><img loading=\"lazy\" decoding=\"async\" width=\"1024\" height=\"613\" src=\"https:\/\/diariodaregiao.audiencelabs.com.br\/wp-content\/uploads\/2026\/04\/s5ny6vf77fhvnemu3kdjfvjvuu-1024x613.jpg\" alt=\"\" class=\"wp-image-23743\" srcset=\"https:\/\/diariodaregiao.audiencelabs.com.br\/wp-content\/uploads\/2026\/04\/s5ny6vf77fhvnemu3kdjfvjvuu-1024x613.jpg 1024w, https:\/\/diariodaregiao.audiencelabs.com.br\/wp-content\/uploads\/2026\/04\/s5ny6vf77fhvnemu3kdjfvjvuu-300x180.jpg 300w, https:\/\/diariodaregiao.audiencelabs.com.br\/wp-content\/uploads\/2026\/04\/s5ny6vf77fhvnemu3kdjfvjvuu-768x460.jpg 768w, https:\/\/diariodaregiao.audiencelabs.com.br\/wp-content\/uploads\/2026\/04\/s5ny6vf77fhvnemu3kdjfvjvuu-750x449.jpg 750w, https:\/\/diariodaregiao.audiencelabs.com.br\/wp-content\/uploads\/2026\/04\/s5ny6vf77fhvnemu3kdjfvjvuu-1140x682.jpg 1140w, https:\/\/diariodaregiao.audiencelabs.com.br\/wp-content\/uploads\/2026\/04\/s5ny6vf77fhvnemu3kdjfvjvuu.jpg 1200w\" sizes=\"auto, (max-width: 1024px) 100vw, 1024px\" \/><figcaption class=\"wp-element-caption\">Cr\u00e9ditos: MEC\/DIVULGA\u00c7\u00c3O<\/figcaption><\/figure>\n<\/div>\n\n\n<p>Uma p\u00e1gina foi criada para explicar o passo a passo do processo, bem como para tirar as d\u00favidas de pais e estudantes. De acordo com o MEC, os alunos podem conversar e esclarecer os questionamentos atrav\u00e9s do Chat Gov.br, bem como consultar informa\u00e7\u00f5es sobre o programa na p\u00e1gina de consulta do P\u00e9-de-Meia.<\/p>\n\n\n\n<p>O \u00f3rg\u00e3o ressalta, tamb\u00e9m, que n\u00e3o envia links solicitando acessos pessoais, verifica\u00e7\u00e3o de saldo ou atualiza\u00e7\u00e3o de dados. Qualquer mensagem desse tipo enviada fora da plataforma Gov \u00e9 suspeita. As contas do Governo do Brasil nas redes sociais possuem verifica\u00e7\u00e3o.<\/p>\n\n\n\n<h2 class=\"wp-block-heading\">P\u00e9-de-Meia investe nos estudantes<\/h2>\n\n\n\n<p>O P\u00e9-de-Meia, institu\u00eddo pela Lei n\u00ba 14.818\/2024, \u00e9 um programa de incentivo financeiro-educacional criado com o intuito de promover a perman\u00eancia e a conclus\u00e3o escolar de estudantes matriculados no ensino m\u00e9dio p\u00fablico.<\/p>\n\n\n\n<p>Para isso, cria-se uma poupan\u00e7a destinada aos estudantes de baixa renda. O objetivo \u00e9&nbsp; \u201cdemocratizar o acesso \u00e0 educa\u00e7\u00e3o e reduzir a desigualdade social entre os jovens, estimulando a mobilidade social\u201d.<\/p>\n","protected":false},"excerpt":{"rendered":"<p>O Minist\u00e9rio da Educa\u00e7\u00e3o (MEC), em parceria com Minist\u00e9rio da Gest\u00e3o e da Inova\u00e7\u00e3o em Servi\u00e7os P\u00fablicos (MGI), iniciou nesta segunda-feira (27) o envio de mensagens personalizadas para estudantes menores de idade que participam do programa P\u00e9-de-Meia e que ainda n\u00e3o acessaram suas contas banc\u00e1rias. O envio se d\u00e1 atrav\u00e9s do aplicativo WhatsApp e da [&hellip;]<\/p>\n","protected":false},"author":14,"featured_media":23744,"comment_status":"open","ping_status":"open","sticky":false,"template":"","format":"standard","meta":{"jnews-multi-image_gallery":[],"jnews_single_post":{"format":"standard"},"jnews_primary_category":[],"jnews_social_meta":[],"jnews_post_split":[],"footnotes":""},"categories":[1],"tags":[],"class_list":["post-23742","post","type-post","status-publish","format-standard","has-post-thumbnail","hentry","category-variedades"],"_links":{"self":[{"href":"https:\/\/diariodaregiao.audiencelabs.com.br\/wp-json\/wp\/v2\/posts\/23742","targetHints":{"allow":["GET"]}}],"collection":[{"href":"https:\/\/diariodaregiao.audiencelabs.com.br\/wp-json\/wp\/v2\/posts"}],"about":[{"href":"https:\/\/diariodaregiao.audiencelabs.com.br\/wp-json\/wp\/v2\/types\/post"}],"author":[{"embeddable":true,"href":"https:\/\/diariodaregiao.audiencelabs.com.br\/wp-json\/wp\/v2\/users\/14"}],"replies":[{"embeddable":true,"href":"https:\/\/diariodaregiao.audiencelabs.com.br\/wp-json\/wp\/v2\/comments?post=23742"}],"version-history":[{"count":1,"href":"https:\/\/diariodaregiao.audiencelabs.com.br\/wp-json\/wp\/v2\/posts\/23742\/revisions"}],"predecessor-version":[{"id":23745,"href":"https:\/\/diariodaregiao.audiencelabs.com.br\/wp-json\/wp\/v2\/posts\/23742\/revisions\/23745"}],"wp:featuredmedia":[{"embeddable":true,"href":"https:\/\/diariodaregiao.audiencelabs.com.br\/wp-json\/wp\/v2\/media\/23744"}],"wp:attachment":[{"href":"https:\/\/diariodaregiao.audiencelabs.com.br\/wp-json\/wp\/v2\/media?parent=23742"}],"wp:term":[{"taxonomy":"category","embeddable":true,"href":"https:\/\/diariodaregiao.audiencelabs.com.br\/wp-json\/wp\/v2\/categories?post=23742"},{"taxonomy":"post_tag","embeddable":true,"href":"https:\/\/diariodaregiao.audiencelabs.com.br\/wp-json\/wp\/v2\/tags?post=23742"}],"curies":[{"name":"wp","href":"https:\/\/api.w.org\/{rel}","templated":true}]}}