{"id":23753,"date":"2026-04-28T17:10:00","date_gmt":"2026-04-28T20:10:00","guid":{"rendered":"https:\/\/diariodaregiao.audiencelabs.com.br\/?p=23753"},"modified":"2026-04-28T18:28:49","modified_gmt":"2026-04-28T21:28:49","slug":"nova-lei-concede-aumento-para-policiais-militares-bombeiros-e-policiais-civis-do-distrito-federal","status":"publish","type":"post","link":"https:\/\/diariodaregiao.audiencelabs.com.br\/nova-lei-concede-aumento-para-policiais-militares-bombeiros-e-policiais-civis-do-distrito-federal\/","title":{"rendered":"Nova lei concede aumento para policiais militares, bombeiros e policiais civis do Distrito Federal"},"content":{"rendered":"\n<p>Recentemente, foi sancionada a Lei 15.395, de 2026, que reajusta a remunera\u00e7\u00e3o das for\u00e7as de seguran\u00e7a p\u00fablica do Distrito Federal. Esta nova legisla\u00e7\u00e3o, assinada pelo presidente Luiz In\u00e1cio Lula da Silva, tamb\u00e9m abrange os militares dos ex-territ\u00f3rios federais.<\/p>\n\n\n\n<p>Publicada no Di\u00e1rio Oficial da Uni\u00e3o, a lei traz mudan\u00e7as significativas nas carreiras e benef\u00edcios das corpora\u00e7\u00f5es, embora alguns dispositivos relacionados a crit\u00e9rios de carreira tenham sido vetados.<\/p>\n\n\n\n<h2 class=\"wp-block-heading\">Lei 15.395, de 2026: Implementa\u00e7\u00e3o dos Reajustes Salariais<\/h2>\n\n\n\n<p>Os reajustes salariais come\u00e7aram a ser aplicados de forma escalonada em dezembro de 2025 e janeiro de 2026, devido \u00e0 origem da lei na Medida Provis\u00f3ria (MP 1.326\/2025). Essa MP, que tem for\u00e7a de lei desde sua edi\u00e7\u00e3o, foi aprovada no Senado no final de mar\u00e7o, transformando-se no projeto de lei de convers\u00e3o.<\/p>\n\n\n\n<p>As atualiza\u00e7\u00f5es nas tabelas de remunera\u00e7\u00e3o afetam diretamente policiais militares, bombeiros e policiais civis, garantindo um aumento significativo em suas remunera\u00e7\u00f5es. Os aumentos salariais variam conforme o cargo e a categoria. Os soldos dos militares tiveram um aumento uniforme de cerca de 50%.<\/p>\n\n\n\n<p>A Vantagem Pecuni\u00e1ria Especial (VPE) tamb\u00e9m foi reajustada, com percentuais variando de 1,8% a 31,5%, dependendo da patente. Para os servidores da Pol\u00edcia Civil, os reajustes foram de at\u00e9 27,3% para categorias especiais, enquanto a terceira categoria recebeu um aumento de 24,4%.<\/p>\n\n\n\n<p>Al\u00e9m dos reajustes, a legisla\u00e7\u00e3o traz altera\u00e7\u00f5es estruturais nas for\u00e7as de seguran\u00e7a. Um novo sistema de prote\u00e7\u00e3o social para os militares do Distrito Federal foi implementado, abrangendo remunera\u00e7\u00e3o, pens\u00f5es e assist\u00eancia \u00e0 sa\u00fade.<\/p>\n\n\n\n<p>O texto estabelece novas regras para ingresso e progress\u00e3o na carreira, incluindo a exig\u00eancia de forma\u00e7\u00e3o em Direito para o curso de oficiais da Pol\u00edcia Militar. A lei tamb\u00e9m amplia as compet\u00eancias do Corpo de Bombeiros, permitindo que a corpora\u00e7\u00e3o atue em \u00e1reas como defesa civil, fiscaliza\u00e7\u00e3o de atividades de risco e educa\u00e7\u00e3o ambiental.&nbsp;<\/p>\n","protected":false},"excerpt":{"rendered":"<p>Recentemente, foi sancionada a Lei 15.395, de 2026, que reajusta a remunera\u00e7\u00e3o das for\u00e7as de seguran\u00e7a p\u00fablica do Distrito Federal. Esta nova legisla\u00e7\u00e3o, assinada pelo presidente Luiz In\u00e1cio Lula da Silva, tamb\u00e9m abrange os militares dos ex-territ\u00f3rios federais. Publicada no Di\u00e1rio Oficial da Uni\u00e3o, a lei traz mudan\u00e7as significativas nas carreiras e benef\u00edcios das corpora\u00e7\u00f5es, [&hellip;]<\/p>\n","protected":false},"author":4,"featured_media":23754,"comment_status":"open","ping_status":"open","sticky":false,"template":"","format":"standard","meta":{"jnews-multi-image_gallery":[],"jnews_single_post":{"format":"standard"},"jnews_primary_category":[],"jnews_social_meta":[],"jnews_post_split":[],"footnotes":""},"categories":[1],"tags":[],"class_list":["post-23753","post","type-post","status-publish","format-standard","has-post-thumbnail","hentry","category-variedades"],"_links":{"self":[{"href":"https:\/\/diariodaregiao.audiencelabs.com.br\/wp-json\/wp\/v2\/posts\/23753","targetHints":{"allow":["GET"]}}],"collection":[{"href":"https:\/\/diariodaregiao.audiencelabs.com.br\/wp-json\/wp\/v2\/posts"}],"about":[{"href":"https:\/\/diariodaregiao.audiencelabs.com.br\/wp-json\/wp\/v2\/types\/post"}],"author":[{"embeddable":true,"href":"https:\/\/diariodaregiao.audiencelabs.com.br\/wp-json\/wp\/v2\/users\/4"}],"replies":[{"embeddable":true,"href":"https:\/\/diariodaregiao.audiencelabs.com.br\/wp-json\/wp\/v2\/comments?post=23753"}],"version-history":[{"count":2,"href":"https:\/\/diariodaregiao.audiencelabs.com.br\/wp-json\/wp\/v2\/posts\/23753\/revisions"}],"predecessor-version":[{"id":23814,"href":"https:\/\/diariodaregiao.audiencelabs.com.br\/wp-json\/wp\/v2\/posts\/23753\/revisions\/23814"}],"wp:featuredmedia":[{"embeddable":true,"href":"https:\/\/diariodaregiao.audiencelabs.com.br\/wp-json\/wp\/v2\/media\/23754"}],"wp:attachment":[{"href":"https:\/\/diariodaregiao.audiencelabs.com.br\/wp-json\/wp\/v2\/media?parent=23753"}],"wp:term":[{"taxonomy":"category","embeddable":true,"href":"https:\/\/diariodaregiao.audiencelabs.com.br\/wp-json\/wp\/v2\/categories?post=23753"},{"taxonomy":"post_tag","embeddable":true,"href":"https:\/\/diariodaregiao.audiencelabs.com.br\/wp-json\/wp\/v2\/tags?post=23753"}],"curies":[{"name":"wp","href":"https:\/\/api.w.org\/{rel}","templated":true}]}}