{"id":23756,"date":"2026-04-28T16:41:00","date_gmt":"2026-04-28T19:41:00","guid":{"rendered":"https:\/\/diariodaregiao.audiencelabs.com.br\/?p=23756"},"modified":"2026-04-28T18:26:53","modified_gmt":"2026-04-28T21:26:53","slug":"hulk-aceita-receber-menos-que-no-galo-para-jogar-no-fluminense","status":"publish","type":"post","link":"https:\/\/diariodaregiao.audiencelabs.com.br\/hulk-aceita-receber-menos-que-no-galo-para-jogar-no-fluminense\/","title":{"rendered":"Hulk aceita receber menos que no Galo para jogar no Fluminense"},"content":{"rendered":"\n<p>O atacante Hulk est\u00e1 muito perto de trocar o Galo pelo Fluminense. As tratativas entre os clubes avan\u00e7aram nas \u00faltimas horas e tudo caminha para que o veterano de 39 anos de idade vista a camisa tricolor na sequ\u00eancia da temporada de 2026.<\/p>\n\n\n\n<p>Disposto a mudar de ares, o camisa 7 alvinegro aceitar\u00e1 at\u00e9 mesmo receber menos do que ganha atualmente no Atl\u00e9tico-MG. Segundo o jornalista Jorge Nicola, seu sal\u00e1rio hoje est\u00e1 na casa dos R$ 2,5 milh\u00f5es, quantia que n\u00e3o ser\u00e1 desembolsada pela agremia\u00e7\u00e3o carioca para incorpor\u00e1-lo ao elenco.<\/p>\n\n\n\n<p>Quanto \u00e0 transfer\u00eancia em si, o Tricolor das Laranjeiras n\u00e3o precisar\u00e1 pagar nada ao advers\u00e1rio belo-horizontino. Isso porque o atleta aceitou abrir m\u00e3o do dinheiro que tinha a receber, assim fazendo com que a rescis\u00e3o contratual seja sem custos. Ou seja, a preocupa\u00e7\u00e3o do Flu ser\u00e1 com os sal\u00e1rios.<\/p>\n\n\n<div class=\"wp-block-image\">\n<figure class=\"aligncenter size-large\"><img loading=\"lazy\" decoding=\"async\" width=\"1024\" height=\"683\" src=\"https:\/\/diariodaregiao.audiencelabs.com.br\/wp-content\/uploads\/2026\/04\/55096561105_32aa073917_k-1024x683.jpg\" alt=\"\" class=\"wp-image-23758\" srcset=\"https:\/\/diariodaregiao.audiencelabs.com.br\/wp-content\/uploads\/2026\/04\/55096561105_32aa073917_k-1024x683.jpg 1024w, https:\/\/diariodaregiao.audiencelabs.com.br\/wp-content\/uploads\/2026\/04\/55096561105_32aa073917_k-300x200.jpg 300w, https:\/\/diariodaregiao.audiencelabs.com.br\/wp-content\/uploads\/2026\/04\/55096561105_32aa073917_k-768x512.jpg 768w, https:\/\/diariodaregiao.audiencelabs.com.br\/wp-content\/uploads\/2026\/04\/55096561105_32aa073917_k-1536x1024.jpg 1536w, https:\/\/diariodaregiao.audiencelabs.com.br\/wp-content\/uploads\/2026\/04\/55096561105_32aa073917_k-750x500.jpg 750w, https:\/\/diariodaregiao.audiencelabs.com.br\/wp-content\/uploads\/2026\/04\/55096561105_32aa073917_k-1140x760.jpg 1140w, https:\/\/diariodaregiao.audiencelabs.com.br\/wp-content\/uploads\/2026\/04\/55096561105_32aa073917_k.jpg 2048w\" sizes=\"auto, (max-width: 1024px) 100vw, 1024px\" \/><figcaption class=\"wp-element-caption\">Cr\u00e9ditos: Pedro Souza \/ Atl\u00e9tico<\/figcaption><\/figure>\n<\/div>\n\n\n<p>As tratativas est\u00e3o sendo conduzidas de forma cautelosa, visando n\u00e3o arranhar o status de \u00eddolo que o atacante conquistou na Arena MRV. As primeiras negocia\u00e7\u00f5es, vale lembrar, come\u00e7aram em janeiro. No entanto, n\u00e3o deram certo na \u00e9poca e s\u00f3 foram retomadas mais recentemente com a crescente insatisfa\u00e7\u00e3o do profissional no Galo.<\/p>\n\n\n\n<h2 class=\"wp-block-heading\">Sa\u00edda de Hulk aliviar\u00e1 folha do Galo<\/h2>\n\n\n\n<p>Caso se confirme, a sa\u00edda do veterano ir\u00e1 representar um grande al\u00edvio na folha salarial do clube mineiro. Os ganhos mensais de R$ 2,5 milh\u00f5es fazem de Hulk um dos jogadores mais bem pagos do futebol brasileiro e sul-americano.<\/p>\n\n\n\n<p>\u00c9 um espa\u00e7o para l\u00e1 de consider\u00e1vel, que pode ser usado pelo Atl\u00e9tico para se refor\u00e7ar na janela de transfer\u00eancias do meio do ano com mais de um atleta. Ali\u00e1s, o lado financeiro \u00e9 justamente um dos motivos pelos quais a diretoria n\u00e3o dificulta a sa\u00edda.<\/p>\n\n\n\n<p>Apesar disso, o camisa 7 deve deixar Belo Horizonte como um dos maiores \u00eddolos da hist\u00f3ria da institui\u00e7\u00e3o, sendo figura central em t\u00edtulos como o do Brasileir\u00e3o de 2021.<\/p>\n","protected":false},"excerpt":{"rendered":"<p>O atacante Hulk est\u00e1 muito perto de trocar o Galo pelo Fluminense. As tratativas entre os clubes avan\u00e7aram nas \u00faltimas horas e tudo caminha para que o veterano de 39 anos de idade vista a camisa tricolor na sequ\u00eancia da temporada de 2026. Disposto a mudar de ares, o camisa 7 alvinegro aceitar\u00e1 at\u00e9 mesmo [&hellip;]<\/p>\n","protected":false},"author":14,"featured_media":23757,"comment_status":"open","ping_status":"open","sticky":false,"template":"","format":"standard","meta":{"jnews-multi-image_gallery":[],"jnews_single_post":{"format":"standard"},"jnews_primary_category":[],"jnews_social_meta":[],"jnews_post_split":[],"footnotes":""},"categories":[1],"tags":[],"class_list":["post-23756","post","type-post","status-publish","format-standard","has-post-thumbnail","hentry","category-variedades"],"_links":{"self":[{"href":"https:\/\/diariodaregiao.audiencelabs.com.br\/wp-json\/wp\/v2\/posts\/23756","targetHints":{"allow":["GET"]}}],"collection":[{"href":"https:\/\/diariodaregiao.audiencelabs.com.br\/wp-json\/wp\/v2\/posts"}],"about":[{"href":"https:\/\/diariodaregiao.audiencelabs.com.br\/wp-json\/wp\/v2\/types\/post"}],"author":[{"embeddable":true,"href":"https:\/\/diariodaregiao.audiencelabs.com.br\/wp-json\/wp\/v2\/users\/14"}],"replies":[{"embeddable":true,"href":"https:\/\/diariodaregiao.audiencelabs.com.br\/wp-json\/wp\/v2\/comments?post=23756"}],"version-history":[{"count":1,"href":"https:\/\/diariodaregiao.audiencelabs.com.br\/wp-json\/wp\/v2\/posts\/23756\/revisions"}],"predecessor-version":[{"id":23759,"href":"https:\/\/diariodaregiao.audiencelabs.com.br\/wp-json\/wp\/v2\/posts\/23756\/revisions\/23759"}],"wp:featuredmedia":[{"embeddable":true,"href":"https:\/\/diariodaregiao.audiencelabs.com.br\/wp-json\/wp\/v2\/media\/23757"}],"wp:attachment":[{"href":"https:\/\/diariodaregiao.audiencelabs.com.br\/wp-json\/wp\/v2\/media?parent=23756"}],"wp:term":[{"taxonomy":"category","embeddable":true,"href":"https:\/\/diariodaregiao.audiencelabs.com.br\/wp-json\/wp\/v2\/categories?post=23756"},{"taxonomy":"post_tag","embeddable":true,"href":"https:\/\/diariodaregiao.audiencelabs.com.br\/wp-json\/wp\/v2\/tags?post=23756"}],"curies":[{"name":"wp","href":"https:\/\/api.w.org\/{rel}","templated":true}]}}