{"id":2376,"date":"2025-11-21T14:40:00","date_gmt":"2025-11-21T17:40:00","guid":{"rendered":"https:\/\/diariodaregiao.audiencelabs.com.br\/?p=2376"},"modified":"2025-11-21T14:44:18","modified_gmt":"2025-11-21T17:44:18","slug":"carlo-ancelotti-mal-acertou-com-o-brasil-e-ja-esta-de-mudanca","status":"publish","type":"post","link":"https:\/\/diariodaregiao.audiencelabs.com.br\/carlo-ancelotti-mal-acertou-com-o-brasil-e-ja-esta-de-mudanca\/","title":{"rendered":"Carlo Ancelotti mal acertou com o Brasil e j\u00e1 est\u00e1 de mudan\u00e7a"},"content":{"rendered":"\n<p>Carlo Ancelotti encerrou sua primeira etapa no comando do Brasil com um per\u00edodo marcado por observa\u00e7\u00f5es intensas. O t\u00e9cnico promoveu grande rotatividade e buscou entender o perfil ideal para 2026.<\/p>\n\n\n\n<p>Ao longo de oito partidas, usou 42 atletas e distribuiu minutos para quase todos os convocados. Apenas seis chamados n\u00e3o entraram em campo, refor\u00e7ando o objetivo de avaliar ao m\u00e1ximo o grupo.<\/p>\n\n\n\n<figure class=\"wp-block-image size-large\"><img loading=\"lazy\" decoding=\"async\" width=\"1024\" height=\"683\" src=\"https:\/\/diariodaregiao.audiencelabs.com.br\/wp-content\/uploads\/2025\/11\/SnapInsta-Ai_3632954195525143797-1024x683.jpg\" alt=\"\" class=\"wp-image-2048\" srcset=\"https:\/\/diariodaregiao.audiencelabs.com.br\/wp-content\/uploads\/2025\/11\/SnapInsta-Ai_3632954195525143797-1024x683.jpg 1024w, https:\/\/diariodaregiao.audiencelabs.com.br\/wp-content\/uploads\/2025\/11\/SnapInsta-Ai_3632954195525143797-300x200.jpg 300w, https:\/\/diariodaregiao.audiencelabs.com.br\/wp-content\/uploads\/2025\/11\/SnapInsta-Ai_3632954195525143797-768x512.jpg 768w, https:\/\/diariodaregiao.audiencelabs.com.br\/wp-content\/uploads\/2025\/11\/SnapInsta-Ai_3632954195525143797-750x500.jpg 750w, https:\/\/diariodaregiao.audiencelabs.com.br\/wp-content\/uploads\/2025\/11\/SnapInsta-Ai_3632954195525143797.jpg 1080w\" sizes=\"auto, (max-width: 1024px) 100vw, 1024px\" \/><figcaption class=\"wp-element-caption\">Cr\u00e9ditos: Reprodu\u00e7\u00e3o Instagram @mrancelotti<\/figcaption><\/figure>\n\n\n\n<p>Bruno Guimar\u00e3es foi o \u00fanico presente em todos os jogos e sempre entre os titulares. Casemiro e Est\u00eav\u00e3o ficaram fora de apenas uma partida, mostrando a confian\u00e7a do treinador neles. <\/p>\n\n\n\n<p>A lista geral incluiu nomes experientes e apostas jovens, mantendo o equil\u00edbrio entre setores e abrindo espa\u00e7o para novas combina\u00e7\u00f5es. Apesar das muitas forma\u00e7\u00f5es, Ancelotti n\u00e3o repetiu a escala\u00e7\u00e3o nenhuma vez. <\/p>\n\n\n\n<p>A estrat\u00e9gia evidenciou foco total em estudos e ajustes antes da etapa decisiva. O italiano destacou ap\u00f3s o empate com a Tun\u00edsia que j\u00e1 tem uma base clara para a Copa, mas ainda observa detalhes.<\/p>\n\n\n\n<p>Al\u00e9m disso, ele chamou aten\u00e7\u00e3o ao passar por mudan\u00e7as no visual. O t\u00e9cnico come\u00e7ou a usar \u00f3culos, chamando aten\u00e7\u00e3o dos torcedores.<\/p>\n\n\n\n<h2 class=\"wp-block-heading\">Resultados, lideran\u00e7a e pr\u00f3ximos passos<\/h2>\n\n\n\n<p>Ancelotti obteve quatro vit\u00f3rias, dois empates e duas derrotas na primeira fase. O desempenho de 58,3% ainda \u00e9 considerado de constru\u00e7\u00e3o, mas j\u00e1 mostra evolu\u00e7\u00e3o t\u00e1tica.<\/p>\n\n\n\n<p><br>O time marcou 14 gols e sofreu cinco, n\u00fameros que ajudam a entender a busca por equil\u00edbrio entre defesa e ataque. Tr\u00eas jogadores dividiram a bra\u00e7adeira neste per\u00edodo: Marquinhos, Casemiro e Alisson. <\/p>\n\n\n\n<p>A rotatividade no comando reflete o teste de perfis de lideran\u00e7a. O treinador afirmou que a defini\u00e7\u00e3o final depender\u00e1 das pr\u00f3ximas convoca\u00e7\u00f5es e do desempenho no restante da temporada.<\/p>\n\n\n\n<p>O Brasil ter\u00e1 amistosos contra Fran\u00e7a e Cro\u00e1cia em mar\u00e7o, quando Ancelotti iniciar\u00e1 a fase de consolida\u00e7\u00e3o. Esses duelos devem confirmar a espinha dorsal para o Mundial.<\/p>\n","protected":false},"excerpt":{"rendered":"<p>Carlo Ancelotti encerrou sua primeira etapa no comando do Brasil com um per\u00edodo marcado por observa\u00e7\u00f5es intensas. O t\u00e9cnico promoveu grande rotatividade e buscou entender o perfil ideal para 2026. Ao longo de oito partidas, usou 42 atletas e distribuiu minutos para quase todos os convocados. Apenas seis chamados n\u00e3o entraram em campo, refor\u00e7ando o [&hellip;]<\/p>\n","protected":false},"author":5,"featured_media":2377,"comment_status":"open","ping_status":"open","sticky":false,"template":"","format":"standard","meta":{"jnews-multi-image_gallery":[],"jnews_single_post":{"format":"standard"},"jnews_primary_category":[],"jnews_social_meta":[],"jnews_post_split":[],"footnotes":""},"categories":[1],"tags":[],"class_list":["post-2376","post","type-post","status-publish","format-standard","has-post-thumbnail","hentry","category-variedades"],"_links":{"self":[{"href":"https:\/\/diariodaregiao.audiencelabs.com.br\/wp-json\/wp\/v2\/posts\/2376","targetHints":{"allow":["GET"]}}],"collection":[{"href":"https:\/\/diariodaregiao.audiencelabs.com.br\/wp-json\/wp\/v2\/posts"}],"about":[{"href":"https:\/\/diariodaregiao.audiencelabs.com.br\/wp-json\/wp\/v2\/types\/post"}],"author":[{"embeddable":true,"href":"https:\/\/diariodaregiao.audiencelabs.com.br\/wp-json\/wp\/v2\/users\/5"}],"replies":[{"embeddable":true,"href":"https:\/\/diariodaregiao.audiencelabs.com.br\/wp-json\/wp\/v2\/comments?post=2376"}],"version-history":[{"count":2,"href":"https:\/\/diariodaregiao.audiencelabs.com.br\/wp-json\/wp\/v2\/posts\/2376\/revisions"}],"predecessor-version":[{"id":2379,"href":"https:\/\/diariodaregiao.audiencelabs.com.br\/wp-json\/wp\/v2\/posts\/2376\/revisions\/2379"}],"wp:featuredmedia":[{"embeddable":true,"href":"https:\/\/diariodaregiao.audiencelabs.com.br\/wp-json\/wp\/v2\/media\/2377"}],"wp:attachment":[{"href":"https:\/\/diariodaregiao.audiencelabs.com.br\/wp-json\/wp\/v2\/media?parent=2376"}],"wp:term":[{"taxonomy":"category","embeddable":true,"href":"https:\/\/diariodaregiao.audiencelabs.com.br\/wp-json\/wp\/v2\/categories?post=2376"},{"taxonomy":"post_tag","embeddable":true,"href":"https:\/\/diariodaregiao.audiencelabs.com.br\/wp-json\/wp\/v2\/tags?post=2376"}],"curies":[{"name":"wp","href":"https:\/\/api.w.org\/{rel}","templated":true}]}}