{"id":23760,"date":"2026-04-28T18:40:00","date_gmt":"2026-04-28T21:40:00","guid":{"rendered":"https:\/\/diariodaregiao.audiencelabs.com.br\/?p=23760"},"modified":"2026-04-28T18:37:42","modified_gmt":"2026-04-28T21:37:42","slug":"paises-vizinhos-do-brasil-estao-brigando-por-problemas-na-fronteira","status":"publish","type":"post","link":"https:\/\/diariodaregiao.audiencelabs.com.br\/paises-vizinhos-do-brasil-estao-brigando-por-problemas-na-fronteira\/","title":{"rendered":"Pa\u00edses vizinhos do Brasil est\u00e3o brigando por problemas na fronteira"},"content":{"rendered":"\n<p>Um conflito crescente entre dois pa\u00edses vizinhos envolve a compra ilegal de terras na regi\u00e3o de fronteira. Cidad\u00e3os de um dos pa\u00edses estariam adquirindo propriedades sem informar sua verdadeira nacionalidade, o que vai contra a lei.&nbsp;<\/p>\n\n\n\n<h2 class=\"wp-block-heading\">Problemas na fronteira <\/h2>\n\n\n\n<p>A legisla\u00e7\u00e3o que impede a compra de terrenos em \u00e1reas de fronteira foi estabelecida em 1977, em um contexto de tens\u00e3o com a Argentina. Essa norma foi criada para proteger regi\u00f5es consideradas estrat\u00e9gicas para o pa\u00eds.<\/p>\n\n\n\n<p>Moradores do lago Lonconao expressaram suas preocupa\u00e7\u00f5es sobre a possibilidade de cidad\u00e3os argentinos adquirirem terrenos em uma \u00e1rea onde a lei pro\u00edbe essa pr\u00e1tica. O presidente da junta de vizinhos, \u00c1ngelo Gonz\u00e1lez, destacou a gravidade da situa\u00e7\u00e3o e a necessidade de fiscaliza\u00e7\u00e3o.<\/p>\n\n\n\n<h2 class=\"wp-block-heading\">Omiss\u00e3o de Nacionalidade na Compra<\/h2>\n\n\n\n<p>A controv\u00e9rsia teve in\u00edcio em 2016, quando a empresa &#8220;Rumbo Sur&#8221; comprou mais de 200 hectares na \u00e1rea. O casal argentino Jorge Becerra e Mar\u00eda Teresa Taschetti, junto com sua filha, utilizou documentos que omitiram sua nacionalidade argentina.<\/p>\n\n\n\n<p>O empres\u00e1rio chileno Antonio Carracedo, que teve contato com os compradores, afirmou que a documenta\u00e7\u00e3o apresentada n\u00e3o refletia a verdadeira nacionalidade dos envolvidos, o que levantou suspeitas sobre a legalidade da transa\u00e7\u00e3o.<\/p>\n\n\n\n<p>O advogado Gustavo Ortiz, que representa os compradores, defendeu que eles agiram de boa f\u00e9 e de acordo com a lei. Ele argumentou que, embora a nacionalidade argentina tenha sido omitida, os compradores poderiam ter se apresentado como espanh\u00f3is.<\/p>\n\n\n\n<p>Especialistas em direito internacional afirmam que a norma \u00e9 clara e que a autoriza\u00e7\u00e3o especial para a compra deveria ter sido solicitada, como \u00e9 exigido em casos semelhantes. O prefeito de Futaleuf\u00fa, Fernando Grand\u00f3n, criticou a falta de fiscaliza\u00e7\u00e3o e a aparente ina\u00e7\u00e3o do Estado em rela\u00e7\u00e3o ao problema.<\/p>\n\n\n\n<p>Ele mencionou que a comunidade local se sente abandonada e que \u00e9 necess\u00e1rio atualizar e regularizar a situa\u00e7\u00e3o. O deputado Sebasti\u00e1n Videla tamb\u00e9m levantou a quest\u00e3o em \u00f3rg\u00e3os parlamentares, mas at\u00e9 o momento n\u00e3o obteve respostas satisfat\u00f3rias.<\/p>\n","protected":false},"excerpt":{"rendered":"<p>Um conflito crescente entre dois pa\u00edses vizinhos envolve a compra ilegal de terras na regi\u00e3o de fronteira. Cidad\u00e3os de um dos pa\u00edses estariam adquirindo propriedades sem informar sua verdadeira nacionalidade, o que vai contra a lei.&nbsp; Problemas na fronteira A legisla\u00e7\u00e3o que impede a compra de terrenos em \u00e1reas de fronteira foi estabelecida em 1977, [&hellip;]<\/p>\n","protected":false},"author":4,"featured_media":23761,"comment_status":"open","ping_status":"open","sticky":false,"template":"","format":"standard","meta":{"jnews-multi-image_gallery":[],"jnews_single_post":{"format":"standard"},"jnews_primary_category":[],"jnews_social_meta":[],"jnews_post_split":[],"footnotes":""},"categories":[1],"tags":[],"class_list":["post-23760","post","type-post","status-publish","format-standard","has-post-thumbnail","hentry","category-variedades"],"_links":{"self":[{"href":"https:\/\/diariodaregiao.audiencelabs.com.br\/wp-json\/wp\/v2\/posts\/23760","targetHints":{"allow":["GET"]}}],"collection":[{"href":"https:\/\/diariodaregiao.audiencelabs.com.br\/wp-json\/wp\/v2\/posts"}],"about":[{"href":"https:\/\/diariodaregiao.audiencelabs.com.br\/wp-json\/wp\/v2\/types\/post"}],"author":[{"embeddable":true,"href":"https:\/\/diariodaregiao.audiencelabs.com.br\/wp-json\/wp\/v2\/users\/4"}],"replies":[{"embeddable":true,"href":"https:\/\/diariodaregiao.audiencelabs.com.br\/wp-json\/wp\/v2\/comments?post=23760"}],"version-history":[{"count":2,"href":"https:\/\/diariodaregiao.audiencelabs.com.br\/wp-json\/wp\/v2\/posts\/23760\/revisions"}],"predecessor-version":[{"id":23822,"href":"https:\/\/diariodaregiao.audiencelabs.com.br\/wp-json\/wp\/v2\/posts\/23760\/revisions\/23822"}],"wp:featuredmedia":[{"embeddable":true,"href":"https:\/\/diariodaregiao.audiencelabs.com.br\/wp-json\/wp\/v2\/media\/23761"}],"wp:attachment":[{"href":"https:\/\/diariodaregiao.audiencelabs.com.br\/wp-json\/wp\/v2\/media?parent=23760"}],"wp:term":[{"taxonomy":"category","embeddable":true,"href":"https:\/\/diariodaregiao.audiencelabs.com.br\/wp-json\/wp\/v2\/categories?post=23760"},{"taxonomy":"post_tag","embeddable":true,"href":"https:\/\/diariodaregiao.audiencelabs.com.br\/wp-json\/wp\/v2\/tags?post=23760"}],"curies":[{"name":"wp","href":"https:\/\/api.w.org\/{rel}","templated":true}]}}