{"id":23766,"date":"2026-05-01T14:20:00","date_gmt":"2026-05-01T17:20:00","guid":{"rendered":"https:\/\/diariodaregiao.audiencelabs.com.br\/?p=23766"},"modified":"2026-04-28T15:10:05","modified_gmt":"2026-04-28T18:10:05","slug":"titular-do-flamengo-de-23-anos-deve-deixar-o-clube-por-apenas-r-293-milhoes-rumo-a-europa","status":"publish","type":"post","link":"https:\/\/diariodaregiao.audiencelabs.com.br\/titular-do-flamengo-de-23-anos-deve-deixar-o-clube-por-apenas-r-293-milhoes-rumo-a-europa\/","title":{"rendered":"Titular do Flamengo, de 23 anos, deve deixar o clube por apenas R$ 29,3 milh\u00f5es rumo \u00e0 Europa"},"content":{"rendered":"\n<p>O Flamengo deve perder um de seus titulares por uma quantia baixa para os padr\u00f5es atuais do clube carioca. Maior pot\u00eancia financeira do futebol brasileiro e sul-americano, o Rubro-Negro tenta reverter a situa\u00e7\u00e3o para n\u00e3o sair prejudicado, mas nada garante que a diretoria ter\u00e1 sucesso.<\/p>\n\n\n\n<p>O jogador em quest\u00e3o \u00e9 Evertton Ara\u00fajo, que tem chamado a aten\u00e7\u00e3o de agremia\u00e7\u00f5es de fora pelo desempenho demonstrado vestindo a camisa rubro-negra. Segundo o jornalista Julio Miguel Neto, a empresa que cuida da carreira do atleta de 23 anos de idade quer negoci\u00e1-lo na pr\u00f3xima janela de transfer\u00eancias.<\/p>\n\n\n\n<p>Acontece que o contrato v\u00e1lido at\u00e9 2028 contempla uma multa rescis\u00f3ria de apenas 5 milh\u00f5es de euros, quantia que na cota\u00e7\u00e3o atual corresponde a aproximadamente R$ 29,3 milh\u00f5es. Ou seja, o Meng\u00e3o receberia muito menos do que poderia caso as cifras fossem depositadas pelo camisa 52.<\/p>\n\n\n<div class=\"wp-block-image\">\n<figure class=\"aligncenter size-large\"><img loading=\"lazy\" decoding=\"async\" width=\"1024\" height=\"683\" src=\"https:\/\/diariodaregiao.audiencelabs.com.br\/wp-content\/uploads\/2026\/04\/55213292300_62734c37d5_k-1-1024x683.jpg\" alt=\"\" class=\"wp-image-23768\" srcset=\"https:\/\/diariodaregiao.audiencelabs.com.br\/wp-content\/uploads\/2026\/04\/55213292300_62734c37d5_k-1-1024x683.jpg 1024w, https:\/\/diariodaregiao.audiencelabs.com.br\/wp-content\/uploads\/2026\/04\/55213292300_62734c37d5_k-1-300x200.jpg 300w, https:\/\/diariodaregiao.audiencelabs.com.br\/wp-content\/uploads\/2026\/04\/55213292300_62734c37d5_k-1-768x512.jpg 768w, https:\/\/diariodaregiao.audiencelabs.com.br\/wp-content\/uploads\/2026\/04\/55213292300_62734c37d5_k-1-1536x1024.jpg 1536w, https:\/\/diariodaregiao.audiencelabs.com.br\/wp-content\/uploads\/2026\/04\/55213292300_62734c37d5_k-1-750x500.jpg 750w, https:\/\/diariodaregiao.audiencelabs.com.br\/wp-content\/uploads\/2026\/04\/55213292300_62734c37d5_k-1-1140x760.jpg 1140w, https:\/\/diariodaregiao.audiencelabs.com.br\/wp-content\/uploads\/2026\/04\/55213292300_62734c37d5_k-1.jpg 2048w\" sizes=\"auto, (max-width: 1024px) 100vw, 1024px\" \/><figcaption class=\"wp-element-caption\">Cr\u00e9ditos: Gilvan de Souza\/Flamengo<\/figcaption><\/figure>\n<\/div>\n\n\n<p>Para n\u00e3o ficar no preju\u00edzo, a diretoria rubro-negra tenta ampliar o contrato at\u00e9 2030 para, consequentemente, alterar o valor da multa. At\u00e9 o momento, por\u00e9m, isso n\u00e3o aconteceu e o clube da G\u00e1vea corre o risco de perder sua cria por uma quantia irris\u00f3ria.<\/p>\n\n\n\n<h2 class=\"wp-block-heading\">Evertton Ara\u00fajo vem tendo sequ\u00eancia no Flamengo<\/h2>\n\n\n\n<p>Mais uma cria das categorias de base rubro-negras, Evertton vem tendo uma boa sequ\u00eancia nesta temporada. J\u00e1 s\u00e3o 19 jogos disputados e um gol marcado pelo volante, que esteve presente entre os titulares nas \u00faltimas sete partidas da equipe.<\/p>\n\n\n\n<p>O garoto tomou conta da posi\u00e7\u00e3o na aus\u00eancia de Erick Pulgar e acirrou de vez a disputa pela titularidade da primeira vol\u00e2ncia. Agora, o t\u00e9cnico Leonardo Jardim tem um problema e tanto para resolver: mant\u00eam o jovem que vem bem ou retorna com o chileno?<\/p>\n\n\n\n<p>\u00c9 a famosa \u201cdor de cabe\u00e7a boa\u201d. Ao todo, o meio-campista soma 83 jogos disputados pelo Mengo, al\u00e9m de tr\u00eas gols e duas assist\u00eancias.<\/p>\n","protected":false},"excerpt":{"rendered":"<p>O Flamengo deve perder um de seus titulares por uma quantia baixa para os padr\u00f5es atuais do clube carioca. Maior pot\u00eancia financeira do futebol brasileiro e sul-americano, o Rubro-Negro tenta reverter a situa\u00e7\u00e3o para n\u00e3o sair prejudicado, mas nada garante que a diretoria ter\u00e1 sucesso. O jogador em quest\u00e3o \u00e9 Evertton Ara\u00fajo, que tem chamado [&hellip;]<\/p>\n","protected":false},"author":14,"featured_media":23767,"comment_status":"open","ping_status":"open","sticky":false,"template":"","format":"standard","meta":{"jnews-multi-image_gallery":[],"jnews_single_post":{"format":"standard"},"jnews_primary_category":[],"jnews_social_meta":[],"jnews_post_split":[],"footnotes":""},"categories":[1],"tags":[],"class_list":["post-23766","post","type-post","status-publish","format-standard","has-post-thumbnail","hentry","category-variedades"],"_links":{"self":[{"href":"https:\/\/diariodaregiao.audiencelabs.com.br\/wp-json\/wp\/v2\/posts\/23766","targetHints":{"allow":["GET"]}}],"collection":[{"href":"https:\/\/diariodaregiao.audiencelabs.com.br\/wp-json\/wp\/v2\/posts"}],"about":[{"href":"https:\/\/diariodaregiao.audiencelabs.com.br\/wp-json\/wp\/v2\/types\/post"}],"author":[{"embeddable":true,"href":"https:\/\/diariodaregiao.audiencelabs.com.br\/wp-json\/wp\/v2\/users\/14"}],"replies":[{"embeddable":true,"href":"https:\/\/diariodaregiao.audiencelabs.com.br\/wp-json\/wp\/v2\/comments?post=23766"}],"version-history":[{"count":1,"href":"https:\/\/diariodaregiao.audiencelabs.com.br\/wp-json\/wp\/v2\/posts\/23766\/revisions"}],"predecessor-version":[{"id":23769,"href":"https:\/\/diariodaregiao.audiencelabs.com.br\/wp-json\/wp\/v2\/posts\/23766\/revisions\/23769"}],"wp:featuredmedia":[{"embeddable":true,"href":"https:\/\/diariodaregiao.audiencelabs.com.br\/wp-json\/wp\/v2\/media\/23767"}],"wp:attachment":[{"href":"https:\/\/diariodaregiao.audiencelabs.com.br\/wp-json\/wp\/v2\/media?parent=23766"}],"wp:term":[{"taxonomy":"category","embeddable":true,"href":"https:\/\/diariodaregiao.audiencelabs.com.br\/wp-json\/wp\/v2\/categories?post=23766"},{"taxonomy":"post_tag","embeddable":true,"href":"https:\/\/diariodaregiao.audiencelabs.com.br\/wp-json\/wp\/v2\/tags?post=23766"}],"curies":[{"name":"wp","href":"https:\/\/api.w.org\/{rel}","templated":true}]}}