{"id":23774,"date":"2026-04-29T05:27:00","date_gmt":"2026-04-29T08:27:00","guid":{"rendered":"https:\/\/diariodaregiao.audiencelabs.com.br\/?p=23774"},"modified":"2026-04-28T18:40:41","modified_gmt":"2026-04-28T21:40:41","slug":"a-mansao-de-r-52-milhoes-de-mesut-ozil-faz-dele-vizinho-do-presidente-do-pais","status":"publish","type":"post","link":"https:\/\/diariodaregiao.audiencelabs.com.br\/a-mansao-de-r-52-milhoes-de-mesut-ozil-faz-dele-vizinho-do-presidente-do-pais\/","title":{"rendered":"A mans\u00e3o de R$ 52 milh\u00f5es de Mesut \u00d6zil faz dele vizinho do presidente do pa\u00eds"},"content":{"rendered":"\n<p>Mesut \u00d6zil saiu um pouco dos holofotes ap\u00f3s pendurar as chuteiras. Mas engana-se quem pensa que o ex-jogador de futebol alem\u00e3o anda mal das pernas. Ali\u00e1s, muito pelo contr\u00e1rio: o craque mora em uma mans\u00e3o luxuosa e \u00e9 vizinho de ningu\u00e9m menos que Recep Tayyip Erdo\u011fan, presidente da Turquia.<\/p>\n\n\n\n<p>Localizada em Istambul, a casa est\u00e1 avaliada em R$ 52 milh\u00f5es, segundo o jornal brit\u00e2nico Daily Mail. \u00c9 nela que o ex-atleta, hoje com 37 anos de idade, mora com a esposa, a ex-Miss Turquia, \u200bAmine G\u00fcl\u015fe, com quem \u00e9 casado desde 2019, e as duas filhas do casal.<\/p>\n\n\n\n<p>Viver no bairro de K\u00fc\u00e7\u00fck \u00c7aml\u0131ca, faz do meia-atacante vizinho de Erdo\u011fan, que \u00e9 seu padrinho de casamento e \u00e9 chamado carinhosamente pelas suas filhas de \u201cvov\u00f4\u201d. A rela\u00e7\u00e3o dos dois \u00e9 t\u00e3o pr\u00f3xima que \u00d6zil tem a liberdade de aparecer para fazer uma visita ao l\u00edder do pa\u00eds europeu sem precisar de aviso pr\u00e9vio.<\/p>\n\n\n<div class=\"wp-block-image\">\n<figure class=\"aligncenter size-large\"><img loading=\"lazy\" decoding=\"async\" width=\"1024\" height=\"915\" src=\"https:\/\/diariodaregiao.audiencelabs.com.br\/wp-content\/uploads\/2026\/04\/captura-de-tela-2026-03-31-as-07.31.21-1024x915.jpg\" alt=\"\" class=\"wp-image-23775\" srcset=\"https:\/\/diariodaregiao.audiencelabs.com.br\/wp-content\/uploads\/2026\/04\/captura-de-tela-2026-03-31-as-07.31.21-1024x915.jpg 1024w, https:\/\/diariodaregiao.audiencelabs.com.br\/wp-content\/uploads\/2026\/04\/captura-de-tela-2026-03-31-as-07.31.21-300x268.jpg 300w, https:\/\/diariodaregiao.audiencelabs.com.br\/wp-content\/uploads\/2026\/04\/captura-de-tela-2026-03-31-as-07.31.21-768x687.jpg 768w, https:\/\/diariodaregiao.audiencelabs.com.br\/wp-content\/uploads\/2026\/04\/captura-de-tela-2026-03-31-as-07.31.21-750x671.jpg 750w, https:\/\/diariodaregiao.audiencelabs.com.br\/wp-content\/uploads\/2026\/04\/captura-de-tela-2026-03-31-as-07.31.21-1140x1019.jpg 1140w, https:\/\/diariodaregiao.audiencelabs.com.br\/wp-content\/uploads\/2026\/04\/captura-de-tela-2026-03-31-as-07.31.21.jpg 1500w\" sizes=\"auto, (max-width: 1024px) 100vw, 1024px\" \/><figcaption class=\"wp-element-caption\">Cr\u00e9ditos: Instagram\/Mesut Ozil<\/figcaption><\/figure>\n<\/div>\n\n\n<p>Filho de imigrantes turcos, o ex-camisa 10 \u00e9 pr\u00f3ximo da m\u00e3e, mas n\u00e3o possui mais nenhum tipo de rela\u00e7\u00e3o com o pai. Ele e Mustafa cortaram os la\u00e7os em 2013, quando o jogador n\u00e3o renovou contrato com o Real Madrid. \u00d6zil demitiu o pai e contratou o irm\u00e3o para administrar sua carreira.<\/p>\n\n\n\n<p>O alem\u00e3o teria ficado irritado com o pai por ele n\u00e3o ter conseguido renovar o compromisso com o clube espanhol. Na \u00e9poca, Mustafa chegou a chamar Florentino P\u00e9rez, presidente da agremia\u00e7\u00e3o merengue, de \u201cum homem sem honra\u201d. Ambos travaram uma disputa na Justi\u00e7a, que s\u00f3 foi encerrada ap\u00f3s um acordo.<\/p>\n\n\n\n<h2 class=\"wp-block-heading\">Mesut \u00d6zil fez hist\u00f3ria no futebol<\/h2>\n\n\n\n<p>Apesar da origem turca, foi na Alemanha em que o ex-meia nasceu, cresceu e deu os primeiros passos na carreira profissional. Ao longo de sua trajet\u00f3ria, defendeu as cores de Schalke 04, Werder Bremen, Real Madrid, Arsenal, Fenerbah\u00e7e e se aposentou jogando pelo \u0130stanbul Ba\u015fak\u015fehir.<\/p>\n\n\n\n<p>Vestindo a camisa da Sele\u00e7\u00e3o da Alemanha, disputou as Copas do Mundo de 2010, 2014 e 2018. Em 2014, n\u00e3o s\u00f3 fez parte da conquista do t\u00edtulo Mundial, como foi um dos protagonistas, inclusive fazendo um dos gols do 7 a 1 em cima do Brasil.<\/p>\n","protected":false},"excerpt":{"rendered":"<p>Mesut \u00d6zil saiu um pouco dos holofotes ap\u00f3s pendurar as chuteiras. Mas engana-se quem pensa que o ex-jogador de futebol alem\u00e3o anda mal das pernas. Ali\u00e1s, muito pelo contr\u00e1rio: o craque mora em uma mans\u00e3o luxuosa e \u00e9 vizinho de ningu\u00e9m menos que Recep Tayyip Erdo\u011fan, presidente da Turquia. Localizada em Istambul, a casa est\u00e1 [&hellip;]<\/p>\n","protected":false},"author":14,"featured_media":23778,"comment_status":"open","ping_status":"open","sticky":false,"template":"","format":"standard","meta":{"jnews-multi-image_gallery":[],"jnews_single_post":{"format":"standard"},"jnews_primary_category":[],"jnews_social_meta":[],"jnews_post_split":[],"footnotes":""},"categories":[1],"tags":[],"class_list":["post-23774","post","type-post","status-publish","format-standard","has-post-thumbnail","hentry","category-variedades"],"_links":{"self":[{"href":"https:\/\/diariodaregiao.audiencelabs.com.br\/wp-json\/wp\/v2\/posts\/23774","targetHints":{"allow":["GET"]}}],"collection":[{"href":"https:\/\/diariodaregiao.audiencelabs.com.br\/wp-json\/wp\/v2\/posts"}],"about":[{"href":"https:\/\/diariodaregiao.audiencelabs.com.br\/wp-json\/wp\/v2\/types\/post"}],"author":[{"embeddable":true,"href":"https:\/\/diariodaregiao.audiencelabs.com.br\/wp-json\/wp\/v2\/users\/14"}],"replies":[{"embeddable":true,"href":"https:\/\/diariodaregiao.audiencelabs.com.br\/wp-json\/wp\/v2\/comments?post=23774"}],"version-history":[{"count":3,"href":"https:\/\/diariodaregiao.audiencelabs.com.br\/wp-json\/wp\/v2\/posts\/23774\/revisions"}],"predecessor-version":[{"id":23828,"href":"https:\/\/diariodaregiao.audiencelabs.com.br\/wp-json\/wp\/v2\/posts\/23774\/revisions\/23828"}],"wp:featuredmedia":[{"embeddable":true,"href":"https:\/\/diariodaregiao.audiencelabs.com.br\/wp-json\/wp\/v2\/media\/23778"}],"wp:attachment":[{"href":"https:\/\/diariodaregiao.audiencelabs.com.br\/wp-json\/wp\/v2\/media?parent=23774"}],"wp:term":[{"taxonomy":"category","embeddable":true,"href":"https:\/\/diariodaregiao.audiencelabs.com.br\/wp-json\/wp\/v2\/categories?post=23774"},{"taxonomy":"post_tag","embeddable":true,"href":"https:\/\/diariodaregiao.audiencelabs.com.br\/wp-json\/wp\/v2\/tags?post=23774"}],"curies":[{"name":"wp","href":"https:\/\/api.w.org\/{rel}","templated":true}]}}