{"id":23792,"date":"2026-04-28T21:05:00","date_gmt":"2026-04-29T00:05:00","guid":{"rendered":"https:\/\/diariodaregiao.audiencelabs.com.br\/?p=23792"},"modified":"2026-04-28T17:40:57","modified_gmt":"2026-04-28T20:40:57","slug":"gabriel-bortoleto-ganhou-reforco-importante-para-decolar-na-formula-1","status":"publish","type":"post","link":"https:\/\/diariodaregiao.audiencelabs.com.br\/gabriel-bortoleto-ganhou-reforco-importante-para-decolar-na-formula-1\/","title":{"rendered":"Gabriel Bortoleto ganhou refor\u00e7o importante para decolar na F\u00f3rmula 1"},"content":{"rendered":"\n<p>A F\u00f3rmula 1 passou por mudan\u00e7as significativas em sua estrutura, e a equipe Audi n\u00e3o ficou de fora. Na \u00faltima sexta-feira (24), a Audi anunciou a contrata\u00e7\u00e3o de Allan McNish como novo diretor de corridas, ap\u00f3s a sa\u00edda de Jonathan Weathley.<\/p>\n\n\n\n<p>Essa mudan\u00e7a \u00e9 vista como um passo importante para a equipe e foi celebrada pelo piloto brasileiro Gabriel Bortoleto, que est\u00e1 em sua segunda temporada como titular na F1 em 2026. Allan McNish \u00e9 um nome respeitado dentro da Audi e tem um hist\u00f3rico relevante na constru\u00e7\u00e3o do projeto da montadora na F\u00f3rmula 1.<\/p>\n\n\n\n<p>Ele teve um papel importante na equipe, especialmente durante sua atua\u00e7\u00e3o na F\u00f3rmula E at\u00e9 2021. McNish j\u00e1 trabalhou com um piloto brasileiro anteriormente, o que traz um fator de familiaridade ao ambiente da equipe. Bortoleto expressou confian\u00e7a na contribui\u00e7\u00e3o de McNish, destacando que ele \u00e9 uma fonte de conselhos e tem uma mentalidade vitoriosa.<\/p>\n\n\n\n<h2 class=\"wp-block-heading\">A Carreira de Allan McNish<\/h2>\n\n\n\n<p>Antes de assumir o cargo na Audi, McNish teve uma carreira de sucesso como piloto. Sua passagem pela F\u00f3rmula 1 ocorreu em 2002, defendendo a Toyota, mas foi no Mundial de Endurance que ele realmente se destacou.<\/p>\n\n\n\n<p>Com tr\u00eas vit\u00f3rias nas 24 Horas de Le Mans e um t\u00edtulo mundial em 2013, McNish traz uma experi\u00eancia valiosa para a equipe. Bortoleto enfatizou que a presen\u00e7a de um ex-piloto de sucesso como McNish \u00e9 crucial para a mentalidade da equipe, pois ele compreende o que a Audi pode alcan\u00e7ar.<\/p>\n\n\n\n<p>A F\u00f3rmula 1 retorna neste fim de semana com o GP de Miami, ap\u00f3s uma pausa de cinco semanas no calend\u00e1rio. Bortoleto valorizou o tempo de inatividade, que permitiu melhorias na f\u00e1brica, mas tamb\u00e9m expressou ansiedade para voltar \u00e0s corridas. A equipe Audi chega \u00e0 etapa com novas expectativas, especialmente com a lideran\u00e7a de McNish.<\/p>\n","protected":false},"excerpt":{"rendered":"<p>A F\u00f3rmula 1 passou por mudan\u00e7as significativas em sua estrutura, e a equipe Audi n\u00e3o ficou de fora. Na \u00faltima sexta-feira (24), a Audi anunciou a contrata\u00e7\u00e3o de Allan McNish como novo diretor de corridas, ap\u00f3s a sa\u00edda de Jonathan Weathley. Essa mudan\u00e7a \u00e9 vista como um passo importante para a equipe e foi celebrada [&hellip;]<\/p>\n","protected":false},"author":4,"featured_media":23793,"comment_status":"open","ping_status":"open","sticky":false,"template":"","format":"standard","meta":{"jnews-multi-image_gallery":[],"jnews_single_post":{"format":"standard"},"jnews_primary_category":[],"jnews_social_meta":[],"jnews_post_split":[],"footnotes":""},"categories":[1],"tags":[],"class_list":["post-23792","post","type-post","status-publish","format-standard","has-post-thumbnail","hentry","category-variedades"],"_links":{"self":[{"href":"https:\/\/diariodaregiao.audiencelabs.com.br\/wp-json\/wp\/v2\/posts\/23792","targetHints":{"allow":["GET"]}}],"collection":[{"href":"https:\/\/diariodaregiao.audiencelabs.com.br\/wp-json\/wp\/v2\/posts"}],"about":[{"href":"https:\/\/diariodaregiao.audiencelabs.com.br\/wp-json\/wp\/v2\/types\/post"}],"author":[{"embeddable":true,"href":"https:\/\/diariodaregiao.audiencelabs.com.br\/wp-json\/wp\/v2\/users\/4"}],"replies":[{"embeddable":true,"href":"https:\/\/diariodaregiao.audiencelabs.com.br\/wp-json\/wp\/v2\/comments?post=23792"}],"version-history":[{"count":1,"href":"https:\/\/diariodaregiao.audiencelabs.com.br\/wp-json\/wp\/v2\/posts\/23792\/revisions"}],"predecessor-version":[{"id":23794,"href":"https:\/\/diariodaregiao.audiencelabs.com.br\/wp-json\/wp\/v2\/posts\/23792\/revisions\/23794"}],"wp:featuredmedia":[{"embeddable":true,"href":"https:\/\/diariodaregiao.audiencelabs.com.br\/wp-json\/wp\/v2\/media\/23793"}],"wp:attachment":[{"href":"https:\/\/diariodaregiao.audiencelabs.com.br\/wp-json\/wp\/v2\/media?parent=23792"}],"wp:term":[{"taxonomy":"category","embeddable":true,"href":"https:\/\/diariodaregiao.audiencelabs.com.br\/wp-json\/wp\/v2\/categories?post=23792"},{"taxonomy":"post_tag","embeddable":true,"href":"https:\/\/diariodaregiao.audiencelabs.com.br\/wp-json\/wp\/v2\/tags?post=23792"}],"curies":[{"name":"wp","href":"https:\/\/api.w.org\/{rel}","templated":true}]}}