{"id":23795,"date":"2026-05-03T07:40:00","date_gmt":"2026-05-03T10:40:00","guid":{"rendered":"https:\/\/diariodaregiao.audiencelabs.com.br\/?p=23795"},"modified":"2026-04-30T16:20:54","modified_gmt":"2026-04-30T19:20:54","slug":"lei-preve-multa-de-ate-r-10-mil-no-brasil-para-quem-usa-fogao-a-lenha-nessas-condicoes","status":"publish","type":"post","link":"https:\/\/diariodaregiao.audiencelabs.com.br\/lei-preve-multa-de-ate-r-10-mil-no-brasil-para-quem-usa-fogao-a-lenha-nessas-condicoes\/","title":{"rendered":"Lei prev\u00ea multa de at\u00e9 R$ 10 mil no Brasil para quem usa fog\u00e3o a lenha nessas condi\u00e7\u00f5es"},"content":{"rendered":"\n<p>Usar fog\u00e3o a lenha em determinadas condi\u00e7\u00f5es pode resultar em problemas perante a legisla\u00e7\u00e3o brasileira. Presente em muitos lares, seja por tradi\u00e7\u00e3o, economia ou prefer\u00eancia culin\u00e1ria, o m\u00e9todo \u00e9 muito comum. Contudo, \u00e9 preciso ficar atento para n\u00e3o quebrar as regras, que est\u00e3o ligadas ao meio ambiente.<\/p>\n\n\n\n<p>O equipamento em si n\u00e3o est\u00e1 em debate. A grande quest\u00e3o \u00e9 o impacto da fuma\u00e7a na vizinhan\u00e7a e no meio ambiente, \u00e0 luz da legisla\u00e7\u00e3o ambiental e do direito de vizinhan\u00e7a. A Lei de Crimes Ambientais (Lei n\u00ba 9.605\/1998) n\u00e3o impede o uso do fog\u00e3o a lenha, seja em \u00e1reas urbanas ou rurais.<\/p>\n\n\n\n<p>A norma, no entanto, prev\u00ea puni\u00e7\u00f5es quando h\u00e1 polui\u00e7\u00e3o capaz de causar danos \u00e0 sa\u00fade humana ou ao meio ambiente, especialmente pelo que disp\u00f5e o artigo 54 sobre emiss\u00e3o de poluentes. O mesmo vale para churrasqueira ou outras fontes de combust\u00e3o, que s\u00f3 se tornam problema jur\u00eddico quando a fuma\u00e7a extrapola o espa\u00e7o privado e interfere na qualidade do ar de terceiros.<\/p>\n\n\n<div class=\"wp-block-image\">\n<figure class=\"aligncenter size-large\"><img loading=\"lazy\" decoding=\"async\" width=\"1024\" height=\"671\" src=\"https:\/\/diariodaregiao.audiencelabs.com.br\/wp-content\/uploads\/2026\/04\/matt-benson-FlFHtBtVIQ8-unsplash-1024x671.jpg\" alt=\"\" class=\"wp-image-23799\" srcset=\"https:\/\/diariodaregiao.audiencelabs.com.br\/wp-content\/uploads\/2026\/04\/matt-benson-FlFHtBtVIQ8-unsplash-1024x671.jpg 1024w, https:\/\/diariodaregiao.audiencelabs.com.br\/wp-content\/uploads\/2026\/04\/matt-benson-FlFHtBtVIQ8-unsplash-300x197.jpg 300w, https:\/\/diariodaregiao.audiencelabs.com.br\/wp-content\/uploads\/2026\/04\/matt-benson-FlFHtBtVIQ8-unsplash-768x504.jpg 768w, https:\/\/diariodaregiao.audiencelabs.com.br\/wp-content\/uploads\/2026\/04\/matt-benson-FlFHtBtVIQ8-unsplash-1536x1007.jpg 1536w, https:\/\/diariodaregiao.audiencelabs.com.br\/wp-content\/uploads\/2026\/04\/matt-benson-FlFHtBtVIQ8-unsplash-750x492.jpg 750w, https:\/\/diariodaregiao.audiencelabs.com.br\/wp-content\/uploads\/2026\/04\/matt-benson-FlFHtBtVIQ8-unsplash-1140x748.jpg 1140w, https:\/\/diariodaregiao.audiencelabs.com.br\/wp-content\/uploads\/2026\/04\/matt-benson-FlFHtBtVIQ8-unsplash.jpg 1920w\" sizes=\"auto, (max-width: 1024px) 100vw, 1024px\" \/><figcaption class=\"wp-element-caption\">Cr\u00e9ditos: Unplash\/mattgyver<br><\/figcaption><\/figure>\n<\/div>\n\n\n<p>Em situa\u00e7\u00f5es como essas, podem ocorrer san\u00e7\u00f5es administrativas, civis e at\u00e9 penais, a depender da gravidade, da reincid\u00eancia e da comprova\u00e7\u00e3o de dano ou risco relevante. O respons\u00e1vel pode ter que desembolsar at\u00e9 R$ 10 mil em multa.<\/p>\n\n\n\n<h2 class=\"wp-block-heading\">Lei: Situa\u00e7\u00f5es em que o fog\u00e3o a lenha pode gerar multa<\/h2>\n\n\n\n<p>Geralmente, as puni\u00e7\u00f5es financeiras surgem ap\u00f3s den\u00fancias de vizinhos ou vistorias de \u00f3rg\u00e3os ambientais, que avaliam se a fuma\u00e7a configura polui\u00e7\u00e3o atmosf\u00e9rica ou mero inc\u00f4modo pontual. Quando a emiss\u00e3o \u00e9 constante, densa ou resulta de queima inadequada, a a\u00e7\u00e3o tende a ser enquadrada como infra\u00e7\u00e3o ambiental, sujeita \u00e0s regras do Decreto n\u00ba 6.514\/2008.<\/p>\n\n\n\n<p>No momento da fiscaliza\u00e7\u00e3o, alguns fatores costumam ser considerados para caracterizar a infra\u00e7\u00e3o e definir a eventual penalidade:<\/p>\n\n\n\n<ul class=\"wp-block-list\">\n<li>Intensidade e frequ\u00eancia da fuma\u00e7a: se a fuligem invade casas vizinhas de forma recorrente;<\/li>\n\n\n\n<li>Tipo de material queimado: uso de lixo, pl\u00e1sticos, borrachas e res\u00edduos dom\u00e9sticos agrava a polui\u00e7\u00e3o;<\/li>\n\n\n\n<li>Estrutura do fog\u00e3o ou forno: aus\u00eancia de chamin\u00e9 ou dutos mal dimensionados aumenta o impacto;<\/li>\n\n\n\n<li>Localiza\u00e7\u00e3o do im\u00f3vel: \u00e1reas densas, com casas muito pr\u00f3ximas, tendem a sofrer mais com a fuma\u00e7a.<\/li>\n<\/ul>\n","protected":false},"excerpt":{"rendered":"<p>Usar fog\u00e3o a lenha em determinadas condi\u00e7\u00f5es pode resultar em problemas perante a legisla\u00e7\u00e3o brasileira. Presente em muitos lares, seja por tradi\u00e7\u00e3o, economia ou prefer\u00eancia culin\u00e1ria, o m\u00e9todo \u00e9 muito comum. Contudo, \u00e9 preciso ficar atento para n\u00e3o quebrar as regras, que est\u00e3o ligadas ao meio ambiente. O equipamento em si n\u00e3o est\u00e1 em debate. [&hellip;]<\/p>\n","protected":false},"author":14,"featured_media":23796,"comment_status":"open","ping_status":"open","sticky":false,"template":"","format":"standard","meta":{"jnews-multi-image_gallery":[],"jnews_single_post":{"format":"standard"},"jnews_primary_category":[],"jnews_social_meta":[],"jnews_post_split":[],"footnotes":""},"categories":[1],"tags":[],"class_list":["post-23795","post","type-post","status-publish","format-standard","has-post-thumbnail","hentry","category-variedades"],"_links":{"self":[{"href":"https:\/\/diariodaregiao.audiencelabs.com.br\/wp-json\/wp\/v2\/posts\/23795","targetHints":{"allow":["GET"]}}],"collection":[{"href":"https:\/\/diariodaregiao.audiencelabs.com.br\/wp-json\/wp\/v2\/posts"}],"about":[{"href":"https:\/\/diariodaregiao.audiencelabs.com.br\/wp-json\/wp\/v2\/types\/post"}],"author":[{"embeddable":true,"href":"https:\/\/diariodaregiao.audiencelabs.com.br\/wp-json\/wp\/v2\/users\/14"}],"replies":[{"embeddable":true,"href":"https:\/\/diariodaregiao.audiencelabs.com.br\/wp-json\/wp\/v2\/comments?post=23795"}],"version-history":[{"count":2,"href":"https:\/\/diariodaregiao.audiencelabs.com.br\/wp-json\/wp\/v2\/posts\/23795\/revisions"}],"predecessor-version":[{"id":24116,"href":"https:\/\/diariodaregiao.audiencelabs.com.br\/wp-json\/wp\/v2\/posts\/23795\/revisions\/24116"}],"wp:featuredmedia":[{"embeddable":true,"href":"https:\/\/diariodaregiao.audiencelabs.com.br\/wp-json\/wp\/v2\/media\/23796"}],"wp:attachment":[{"href":"https:\/\/diariodaregiao.audiencelabs.com.br\/wp-json\/wp\/v2\/media?parent=23795"}],"wp:term":[{"taxonomy":"category","embeddable":true,"href":"https:\/\/diariodaregiao.audiencelabs.com.br\/wp-json\/wp\/v2\/categories?post=23795"},{"taxonomy":"post_tag","embeddable":true,"href":"https:\/\/diariodaregiao.audiencelabs.com.br\/wp-json\/wp\/v2\/tags?post=23795"}],"curies":[{"name":"wp","href":"https:\/\/api.w.org\/{rel}","templated":true}]}}