{"id":23837,"date":"2026-05-03T08:42:00","date_gmt":"2026-05-03T11:42:00","guid":{"rendered":"https:\/\/diariodaregiao.audiencelabs.com.br\/?p=23837"},"modified":"2026-04-28T21:07:12","modified_gmt":"2026-04-29T00:07:12","slug":"polo-magnetico-da-terra-nao-para-de-mudar-de-lugar-se-movendo-55-km-por-ano","status":"publish","type":"post","link":"https:\/\/diariodaregiao.audiencelabs.com.br\/polo-magnetico-da-terra-nao-para-de-mudar-de-lugar-se-movendo-55-km-por-ano\/","title":{"rendered":"Polo magn\u00e9tico da Terra n\u00e3o para de mudar de lugar, se movendo 55 km por ano"},"content":{"rendered":"\n<p>O polo magn\u00e9tico da Terra est\u00e1 em constante movimento, o que gera preocupa\u00e7\u00f5es e questionamentos entre cientistas e especialistas. Atualmente, esse polo se desloca em dire\u00e7\u00e3o \u00e0 Sib\u00e9ria, a uma velocidade de aproximadamente 55 km por ano.<\/p>\n\n\n\n<p>Essa movimenta\u00e7\u00e3o afeta diretamente tecnologias essenciais, como sistemas de navega\u00e7\u00e3o utilizados em avi\u00f5es, navios e smartphones, tornando a compreens\u00e3o desse fen\u00f4meno ainda mais relevante.<\/p>\n\n\n\n<h2 class=\"wp-block-heading\">Monitoramento e descobertas<\/h2>\n\n\n\n<p>A movimenta\u00e7\u00e3o do polo magn\u00e9tico \u00e9 acompanhada por cientistas do Servi\u00e7o Geol\u00f3gico Brit\u00e2nico (BGS) e da Administra\u00e7\u00e3o Nacional Oce\u00e2nica e Atmosf\u00e9rica (NOAA) dos Estados Unidos.<\/p>\n\n\n\n<p>Essas institui\u00e7\u00f5es s\u00e3o respons\u00e1veis pela atualiza\u00e7\u00e3o do Modelo Magn\u00e9tico Mundial (WMM), que \u00e9 revisado a cada cinco anos. A \u00faltima atualiza\u00e7\u00e3o, divulgada em dezembro de 2024, confirmou que o polo est\u00e1 se aproximando da Sib\u00e9ria, o que requer ajustes nos sistemas de navega\u00e7\u00e3o.<\/p>\n\n\n\n<p>As medi\u00e7\u00f5es realizadas por sat\u00e9lites e observat\u00f3rios em terra s\u00e3o fundamentais para entender o comportamento do campo magn\u00e9tico terrestre. Os dados obtidos corroboraram previs\u00f5es anteriores, indicando que a movimenta\u00e7\u00e3o do polo \u00e9 um fen\u00f4meno cont\u00ednuo e monitorado com precis\u00e3o.<\/p>\n\n\n\n<p>Desde sua descoberta em 1831, o polo magn\u00e9tico percorreu mais de 1.500 quil\u00f4metros, deslocando-se gradualmente em dire\u00e7\u00e3o \u00e0 R\u00fassia. Nas \u00faltimas d\u00e9cadas, esse movimento se intensificou, atingindo uma velocidade de 55 km por ano na d\u00e9cada de 1990.&nbsp;<\/p>\n\n\n\n<p>Altera\u00e7\u00f5es mais dr\u00e1sticas no campo magn\u00e9tico podem ter consequ\u00eancias significativas, como desorienta\u00e7\u00e3o de sat\u00e9lites e interfer\u00eancia em comunica\u00e7\u00f5es. Um campo magn\u00e9tico enfraquecido pode afetar a migra\u00e7\u00e3o de animais e, em casos extremos, levar a uma invers\u00e3o dos polos magn\u00e9ticos, um evento que j\u00e1 ocorreu em per\u00edodos anteriores da hist\u00f3ria da Terra.<\/p>\n\n\n\n<p>Cientistas continuam a monitorar o fen\u00f4meno, aguardando novas atualiza\u00e7\u00f5es do WMM, previstas para 2030, que poder\u00e3o oferecer mais insights sobre esse importante aspecto do nosso planeta.<\/p>\n","protected":false},"excerpt":{"rendered":"<p>O polo magn\u00e9tico da Terra est\u00e1 em constante movimento, o que gera preocupa\u00e7\u00f5es e questionamentos entre cientistas e especialistas. Atualmente, esse polo se desloca em dire\u00e7\u00e3o \u00e0 Sib\u00e9ria, a uma velocidade de aproximadamente 55 km por ano. Essa movimenta\u00e7\u00e3o afeta diretamente tecnologias essenciais, como sistemas de navega\u00e7\u00e3o utilizados em avi\u00f5es, navios e smartphones, tornando a [&hellip;]<\/p>\n","protected":false},"author":4,"featured_media":23838,"comment_status":"open","ping_status":"open","sticky":false,"template":"","format":"standard","meta":{"jnews-multi-image_gallery":[],"jnews_single_post":{"format":"standard"},"jnews_primary_category":[],"jnews_social_meta":[],"jnews_post_split":[],"footnotes":""},"categories":[1],"tags":[],"class_list":["post-23837","post","type-post","status-publish","format-standard","has-post-thumbnail","hentry","category-variedades"],"_links":{"self":[{"href":"https:\/\/diariodaregiao.audiencelabs.com.br\/wp-json\/wp\/v2\/posts\/23837","targetHints":{"allow":["GET"]}}],"collection":[{"href":"https:\/\/diariodaregiao.audiencelabs.com.br\/wp-json\/wp\/v2\/posts"}],"about":[{"href":"https:\/\/diariodaregiao.audiencelabs.com.br\/wp-json\/wp\/v2\/types\/post"}],"author":[{"embeddable":true,"href":"https:\/\/diariodaregiao.audiencelabs.com.br\/wp-json\/wp\/v2\/users\/4"}],"replies":[{"embeddable":true,"href":"https:\/\/diariodaregiao.audiencelabs.com.br\/wp-json\/wp\/v2\/comments?post=23837"}],"version-history":[{"count":1,"href":"https:\/\/diariodaregiao.audiencelabs.com.br\/wp-json\/wp\/v2\/posts\/23837\/revisions"}],"predecessor-version":[{"id":23839,"href":"https:\/\/diariodaregiao.audiencelabs.com.br\/wp-json\/wp\/v2\/posts\/23837\/revisions\/23839"}],"wp:featuredmedia":[{"embeddable":true,"href":"https:\/\/diariodaregiao.audiencelabs.com.br\/wp-json\/wp\/v2\/media\/23838"}],"wp:attachment":[{"href":"https:\/\/diariodaregiao.audiencelabs.com.br\/wp-json\/wp\/v2\/media?parent=23837"}],"wp:term":[{"taxonomy":"category","embeddable":true,"href":"https:\/\/diariodaregiao.audiencelabs.com.br\/wp-json\/wp\/v2\/categories?post=23837"},{"taxonomy":"post_tag","embeddable":true,"href":"https:\/\/diariodaregiao.audiencelabs.com.br\/wp-json\/wp\/v2\/tags?post=23837"}],"curies":[{"name":"wp","href":"https:\/\/api.w.org\/{rel}","templated":true}]}}