{"id":23863,"date":"2026-04-29T09:00:00","date_gmt":"2026-04-29T12:00:00","guid":{"rendered":"https:\/\/diariodaregiao.audiencelabs.com.br\/?p=23863"},"modified":"2026-04-28T23:17:21","modified_gmt":"2026-04-29T02:17:21","slug":"craque-neto-anuncia-mais-uma-venda-milionaria-do-palmeiras","status":"publish","type":"post","link":"https:\/\/diariodaregiao.audiencelabs.com.br\/craque-neto-anuncia-mais-uma-venda-milionaria-do-palmeiras\/","title":{"rendered":"Craque Neto anuncia mais uma venda milion\u00e1ria do Palmeiras"},"content":{"rendered":"\n<p>O apresentador e ex-jogador Craque Neto deu o que falar ao anunciar mais uma venda milion\u00e1ria envolvendo o Palmeiras, trazendo detalhes que rapidamente chamaram a aten\u00e7\u00e3o dos torcedores. A informa\u00e7\u00e3o foi revelada durante o programa Os Donos da Bola na \u00faltima ter\u00e7a-feira (28), indicando um novo acordo de grande impacto para o clube.<\/p>\n\n\n\n<p>Segundo ele, o <strong>Real Madrid<\/strong> j\u00e1 acertou a contrata\u00e7\u00e3o de um dos jovens mais promissores da base palmeirense. Trata-se de <strong>Eduardo Concei\u00e7\u00e3o<\/strong>, meia de apenas 16 anos que vinha sendo tratado como uma das grandes joias do elenco.<\/p>\n\n\n\n<h2 class=\"wp-block-heading\">Destaque nacional e internacional<\/h2>\n\n\n\n<p>A negocia\u00e7\u00e3o, no entanto, n\u00e3o teve os valores divulgados pelo apresentador, o que aumentou ainda mais a curiosidade em torno do acordo. Justamente por se tratar de um atleta t\u00e3o jovem e valorizado internamente, a transfer\u00eancia chama aten\u00e7\u00e3o pelo potencial envolvido.<\/p>\n\n\n\n<p>Eduardo Concei\u00e7\u00e3o ganhou destaque recente ao ser um dos principais nomes do Palmeiras na \u00faltima edi\u00e7\u00e3o da Copa S\u00e3o Paulo de Futebol J\u00fanior. At\u00e9 mesmo sendo o mais novo do elenco, o jogador conseguiu se destacar com atua\u00e7\u00f5es consistentes e chamou olhares dentro e fora do pa\u00eds.<\/p>\n\n\n\n<p>Al\u00e9m disso, o atleta tamb\u00e9m acumula convoca\u00e7\u00f5es para a Sele\u00e7\u00e3o Brasileira de base, refor\u00e7ando sua proje\u00e7\u00e3o no cen\u00e1rio nacional. Ele esteve recentemente no grupo que conquistou a medalha de bronze no Sul-Americano sub-17, garantindo vaga para a Copa do Mundo da categoria, marcada para novembro, no Catar.<\/p>\n\n\n\n<h2 class=\"wp-block-heading\">N\u00fameros e desempenho refor\u00e7am proje\u00e7\u00e3o do jovem<\/h2>\n\n\n\n<p>Os n\u00fameros de Eduardo Concei\u00e7\u00e3o ajudam a explicar o interesse de um gigante europeu como o Real Madrid, ainda que os valores n\u00e3o tenham sido revelados. No ano passado, ele registrou 12 gols em 33 partidas pelo sub-17 do Palmeiras, mostrando regularidade ao longo da temporada.<\/p>\n\n\n\n<p>J\u00e1 em 2026, atuando pelo time sub-20, o meia soma 15 jogos, com cinco gols marcados e tr\u00eas assist\u00eancias distribu\u00eddas. Esses dados refor\u00e7am justamente a evolu\u00e7\u00e3o do atleta, que vem subindo de categoria e mantendo um bom n\u00edvel de desempenho.<\/p>\n\n\n\n<p>No entanto, o reconhecimento n\u00e3o \u00e9 apenas recente, j\u00e1 que o jogador tamb\u00e9m foi campe\u00e3o do Paulista Sub-15 em 2024. Na ocasi\u00e3o, ele j\u00e1 demonstrava caracter\u00edsticas que hoje seguem sendo seu principal diferencial dentro de campo.<\/p>\n\n\n\n<figure class=\"wp-block-image size-large\"><img loading=\"lazy\" decoding=\"async\" width=\"1024\" height=\"576\" src=\"https:\/\/diariodaregiao.audiencelabs.com.br\/wp-content\/uploads\/2026\/04\/Edu7.jpg-1-1024x576.jpg\" alt=\"\" class=\"wp-image-23865\" srcset=\"https:\/\/diariodaregiao.audiencelabs.com.br\/wp-content\/uploads\/2026\/04\/Edu7.jpg-1-1024x576.jpg 1024w, https:\/\/diariodaregiao.audiencelabs.com.br\/wp-content\/uploads\/2026\/04\/Edu7.jpg-1-300x169.jpg 300w, https:\/\/diariodaregiao.audiencelabs.com.br\/wp-content\/uploads\/2026\/04\/Edu7.jpg-1-768x432.jpg 768w, https:\/\/diariodaregiao.audiencelabs.com.br\/wp-content\/uploads\/2026\/04\/Edu7.jpg-1-750x422.jpg 750w, https:\/\/diariodaregiao.audiencelabs.com.br\/wp-content\/uploads\/2026\/04\/Edu7.jpg-1-1140x641.jpg 1140w, https:\/\/diariodaregiao.audiencelabs.com.br\/wp-content\/uploads\/2026\/04\/Edu7.jpg-1.jpg 1245w\" sizes=\"auto, (max-width: 1024px) 100vw, 1024px\" \/><figcaption class=\"wp-element-caption\">Cr\u00e9ditos: Cesar Greco\/Palmeiras<\/figcaption><\/figure>\n\n\n\n<h2 class=\"wp-block-heading\">Trajet\u00f3ria de Eduardo Concei\u00e7\u00e3o<\/h2>\n\n\n\n<p>Em janeiro deste ano, Eduardo Concei\u00e7\u00e3o assinou seu primeiro contrato profissional com o Palmeiras, consolidando sua ascens\u00e3o dentro do clube. O v\u00ednculo firmado \u00e9 v\u00e1lido at\u00e9 dezembro de 2029, o que demonstra a confian\u00e7a depositada no atleta desde cedo.<\/p>\n\n\n\n<p>A multa rescis\u00f3ria estabelecida chama aten\u00e7\u00e3o, sendo avaliada em <strong>100 milh\u00f5es de euros<\/strong>, valor que na cota\u00e7\u00e3o atual gira em torno de <strong>R$ 582,3 milh\u00f5es<\/strong>. Esse n\u00famero evidencia justamente o n\u00edvel de expectativa criado em torno do jogador, mesmo ainda em in\u00edcio de carreira.<\/p>\n\n\n\n<p>O jovem chegou ao Palmeiras em 2018, ainda nas categorias de futsal, e construiu toda sua trajet\u00f3ria dentro do clube. Com estilo marcado por velocidade, dribles e t\u00e9cnica apurada, ele rapidamente passou a ser visto como um talento diferenciado.<\/p>\n\n\n\n<p>Diante desse cen\u00e1rio, a informa\u00e7\u00e3o trazida por Craque Neto refor\u00e7a mais uma poss\u00edvel venda expressiva envolvendo o Palmeiras, mesmo sem a divulga\u00e7\u00e3o dos valores. Ainda assim, o nome de Eduardo Concei\u00e7\u00e3o surge como mais um exemplo da for\u00e7a da base alviverde, que segue revelando talentos e despertando interesse internacional.<\/p>\n","protected":false},"excerpt":{"rendered":"<p>O apresentador e ex-jogador Craque Neto deu o que falar ao anunciar mais uma venda milion\u00e1ria envolvendo o Palmeiras, trazendo detalhes que rapidamente chamaram a aten\u00e7\u00e3o dos torcedores. A informa\u00e7\u00e3o foi revelada durante o programa Os Donos da Bola na \u00faltima ter\u00e7a-feira (28), indicando um novo acordo de grande impacto para o clube. Segundo ele, [&hellip;]<\/p>\n","protected":false},"author":10,"featured_media":23864,"comment_status":"open","ping_status":"open","sticky":false,"template":"","format":"standard","meta":{"jnews-multi-image_gallery":[],"jnews_single_post":{"format":"standard"},"jnews_primary_category":[],"jnews_social_meta":[],"jnews_post_split":[],"footnotes":""},"categories":[1],"tags":[],"class_list":["post-23863","post","type-post","status-publish","format-standard","has-post-thumbnail","hentry","category-variedades"],"_links":{"self":[{"href":"https:\/\/diariodaregiao.audiencelabs.com.br\/wp-json\/wp\/v2\/posts\/23863","targetHints":{"allow":["GET"]}}],"collection":[{"href":"https:\/\/diariodaregiao.audiencelabs.com.br\/wp-json\/wp\/v2\/posts"}],"about":[{"href":"https:\/\/diariodaregiao.audiencelabs.com.br\/wp-json\/wp\/v2\/types\/post"}],"author":[{"embeddable":true,"href":"https:\/\/diariodaregiao.audiencelabs.com.br\/wp-json\/wp\/v2\/users\/10"}],"replies":[{"embeddable":true,"href":"https:\/\/diariodaregiao.audiencelabs.com.br\/wp-json\/wp\/v2\/comments?post=23863"}],"version-history":[{"count":1,"href":"https:\/\/diariodaregiao.audiencelabs.com.br\/wp-json\/wp\/v2\/posts\/23863\/revisions"}],"predecessor-version":[{"id":23866,"href":"https:\/\/diariodaregiao.audiencelabs.com.br\/wp-json\/wp\/v2\/posts\/23863\/revisions\/23866"}],"wp:featuredmedia":[{"embeddable":true,"href":"https:\/\/diariodaregiao.audiencelabs.com.br\/wp-json\/wp\/v2\/media\/23864"}],"wp:attachment":[{"href":"https:\/\/diariodaregiao.audiencelabs.com.br\/wp-json\/wp\/v2\/media?parent=23863"}],"wp:term":[{"taxonomy":"category","embeddable":true,"href":"https:\/\/diariodaregiao.audiencelabs.com.br\/wp-json\/wp\/v2\/categories?post=23863"},{"taxonomy":"post_tag","embeddable":true,"href":"https:\/\/diariodaregiao.audiencelabs.com.br\/wp-json\/wp\/v2\/tags?post=23863"}],"curies":[{"name":"wp","href":"https:\/\/api.w.org\/{rel}","templated":true}]}}