{"id":23867,"date":"2026-04-29T09:32:00","date_gmt":"2026-04-29T12:32:00","guid":{"rendered":"https:\/\/diariodaregiao.audiencelabs.com.br\/?p=23867"},"modified":"2026-04-28T23:29:36","modified_gmt":"2026-04-29T02:29:36","slug":"enquanto-depay-deve-deixar-o-corinthians-o-timao-quer-a-contratacao-de-atacante-que-fez-carreira-na-italia","status":"publish","type":"post","link":"https:\/\/diariodaregiao.audiencelabs.com.br\/enquanto-depay-deve-deixar-o-corinthians-o-timao-quer-a-contratacao-de-atacante-que-fez-carreira-na-italia\/","title":{"rendered":"Enquanto Depay deve deixar o Corinthians, o Tim\u00e3o quer a contrata\u00e7\u00e3o de atacante que fez carreira na It\u00e1lia"},"content":{"rendered":"\n<p>Enquanto a poss\u00edvel sa\u00edda de um atacante ganha for\u00e7a nos bastidores, o Corinthians j\u00e1 se movimenta no mercado e mira um nome que construiu boa parte da carreira na Europa, principalmente em solo italiano. A diretoria do clube avalia alternativas justamente para refor\u00e7ar o setor ofensivo, principalmente levando em conta que Memphis Depay pode acabar saindo.<\/p>\n\n\n\n<h2 class=\"wp-block-heading\">Experi\u00eancia na It\u00e1lia<\/h2>\n\n\n\n<p>O nome que surge com for\u00e7a nos bastidores \u00e9 o de <strong>Gabriel Strefezza<\/strong>, atacante de 29 anos que atualmente atua no Parma, da It\u00e1lia. Revelado nas categorias de base do pr\u00f3prio Corinthians, o jogador foi oferecido ao clube e agradou internamente, o que motivou o in\u00edcio das conversas.<\/p>\n\n\n\n<p>Strefezza pertence atualmente ao Olympiacos, da Gr\u00e9cia, e tem contrato com o clube at\u00e9 junho de 2029, no entanto est\u00e1 emprestado ao Parma at\u00e9 o dia 30 de junho. Justamente por isso, o Corinthians v\u00ea a possibilidade de negociar um novo empr\u00e9stimo na pr\u00f3xima janela de transfer\u00eancias.<\/p>\n\n\n\n<p>A diretoria trabalha com cautela, mas j\u00e1 definiu que pretende contratar ao menos dois jogadores para atuar pelos lados do campo. At\u00e9 mesmo por conta disso, o nome do brasileiro ganhou for\u00e7a nos bastidores e passou a ser tratado como prioridade.<\/p>\n\n\n\n<p>Com uma longa trajet\u00f3ria no futebol italiano, Strefezza acumulou experi\u00eancia entre 2016 e 2025, passando por equipes como Lecce, Como e Cremonese. Esse hist\u00f3rico, inclusive, pesa positivamente na avalia\u00e7\u00e3o do Corinthians, que busca atletas prontos para atuar.<\/p>\n\n\n\n<figure class=\"wp-block-image size-large\"><img loading=\"lazy\" decoding=\"async\" width=\"1024\" height=\"723\" src=\"https:\/\/diariodaregiao.audiencelabs.com.br\/wp-content\/uploads\/2026\/04\/imagem_2026-04-28_232632797-1024x723.png\" alt=\"\" class=\"wp-image-23869\" srcset=\"https:\/\/diariodaregiao.audiencelabs.com.br\/wp-content\/uploads\/2026\/04\/imagem_2026-04-28_232632797-1024x723.png 1024w, https:\/\/diariodaregiao.audiencelabs.com.br\/wp-content\/uploads\/2026\/04\/imagem_2026-04-28_232632797-300x212.png 300w, https:\/\/diariodaregiao.audiencelabs.com.br\/wp-content\/uploads\/2026\/04\/imagem_2026-04-28_232632797-768x542.png 768w, https:\/\/diariodaregiao.audiencelabs.com.br\/wp-content\/uploads\/2026\/04\/imagem_2026-04-28_232632797-120x86.png 120w, https:\/\/diariodaregiao.audiencelabs.com.br\/wp-content\/uploads\/2026\/04\/imagem_2026-04-28_232632797-750x529.png 750w, https:\/\/diariodaregiao.audiencelabs.com.br\/wp-content\/uploads\/2026\/04\/imagem_2026-04-28_232632797-1140x805.png 1140w, https:\/\/diariodaregiao.audiencelabs.com.br\/wp-content\/uploads\/2026\/04\/imagem_2026-04-28_232632797.png 1200w\" sizes=\"auto, (max-width: 1024px) 100vw, 1024px\" \/><figcaption class=\"wp-element-caption\">Cr\u00e9ditos: Reprodu\u00e7\u00e3o\/Instagram (@gabrielstrefezza)<\/figcaption><\/figure>\n\n\n\n<h2 class=\"wp-block-heading\">Poss\u00edvel sa\u00edda de Memphis Depay<\/h2>\n\n\n\n<p>Ao mesmo tempo em que busca refor\u00e7os, o Corinthians vive uma situa\u00e7\u00e3o delicada envolvendo Memphis Depay, cujo futuro ainda est\u00e1 indefinido. O clube negocia com empresas parceiras na tentativa de viabilizar a perman\u00eancia do jogador sem comprometer ainda mais as finan\u00e7as.<\/p>\n\n\n\n<p>A diretoria deixa claro internamente que n\u00e3o pretende arcar com os custos do atacante a partir de julho, justamente por conta das dificuldades financeiras. O contrato atual termina no meio do ano, e a renova\u00e7\u00e3o depende diretamente de um acordo externo para bancar os valores.<\/p>\n\n\n\n<p>O presidente Osmar Stabile tem confidenciado nos bastidores que o clube n\u00e3o assumir\u00e1 os custos de Memphis sem ajuda. At\u00e9 mesmo uma poss\u00edvel redu\u00e7\u00e3o salarial foi sinalizada pelo jogador, mas ainda sem detalhes concretos sobre como isso seria aplicado.<\/p>\n\n\n\n<p>Al\u00e9m disso, o Corinthians enfrenta um problema significativo relacionado a valores em aberto com o atleta. Atualmente, o clube deve cerca de R$ 42 milh\u00f5es, e o pagamento depende de uma negocia\u00e7\u00e3o futura para parcelamento, sem liga\u00e7\u00e3o direta com a renova\u00e7\u00e3o.<\/p>\n\n\n\n<h2 class=\"wp-block-heading\">Memphis segue sem atuar<\/h2>\n\n\n\n<p>Outro fator que pesa na situa\u00e7\u00e3o de Memphis \u00e9 a quest\u00e3o f\u00edsica, j\u00e1 que o atacante est\u00e1 fora de combate h\u00e1 mais de um m\u00eas. Ele se recupera de uma les\u00e3o na coxa direita, sofrida em 22 de mar\u00e7o, durante partida contra o Flamengo.<\/p>\n\n\n\n<p>O problema foi agravado por um erro na prepara\u00e7\u00e3o f\u00edsica do clube, o que prolongou o tempo de recupera\u00e7\u00e3o e aumentou a preocupa\u00e7\u00e3o interna. No entanto, ainda n\u00e3o h\u00e1 previs\u00e3o para o retorno do jogador aos gramados, o que amplia as d\u00favidas sobre seu futuro.<\/p>\n\n\n\n<p>Diante desse cen\u00e1rio, o Corinthians intensifica o planejamento para a pr\u00f3xima janela, buscando alternativas que possam suprir poss\u00edveis sa\u00eddas. Justamente nesse contexto, o nome de Gabriel Strefezza aparece como uma solu\u00e7\u00e3o vi\u00e1vel e alinhada \u00e0s necessidades do elenco.<\/p>\n\n\n\n<p>Assim, o clube tenta equilibrar suas contas enquanto reformula o setor ofensivo, mirando op\u00e7\u00f5es mais sustent\u00e1veis. At\u00e9 mesmo por isso, a poss\u00edvel chegada de um atleta com hist\u00f3rico na It\u00e1lia ganha ainda mais relev\u00e2ncia neste momento decisivo.<\/p>\n","protected":false},"excerpt":{"rendered":"<p>Enquanto a poss\u00edvel sa\u00edda de um atacante ganha for\u00e7a nos bastidores, o Corinthians j\u00e1 se movimenta no mercado e mira um nome que construiu boa parte da carreira na Europa, principalmente em solo italiano. A diretoria do clube avalia alternativas justamente para refor\u00e7ar o setor ofensivo, principalmente levando em conta que Memphis Depay pode acabar [&hellip;]<\/p>\n","protected":false},"author":10,"featured_media":23358,"comment_status":"open","ping_status":"open","sticky":false,"template":"","format":"standard","meta":{"jnews-multi-image_gallery":[],"jnews_single_post":{"format":"standard"},"jnews_primary_category":[],"jnews_social_meta":[],"jnews_post_split":[],"footnotes":""},"categories":[1],"tags":[],"class_list":["post-23867","post","type-post","status-publish","format-standard","has-post-thumbnail","hentry","category-variedades"],"_links":{"self":[{"href":"https:\/\/diariodaregiao.audiencelabs.com.br\/wp-json\/wp\/v2\/posts\/23867","targetHints":{"allow":["GET"]}}],"collection":[{"href":"https:\/\/diariodaregiao.audiencelabs.com.br\/wp-json\/wp\/v2\/posts"}],"about":[{"href":"https:\/\/diariodaregiao.audiencelabs.com.br\/wp-json\/wp\/v2\/types\/post"}],"author":[{"embeddable":true,"href":"https:\/\/diariodaregiao.audiencelabs.com.br\/wp-json\/wp\/v2\/users\/10"}],"replies":[{"embeddable":true,"href":"https:\/\/diariodaregiao.audiencelabs.com.br\/wp-json\/wp\/v2\/comments?post=23867"}],"version-history":[{"count":1,"href":"https:\/\/diariodaregiao.audiencelabs.com.br\/wp-json\/wp\/v2\/posts\/23867\/revisions"}],"predecessor-version":[{"id":23870,"href":"https:\/\/diariodaregiao.audiencelabs.com.br\/wp-json\/wp\/v2\/posts\/23867\/revisions\/23870"}],"wp:featuredmedia":[{"embeddable":true,"href":"https:\/\/diariodaregiao.audiencelabs.com.br\/wp-json\/wp\/v2\/media\/23358"}],"wp:attachment":[{"href":"https:\/\/diariodaregiao.audiencelabs.com.br\/wp-json\/wp\/v2\/media?parent=23867"}],"wp:term":[{"taxonomy":"category","embeddable":true,"href":"https:\/\/diariodaregiao.audiencelabs.com.br\/wp-json\/wp\/v2\/categories?post=23867"},{"taxonomy":"post_tag","embeddable":true,"href":"https:\/\/diariodaregiao.audiencelabs.com.br\/wp-json\/wp\/v2\/tags?post=23867"}],"curies":[{"name":"wp","href":"https:\/\/api.w.org\/{rel}","templated":true}]}}