{"id":23874,"date":"2026-04-29T10:57:00","date_gmt":"2026-04-29T13:57:00","guid":{"rendered":"https:\/\/diariodaregiao.audiencelabs.com.br\/?p=23874"},"modified":"2026-04-28T23:49:00","modified_gmt":"2026-04-29T02:49:00","slug":"enquanto-negocia-venda-por-r-467-milhoes-o-flamengo-tambem-quer-comprar-reforco-de-r-175-milhoes","status":"publish","type":"post","link":"https:\/\/diariodaregiao.audiencelabs.com.br\/enquanto-negocia-venda-por-r-467-milhoes-o-flamengo-tambem-quer-comprar-reforco-de-r-175-milhoes\/","title":{"rendered":"Enquanto negocia venda por R$ 46,7 milh\u00f5es, o Flamengo tamb\u00e9m quer comprar refor\u00e7o de R$ 175 milh\u00f5es"},"content":{"rendered":"\n<p>O Flamengo vive um momento de decis\u00f5es importantes no mercado, justamente enquanto negocia uma venda que pode render cerca de R$ 46,7 milh\u00f5es e, ao mesmo tempo, mira a chegada de um refor\u00e7o avaliado em R$ 175 milh\u00f5es. No entanto, o cen\u00e1rio mostra um clube ativo nos bastidores, equilibrando sa\u00eddas e poss\u00edveis contrata\u00e7\u00f5es de impacto.<\/p>\n\n\n\n<h2 class=\"wp-block-heading\">Joia pode render milh\u00f5es ao clube<\/h2>\n\n\n\n<p>A poss\u00edvel sa\u00edda envolve o jovem <strong>Ryan Roberto<\/strong>, destaque recente nas categorias de base e que chamou aten\u00e7\u00e3o ap\u00f3s a campanha do vice-campeonato da Libertadores Sub-20. O atacante de 18 anos recebeu proposta oficial do <strong>Shakhtar Donetsk<\/strong>, que ofereceu <strong>8 milh\u00f5es de euros<\/strong>, valor equivalente a <strong>R$ 46,7 milh\u00f5es.<\/strong><\/p>\n\n\n\n<p>O jogador tem apenas dois jogos pelo profissional, mas j\u00e1 desperta interesse justamente pelo potencial apresentado nas divis\u00f5es inferiores. No entanto, a falta de espa\u00e7o no elenco principal pesa na decis\u00e3o, ainda mais com o contrato v\u00e1lido apenas at\u00e9 mar\u00e7o de 2027.<\/p>\n\n\n\n<p>O diretor Jos\u00e9 Boto conduz as conversas internamente, enquanto a decis\u00e3o final ainda depende do presidente Bap, mostrando que o neg\u00f3cio exige cautela. At\u00e9 mesmo o pr\u00f3prio atleta e seu estafe veem com bons olhos a transfer\u00eancia, especialmente pela chance de atuar no time principal europeu.<\/p>\n\n\n\n<figure class=\"wp-block-image size-large\"><img loading=\"lazy\" decoding=\"async\" width=\"1024\" height=\"640\" src=\"https:\/\/diariodaregiao.audiencelabs.com.br\/wp-content\/uploads\/2026\/04\/Ryan-Roberto-Flamengo-aspect-ratio-512-320-1-1024x640.jpg\" alt=\"\" class=\"wp-image-23875\" srcset=\"https:\/\/diariodaregiao.audiencelabs.com.br\/wp-content\/uploads\/2026\/04\/Ryan-Roberto-Flamengo-aspect-ratio-512-320-1-1024x640.jpg 1024w, https:\/\/diariodaregiao.audiencelabs.com.br\/wp-content\/uploads\/2026\/04\/Ryan-Roberto-Flamengo-aspect-ratio-512-320-1-300x188.jpg 300w, https:\/\/diariodaregiao.audiencelabs.com.br\/wp-content\/uploads\/2026\/04\/Ryan-Roberto-Flamengo-aspect-ratio-512-320-1-768x480.jpg 768w, https:\/\/diariodaregiao.audiencelabs.com.br\/wp-content\/uploads\/2026\/04\/Ryan-Roberto-Flamengo-aspect-ratio-512-320-1-750x469.jpg 750w, https:\/\/diariodaregiao.audiencelabs.com.br\/wp-content\/uploads\/2026\/04\/Ryan-Roberto-Flamengo-aspect-ratio-512-320-1-1140x713.jpg 1140w, https:\/\/diariodaregiao.audiencelabs.com.br\/wp-content\/uploads\/2026\/04\/Ryan-Roberto-Flamengo-aspect-ratio-512-320-1.jpg 1200w\" sizes=\"auto, (max-width: 1024px) 100vw, 1024px\" \/><figcaption class=\"wp-element-caption\">Cr\u00e9ditos: Divulga\u00e7\u00e3o\/Flamengo<\/figcaption><\/figure>\n\n\n\n<h2 class=\"wp-block-heading\">Estrat\u00e9gia envolve divis\u00e3o de direitos<\/h2>\n\n\n\n<p>A proposta apresentada envolve a compra de 80% dos direitos econ\u00f4micos, o que levaria o Flamengo a vender 50% e manter 20% pensando em uma futura negocia\u00e7\u00e3o. Atualmente, o clube carioca possui 70% dos direitos, ap\u00f3s adquirir mais 20% recentemente por R$ 1,5 milh\u00e3o junto ao Athletico-PR.<\/p>\n\n\n\n<p>Ryan Roberto, natural de S\u00e3o Paulo, iniciou sua trajet\u00f3ria no projeto Paulistinha, no bairro Itaim Paulista, e superou dificuldades at\u00e9 chegar ao futebol profissional. Depois de passagem pelo Athletico-PR, ele chegou ao Flamengo em 2023, sendo apontado como uma das principais joias do clube.<\/p>\n\n\n\n<p>Com o impasse na renova\u00e7\u00e3o, o Flamengo se v\u00ea pressionado, j\u00e1 que a partir de outubro o atleta poder\u00e1 assinar um pr\u00e9-contrato e sair sem custos ao final do v\u00ednculo. Justamente por isso, a negocia\u00e7\u00e3o ganha car\u00e1ter estrat\u00e9gico para evitar preju\u00edzos e garantir retorno financeiro.<\/p>\n\n\n\n<h2 class=\"wp-block-heading\">Refor\u00e7o desejado movimenta cifras altas<\/h2>\n\n\n\n<p>Enquanto avalia a venda, o clube tamb\u00e9m trabalha nos bastidores para tentar a contrata\u00e7\u00e3o do volante <strong>Danilo<\/strong>, atualmente no Botafogo. O jogador \u00e9 visto como alvo importante para a pr\u00f3xima janela, com negocia\u00e7\u00f5es j\u00e1 iniciadas com seu estafe.<\/p>\n\n\n\n<p>A diretoria rubro-negra mant\u00e9m boa rela\u00e7\u00e3o com Giuliano Bertolucci, representante do atleta, o que facilita o avan\u00e7o das conversas. No entanto, a disputa promete ser intensa, j\u00e1 que clubes como Napoli, Bayer Leverkusen, Zenit e Fulham tamb\u00e9m monitoram a situa\u00e7\u00e3o.<\/p>\n\n\n\n<figure class=\"wp-block-image size-large\"><img loading=\"lazy\" decoding=\"async\" width=\"1024\" height=\"639\" src=\"https:\/\/diariodaregiao.audiencelabs.com.br\/wp-content\/uploads\/2026\/04\/55078076282_0aec50ba6b_4k-scaled-aspect-ratio-512-320-1-1024x639.jpg\" alt=\"\" class=\"wp-image-22934\" srcset=\"https:\/\/diariodaregiao.audiencelabs.com.br\/wp-content\/uploads\/2026\/04\/55078076282_0aec50ba6b_4k-scaled-aspect-ratio-512-320-1-1024x639.jpg 1024w, https:\/\/diariodaregiao.audiencelabs.com.br\/wp-content\/uploads\/2026\/04\/55078076282_0aec50ba6b_4k-scaled-aspect-ratio-512-320-1-300x187.jpg 300w, https:\/\/diariodaregiao.audiencelabs.com.br\/wp-content\/uploads\/2026\/04\/55078076282_0aec50ba6b_4k-scaled-aspect-ratio-512-320-1-768x479.jpg 768w, https:\/\/diariodaregiao.audiencelabs.com.br\/wp-content\/uploads\/2026\/04\/55078076282_0aec50ba6b_4k-scaled-aspect-ratio-512-320-1-750x468.jpg 750w, https:\/\/diariodaregiao.audiencelabs.com.br\/wp-content\/uploads\/2026\/04\/55078076282_0aec50ba6b_4k-scaled-aspect-ratio-512-320-1-1140x712.jpg 1140w, https:\/\/diariodaregiao.audiencelabs.com.br\/wp-content\/uploads\/2026\/04\/55078076282_0aec50ba6b_4k-scaled-aspect-ratio-512-320-1.jpg 1200w\" sizes=\"auto, (max-width: 1024px) 100vw, 1024px\" \/><figcaption class=\"wp-element-caption\">Cr\u00e9ditos: Vitor Silva\/Botafogo<\/figcaption><\/figure>\n\n\n\n<p>O valor exigido pelo Botafogo gira em torno de <strong>30 milh\u00f5es de euros<\/strong>, cerca de <strong>R$ 175 milh\u00f5es<\/strong>, mostrando o tamanho do investimento necess\u00e1rio. Ainda assim, o Flamengo avalia a possibilidade, justamente por enxergar o jogador como pe\u00e7a relevante para o elenco.<\/p>\n\n\n\n<p>Dessa forma, o clube carioca vive um cen\u00e1rio de equil\u00edbrio entre vender uma promessa e investir pesado em um nome consolidado, algo comum no futebol atual. No entanto, as pr\u00f3ximas semanas devem ser decisivas para definir se essas movimenta\u00e7\u00f5es realmente v\u00e3o se concretizar.<\/p>\n","protected":false},"excerpt":{"rendered":"<p>O Flamengo vive um momento de decis\u00f5es importantes no mercado, justamente enquanto negocia uma venda que pode render cerca de R$ 46,7 milh\u00f5es e, ao mesmo tempo, mira a chegada de um refor\u00e7o avaliado em R$ 175 milh\u00f5es. No entanto, o cen\u00e1rio mostra um clube ativo nos bastidores, equilibrando sa\u00eddas e poss\u00edveis contrata\u00e7\u00f5es de impacto. [&hellip;]<\/p>\n","protected":false},"author":10,"featured_media":21543,"comment_status":"open","ping_status":"open","sticky":false,"template":"","format":"standard","meta":{"jnews-multi-image_gallery":[],"jnews_single_post":{"format":"standard"},"jnews_primary_category":[],"jnews_social_meta":[],"jnews_post_split":[],"footnotes":""},"categories":[1],"tags":[],"class_list":["post-23874","post","type-post","status-publish","format-standard","has-post-thumbnail","hentry","category-variedades"],"_links":{"self":[{"href":"https:\/\/diariodaregiao.audiencelabs.com.br\/wp-json\/wp\/v2\/posts\/23874","targetHints":{"allow":["GET"]}}],"collection":[{"href":"https:\/\/diariodaregiao.audiencelabs.com.br\/wp-json\/wp\/v2\/posts"}],"about":[{"href":"https:\/\/diariodaregiao.audiencelabs.com.br\/wp-json\/wp\/v2\/types\/post"}],"author":[{"embeddable":true,"href":"https:\/\/diariodaregiao.audiencelabs.com.br\/wp-json\/wp\/v2\/users\/10"}],"replies":[{"embeddable":true,"href":"https:\/\/diariodaregiao.audiencelabs.com.br\/wp-json\/wp\/v2\/comments?post=23874"}],"version-history":[{"count":1,"href":"https:\/\/diariodaregiao.audiencelabs.com.br\/wp-json\/wp\/v2\/posts\/23874\/revisions"}],"predecessor-version":[{"id":23876,"href":"https:\/\/diariodaregiao.audiencelabs.com.br\/wp-json\/wp\/v2\/posts\/23874\/revisions\/23876"}],"wp:featuredmedia":[{"embeddable":true,"href":"https:\/\/diariodaregiao.audiencelabs.com.br\/wp-json\/wp\/v2\/media\/21543"}],"wp:attachment":[{"href":"https:\/\/diariodaregiao.audiencelabs.com.br\/wp-json\/wp\/v2\/media?parent=23874"}],"wp:term":[{"taxonomy":"category","embeddable":true,"href":"https:\/\/diariodaregiao.audiencelabs.com.br\/wp-json\/wp\/v2\/categories?post=23874"},{"taxonomy":"post_tag","embeddable":true,"href":"https:\/\/diariodaregiao.audiencelabs.com.br\/wp-json\/wp\/v2\/tags?post=23874"}],"curies":[{"name":"wp","href":"https:\/\/api.w.org\/{rel}","templated":true}]}}