{"id":23886,"date":"2026-04-29T11:42:00","date_gmt":"2026-04-29T14:42:00","guid":{"rendered":"https:\/\/diariodaregiao.audiencelabs.com.br\/?p=23886"},"modified":"2026-04-29T11:21:24","modified_gmt":"2026-04-29T14:21:24","slug":"alerta-para-beneficiarios-sobre-o-funcionamento-das-agencias-do-inss","status":"publish","type":"post","link":"https:\/\/diariodaregiao.audiencelabs.com.br\/alerta-para-beneficiarios-sobre-o-funcionamento-das-agencias-do-inss\/","title":{"rendered":"Alerta para benefici\u00e1rios sobre o funcionamento das ag\u00eancias do INSS"},"content":{"rendered":"\n<p>O funcionamento das ag\u00eancias do Instituto Nacional do Seguro Social sofreu altera\u00e7\u00e3o importante, e benefici\u00e1rios j\u00e1 foram alertados sobre mudan\u00e7as no atendimento. Justamente por conta de uma data espec\u00edfica, o acesso presencial foi impactado em todo o pa\u00eds, exigindo aten\u00e7\u00e3o redobrada de quem depende dos servi\u00e7os.<\/p>\n\n\n\n<h2 class=\"wp-block-heading\">Atendimento presencial sofre interrup\u00e7\u00e3o<\/h2>\n\n\n\n<p>As unidades f\u00edsicas do INSS n\u00e3o abriram as portas em uma sexta-feira marcada por um feriado nacional, o que acabou afetando diretamente quem buscava atendimento presencial. No entanto, essa paralisa\u00e7\u00e3o foi programada e segue um calend\u00e1rio j\u00e1 conhecido, evitando surpresas maiores para quem acompanha os comunicados oficiais.<\/p>\n\n\n\n<p>A interrup\u00e7\u00e3o aconteceu por causa do Dia do Trabalhador, celebrado em <strong>1\u00ba de maio,<\/strong> data em que diversos \u00f3rg\u00e3os p\u00fablicos suspendem suas atividades. Justamente por isso, o funcionamento nas ag\u00eancias foi pausado em todo o territ\u00f3rio nacional, refor\u00e7ando a necessidade de planejamento por parte dos usu\u00e1rios.<\/p>\n\n\n\n<p>Mesmo com o fechamento tempor\u00e1rio, o retorno das atividades presenciais j\u00e1 teve data definida e n\u00e3o sofreu altera\u00e7\u00f5es adicionais. At\u00e9 mesmo quem tinha pend\u00eancias presenciais p\u00f4de se organizar sabendo que o atendimento seria retomado normalmente na segunda-feira seguinte.<\/p>\n\n\n\n<h2 class=\"wp-block-heading\">Central 135 mant\u00e9m parte dos servi\u00e7os<\/h2>\n\n\n\n<p>Durante o per\u00edodo em que as ag\u00eancias ficaram fechadas, a <strong>Central 135<\/strong> seguiu operando, mas com limita\u00e7\u00f5es no tipo de atendimento oferecido. No entanto, o suporte humano n\u00e3o esteve dispon\u00edvel inicialmente, sendo substitu\u00eddo por um sistema eletr\u00f4nico autom\u00e1tico.<\/p>\n\n\n\n<p>Esse formato permitiu que os usu\u00e1rios continuassem acessando informa\u00e7\u00f5es b\u00e1sicas e servi\u00e7os essenciais, ainda que sem contato direto com atendentes. Justamente para minimizar impactos, o atendimento humano foi retomado rapidamente, voltando a funcionar j\u00e1 no s\u00e1bado, em hor\u00e1rio espec\u00edfico.<\/p>\n\n\n\n<p>O servi\u00e7o com atendentes passou a operar das 7h \u00e0s 22h, garantindo uma alternativa relevante para quem precisava resolver quest\u00f5es mais detalhadas. At\u00e9 mesmo em meio ao feriado, essa op\u00e7\u00e3o ajudou a manter parte da assist\u00eancia ativa para os segurados.<\/p>\n\n\n\n<figure class=\"wp-block-image size-large\"><img loading=\"lazy\" decoding=\"async\" width=\"1024\" height=\"613\" src=\"https:\/\/diariodaregiao.audiencelabs.com.br\/wp-content\/uploads\/2026\/04\/mc_previdencia_socialsantos_fc2108200888-1-1024x613.jpg\" alt=\"\" class=\"wp-image-21547\" srcset=\"https:\/\/diariodaregiao.audiencelabs.com.br\/wp-content\/uploads\/2026\/04\/mc_previdencia_socialsantos_fc2108200888-1-1024x613.jpg 1024w, https:\/\/diariodaregiao.audiencelabs.com.br\/wp-content\/uploads\/2026\/04\/mc_previdencia_socialsantos_fc2108200888-1-300x180.jpg 300w, https:\/\/diariodaregiao.audiencelabs.com.br\/wp-content\/uploads\/2026\/04\/mc_previdencia_socialsantos_fc2108200888-1-768x460.jpg 768w, https:\/\/diariodaregiao.audiencelabs.com.br\/wp-content\/uploads\/2026\/04\/mc_previdencia_socialsantos_fc2108200888-1-750x449.jpg 750w, https:\/\/diariodaregiao.audiencelabs.com.br\/wp-content\/uploads\/2026\/04\/mc_previdencia_socialsantos_fc2108200888-1-1140x682.jpg 1140w, https:\/\/diariodaregiao.audiencelabs.com.br\/wp-content\/uploads\/2026\/04\/mc_previdencia_socialsantos_fc2108200888-1.jpg 1200w\" sizes=\"auto, (max-width: 1024px) 100vw, 1024px\" \/><figcaption class=\"wp-element-caption\">Cr\u00e9ditos: Marcello Casal Jr\/Ag\u00eancia Brasil<\/figcaption><\/figure>\n\n\n\n<h2 class=\"wp-block-heading\">Servi\u00e7os digitais seguem sem interrup\u00e7\u00e3o<\/h2>\n\n\n\n<p>Enquanto o atendimento presencial foi suspenso e o telef\u00f4nico parcialmente limitado, os canais digitais continuaram funcionando normalmente. No entanto, muitos usu\u00e1rios ainda desconhecem que esses servi\u00e7os ficam dispon\u00edveis sem qualquer pausa, inclusive em feriados.<\/p>\n\n\n\n<p>Por meio do site e do aplicativo Meu INSS, \u00e9 poss\u00edvel acessar uma ampla gama de funcionalidades a qualquer momento do dia. Justamente por essa disponibilidade cont\u00ednua, esses canais se tornaram fundamentais em per\u00edodos de fechamento das ag\u00eancias f\u00edsicas.<\/p>\n\n\n\n<p>Entre os servi\u00e7os oferecidos est\u00e3o a consulta de informa\u00e7\u00f5es, solicita\u00e7\u00e3o de benef\u00edcios e acompanhamento de processos em andamento. At\u00e9 mesmo demandas mais comuns podem ser resolvidas sem a necessidade de deslocamento, o que traz praticidade aos benefici\u00e1rios.<\/p>\n\n\n\n<p>Esse cen\u00e1rio refor\u00e7a a import\u00e2ncia de acompanhar os comunicados sobre o funcionamento do INSS, especialmente em datas espec\u00edficas como feriados nacionais. No entanto, com alternativas digitais e atendimento telef\u00f4nico ajustado, os usu\u00e1rios ainda conseguem manter o acesso aos principais servi\u00e7os sem grandes dificuldades.<\/p>\n","protected":false},"excerpt":{"rendered":"<p>O funcionamento das ag\u00eancias do Instituto Nacional do Seguro Social sofreu altera\u00e7\u00e3o importante, e benefici\u00e1rios j\u00e1 foram alertados sobre mudan\u00e7as no atendimento. Justamente por conta de uma data espec\u00edfica, o acesso presencial foi impactado em todo o pa\u00eds, exigindo aten\u00e7\u00e3o redobrada de quem depende dos servi\u00e7os. Atendimento presencial sofre interrup\u00e7\u00e3o As unidades f\u00edsicas do INSS [&hellip;]<\/p>\n","protected":false},"author":10,"featured_media":21546,"comment_status":"open","ping_status":"open","sticky":false,"template":"","format":"standard","meta":{"jnews-multi-image_gallery":[],"jnews_single_post":{"format":"standard"},"jnews_primary_category":[],"jnews_social_meta":[],"jnews_post_split":[],"footnotes":""},"categories":[1],"tags":[],"class_list":["post-23886","post","type-post","status-publish","format-standard","has-post-thumbnail","hentry","category-variedades"],"_links":{"self":[{"href":"https:\/\/diariodaregiao.audiencelabs.com.br\/wp-json\/wp\/v2\/posts\/23886","targetHints":{"allow":["GET"]}}],"collection":[{"href":"https:\/\/diariodaregiao.audiencelabs.com.br\/wp-json\/wp\/v2\/posts"}],"about":[{"href":"https:\/\/diariodaregiao.audiencelabs.com.br\/wp-json\/wp\/v2\/types\/post"}],"author":[{"embeddable":true,"href":"https:\/\/diariodaregiao.audiencelabs.com.br\/wp-json\/wp\/v2\/users\/10"}],"replies":[{"embeddable":true,"href":"https:\/\/diariodaregiao.audiencelabs.com.br\/wp-json\/wp\/v2\/comments?post=23886"}],"version-history":[{"count":1,"href":"https:\/\/diariodaregiao.audiencelabs.com.br\/wp-json\/wp\/v2\/posts\/23886\/revisions"}],"predecessor-version":[{"id":23887,"href":"https:\/\/diariodaregiao.audiencelabs.com.br\/wp-json\/wp\/v2\/posts\/23886\/revisions\/23887"}],"wp:featuredmedia":[{"embeddable":true,"href":"https:\/\/diariodaregiao.audiencelabs.com.br\/wp-json\/wp\/v2\/media\/21546"}],"wp:attachment":[{"href":"https:\/\/diariodaregiao.audiencelabs.com.br\/wp-json\/wp\/v2\/media?parent=23886"}],"wp:term":[{"taxonomy":"category","embeddable":true,"href":"https:\/\/diariodaregiao.audiencelabs.com.br\/wp-json\/wp\/v2\/categories?post=23886"},{"taxonomy":"post_tag","embeddable":true,"href":"https:\/\/diariodaregiao.audiencelabs.com.br\/wp-json\/wp\/v2\/tags?post=23886"}],"curies":[{"name":"wp","href":"https:\/\/api.w.org\/{rel}","templated":true}]}}