{"id":23888,"date":"2026-04-29T12:30:00","date_gmt":"2026-04-29T15:30:00","guid":{"rendered":"https:\/\/diariodaregiao.audiencelabs.com.br\/?p=23888"},"modified":"2026-04-29T11:27:42","modified_gmt":"2026-04-29T14:27:42","slug":"selecao-brasileira-e-comunicada-sobre-pagamento-de-r-45-bilhoes-e-a-cbf-tem-motivos-para-comemorar","status":"publish","type":"post","link":"https:\/\/diariodaregiao.audiencelabs.com.br\/selecao-brasileira-e-comunicada-sobre-pagamento-de-r-45-bilhoes-e-a-cbf-tem-motivos-para-comemorar\/","title":{"rendered":"Sele\u00e7\u00e3o Brasileira \u00e9 comunicada sobre pagamento de R$ 4,5 bilh\u00f5es, e a CBF tem motivos para comemorar"},"content":{"rendered":"\n<p>A Sele\u00e7\u00e3o Brasileira recebeu uma comunica\u00e7\u00e3o importante sobre valores bilion\u00e1rios envolvendo a Copa do Mundo de 2026, e justamente isso abre espa\u00e7o para comemora\u00e7\u00e3o nos bastidores da CBF. No entanto, o an\u00fancio tamb\u00e9m refor\u00e7a o peso financeiro do torneio que ser\u00e1 disputado na Am\u00e9rica do Norte.<\/p>\n\n\n\n<p>A FIFA confirmou um aumento expressivo nas distribui\u00e7\u00f5es financeiras totais para o Mundial de 2026, elevando os pagamentos para quase <strong>US$ 900 milh\u00f5es<\/strong>, algo pr\u00f3ximo de <strong>R$ 4,5 bilh\u00f5es<\/strong>. O valor oficial atualizado foi detalhado em US$ 871 milh\u00f5es, acima dos US$ 727 milh\u00f5es anunciados anteriormente.<\/p>\n\n\n\n<h2 class=\"wp-block-heading\">Aumento bilion\u00e1rio muda cen\u00e1rio das sele\u00e7\u00f5es<\/h2>\n\n\n\n<p>Esse crescimento foi comunicado ap\u00f3s reuni\u00e3o do Conselho da FIFA antes do congresso marcado para a pr\u00f3xima quinta-feira (30), em Vancouver, no Canad\u00e1. No entanto, o movimento n\u00e3o aconteceu por acaso, j\u00e1 que diversas federa\u00e7\u00f5es demonstraram preocupa\u00e7\u00e3o com os custos elevados.<\/p>\n\n\n\n<p>As despesas com viagens, impostos e opera\u00e7\u00f5es gerais aumentaram de forma significativa, principalmente porque o torneio ser\u00e1 sediado tamb\u00e9m no M\u00e9xico e nos Estados Unidos. Justamente por isso, havia receio de preju\u00edzos financeiros mesmo com a participa\u00e7\u00e3o na competi\u00e7\u00e3o.<\/p>\n\n\n\n<p>Diante desse cen\u00e1rio, a entidade decidiu elevar a verba destinada \u00e0 prepara\u00e7\u00e3o das sele\u00e7\u00f5es, que passou de US$ 1,5 milh\u00e3o para US$ 2,5 milh\u00f5es por equipe. At\u00e9 mesmo o valor garantido pela classifica\u00e7\u00e3o tamb\u00e9m foi reajustado, subindo de US$ 9 milh\u00f5es para US$ 10 milh\u00f5es.<\/p>\n\n\n\n<h2 class=\"wp-block-heading\">Premia\u00e7\u00e3o &#8216;pesada&#8217;<\/h2>\n\n\n\n<p>Al\u00e9m dos valores iniciais, a FIFA tamb\u00e9m manteve uma estrutura robusta de premia\u00e7\u00e3o para o desempenho esportivo ao longo do torneio. No entanto, os n\u00fameros mostram um salto relevante em compara\u00e7\u00e3o com edi\u00e7\u00f5es anteriores.<\/p>\n\n\n\n<p>A sele\u00e7\u00e3o campe\u00e3 da Copa do Mundo de 2026 receber\u00e1 <strong>US$ 50 milh\u00f5es<\/strong>, enquanto a vice ficar\u00e1 com US$ 33 milh\u00f5es. J\u00e1 o terceiro lugar garantir\u00e1 US$ 29 milh\u00f5es, e o quarto colocado ter\u00e1 direito a US$ 27 milh\u00f5es.<\/p>\n\n\n\n<p>Esses valores fazem parte de um ciclo financeiro ainda maior, j\u00e1 que a FIFA estima arrecadar cerca de US$ 13 bilh\u00f5es at\u00e9 o fim do per\u00edodo atual. At\u00e9 mesmo a edi\u00e7\u00e3o anterior, no Catar, j\u00e1 havia sido superada em termos de distribui\u00e7\u00e3o, com um aumento de cerca de 50%.<\/p>\n\n\n\n<figure class=\"wp-block-image size-large\"><img loading=\"lazy\" decoding=\"async\" width=\"1024\" height=\"512\" src=\"https:\/\/diariodaregiao.audiencelabs.com.br\/wp-content\/uploads\/2025\/12\/taca_fifa_copa_2026-1024x512.jpg\" alt=\"\" class=\"wp-image-3687\" srcset=\"https:\/\/diariodaregiao.audiencelabs.com.br\/wp-content\/uploads\/2025\/12\/taca_fifa_copa_2026-1024x512.jpg 1024w, https:\/\/diariodaregiao.audiencelabs.com.br\/wp-content\/uploads\/2025\/12\/taca_fifa_copa_2026-300x150.jpg 300w, https:\/\/diariodaregiao.audiencelabs.com.br\/wp-content\/uploads\/2025\/12\/taca_fifa_copa_2026-768x384.jpg 768w, https:\/\/diariodaregiao.audiencelabs.com.br\/wp-content\/uploads\/2025\/12\/taca_fifa_copa_2026-360x180.jpg 360w, https:\/\/diariodaregiao.audiencelabs.com.br\/wp-content\/uploads\/2025\/12\/taca_fifa_copa_2026-750x375.jpg 750w, https:\/\/diariodaregiao.audiencelabs.com.br\/wp-content\/uploads\/2025\/12\/taca_fifa_copa_2026-1140x570.jpg 1140w, https:\/\/diariodaregiao.audiencelabs.com.br\/wp-content\/uploads\/2025\/12\/taca_fifa_copa_2026.jpg 1232w\" sizes=\"auto, (max-width: 1024px) 100vw, 1024px\" \/><figcaption class=\"wp-element-caption\">Cr\u00e9ditos: Divulga\u00e7\u00e3o\/FIFA<\/figcaption><\/figure>\n\n\n\n<h2 class=\"wp-block-heading\">Brasil aparece entre favoritos <\/h2>\n\n\n\n<p>Paralelamente ao cen\u00e1rio financeiro, a Sele\u00e7\u00e3o Brasileira tamb\u00e9m recebeu uma avalia\u00e7\u00e3o positiva no ranking de favoritismo elaborado pelo portal The Athletic, ligado ao The New York Times. No entanto, o Brasil aparece apenas na quarta coloca\u00e7\u00e3o geral.<\/p>\n\n\n\n<p>A lista coloca <strong>Espanha, Argentina e Fran\u00e7a <\/strong>\u00e0 frente da equipe brasileira, o que refor\u00e7a o n\u00edvel de competitividade esperado. Ainda assim, a posi\u00e7\u00e3o mant\u00e9m o pa\u00eds entre os principais candidatos ao t\u00edtulo.<\/p>\n\n\n\n<p>O top 10 ainda inclui sele\u00e7\u00f5es como <strong>Holanda, Inglaterra, Portugal, Alemanha, Col\u00f4mbia e Cro\u00e1cia<\/strong>. Justamente esse cen\u00e1rio mostra o equil\u00edbrio da disputa que se aproxima.<\/p>\n\n\n\n<p>Na fase de grupos, o Brasil ter\u00e1 como advers\u00e1rios Marrocos, Esc\u00f3cia e Haiti, sendo que apenas o primeiro aparece pr\u00f3ximo no ranking. At\u00e9 mesmo esse detalhe refor\u00e7a a expectativa de avan\u00e7o na competi\u00e7\u00e3o.<\/p>\n\n\n\n<p>Por fim, a an\u00e1lise destaca a necessidade considerada urgente de o Brasil voltar a conquistar o t\u00edtulo mundial, algo que n\u00e3o acontece desde 2002. No entanto, a presen\u00e7a de Carlo Ancelotti \u00e9 vista como um poss\u00edvel diferencial para a equipe brigar pelo trof\u00e9u.<\/p>\n","protected":false},"excerpt":{"rendered":"<p>A Sele\u00e7\u00e3o Brasileira recebeu uma comunica\u00e7\u00e3o importante sobre valores bilion\u00e1rios envolvendo a Copa do Mundo de 2026, e justamente isso abre espa\u00e7o para comemora\u00e7\u00e3o nos bastidores da CBF. No entanto, o an\u00fancio tamb\u00e9m refor\u00e7a o peso financeiro do torneio que ser\u00e1 disputado na Am\u00e9rica do Norte. A FIFA confirmou um aumento expressivo nas distribui\u00e7\u00f5es financeiras [&hellip;]<\/p>\n","protected":false},"author":10,"featured_media":11238,"comment_status":"open","ping_status":"open","sticky":false,"template":"","format":"standard","meta":{"jnews-multi-image_gallery":[],"jnews_single_post":{"format":"standard"},"jnews_primary_category":[],"jnews_social_meta":[],"jnews_post_split":[],"footnotes":""},"categories":[1],"tags":[],"class_list":["post-23888","post","type-post","status-publish","format-standard","has-post-thumbnail","hentry","category-variedades"],"_links":{"self":[{"href":"https:\/\/diariodaregiao.audiencelabs.com.br\/wp-json\/wp\/v2\/posts\/23888","targetHints":{"allow":["GET"]}}],"collection":[{"href":"https:\/\/diariodaregiao.audiencelabs.com.br\/wp-json\/wp\/v2\/posts"}],"about":[{"href":"https:\/\/diariodaregiao.audiencelabs.com.br\/wp-json\/wp\/v2\/types\/post"}],"author":[{"embeddable":true,"href":"https:\/\/diariodaregiao.audiencelabs.com.br\/wp-json\/wp\/v2\/users\/10"}],"replies":[{"embeddable":true,"href":"https:\/\/diariodaregiao.audiencelabs.com.br\/wp-json\/wp\/v2\/comments?post=23888"}],"version-history":[{"count":2,"href":"https:\/\/diariodaregiao.audiencelabs.com.br\/wp-json\/wp\/v2\/posts\/23888\/revisions"}],"predecessor-version":[{"id":23890,"href":"https:\/\/diariodaregiao.audiencelabs.com.br\/wp-json\/wp\/v2\/posts\/23888\/revisions\/23890"}],"wp:featuredmedia":[{"embeddable":true,"href":"https:\/\/diariodaregiao.audiencelabs.com.br\/wp-json\/wp\/v2\/media\/11238"}],"wp:attachment":[{"href":"https:\/\/diariodaregiao.audiencelabs.com.br\/wp-json\/wp\/v2\/media?parent=23888"}],"wp:term":[{"taxonomy":"category","embeddable":true,"href":"https:\/\/diariodaregiao.audiencelabs.com.br\/wp-json\/wp\/v2\/categories?post=23888"},{"taxonomy":"post_tag","embeddable":true,"href":"https:\/\/diariodaregiao.audiencelabs.com.br\/wp-json\/wp\/v2\/tags?post=23888"}],"curies":[{"name":"wp","href":"https:\/\/api.w.org\/{rel}","templated":true}]}}