{"id":23899,"date":"2026-04-29T14:35:00","date_gmt":"2026-04-29T17:35:00","guid":{"rendered":"https:\/\/diariodaregiao.audiencelabs.com.br\/?p=23899"},"modified":"2026-04-29T12:35:23","modified_gmt":"2026-04-29T15:35:23","slug":"fifa-anuncia-3-novas-regras-do-futebol-que-ja-valem-na-copa-do-mundo","status":"publish","type":"post","link":"https:\/\/diariodaregiao.audiencelabs.com.br\/fifa-anuncia-3-novas-regras-do-futebol-que-ja-valem-na-copa-do-mundo\/","title":{"rendered":"FIFA anuncia 3 novas regras do futebol que j\u00e1 valem na Copa do Mundo"},"content":{"rendered":"\n<p>Nesta ter\u00e7a-feira (28), a Fifa aprovou tr\u00eas novas regras no futebol durante o seu congresso anual, realizado em Vancouver, no Canad\u00e1. As mudan\u00e7as no regulamento valer\u00e3o para a Copa do Mundo de 2026, que ser\u00e1 realizada entre junho e julho, nos Estados Unidos, M\u00e9xico e Canad\u00e1.<\/p>\n\n\n\n<p>Uma delas determina que o jogador que cobrir a boca para falar com outro atleta em uma situa\u00e7\u00e3o de confronto no campo ser\u00e1 punido imediatamente com o cart\u00e3o vermelho. A medida visa combater atos discriminat\u00f3rios, como o cometido pelo atacante Gianlucca Prestianni, do Benfica, contra Vin\u00edcius J\u00fanior, do Real Madrid.<\/p>\n\n\n\n<p>A segunda altera\u00e7\u00e3o, por sua vez, diz respeito aos atletas ou membros da comiss\u00e3o t\u00e9cnica que possam abandonar o campo em protesto contra uma decis\u00e3o da arbitragem. Em caso de sa\u00edda individual, o profissional ser\u00e1 punido com cart\u00e3o vermelho. J\u00e1 o abandono coletivo configurar\u00e1 derrota por W.O.<\/p>\n\n\n<div class=\"wp-block-image\">\n<figure class=\"aligncenter size-large\"><img loading=\"lazy\" decoding=\"async\" width=\"1024\" height=\"836\" src=\"https:\/\/diariodaregiao.audiencelabs.com.br\/wp-content\/uploads\/2026\/04\/SaveClip.App_649235977_18573924805061984_7328046550416093396_n-1-e1775156696742-1024x836.jpg\" alt=\"\" class=\"wp-image-21287\" srcset=\"https:\/\/diariodaregiao.audiencelabs.com.br\/wp-content\/uploads\/2026\/04\/SaveClip.App_649235977_18573924805061984_7328046550416093396_n-1-e1775156696742-1024x836.jpg 1024w, https:\/\/diariodaregiao.audiencelabs.com.br\/wp-content\/uploads\/2026\/04\/SaveClip.App_649235977_18573924805061984_7328046550416093396_n-1-e1775156696742-300x245.jpg 300w, https:\/\/diariodaregiao.audiencelabs.com.br\/wp-content\/uploads\/2026\/04\/SaveClip.App_649235977_18573924805061984_7328046550416093396_n-1-e1775156696742-768x627.jpg 768w, https:\/\/diariodaregiao.audiencelabs.com.br\/wp-content\/uploads\/2026\/04\/SaveClip.App_649235977_18573924805061984_7328046550416093396_n-1-e1775156696742-750x613.jpg 750w, https:\/\/diariodaregiao.audiencelabs.com.br\/wp-content\/uploads\/2026\/04\/SaveClip.App_649235977_18573924805061984_7328046550416093396_n-1-e1775156696742-1140x931.jpg 1140w, https:\/\/diariodaregiao.audiencelabs.com.br\/wp-content\/uploads\/2026\/04\/SaveClip.App_649235977_18573924805061984_7328046550416093396_n-1-e1775156696742.jpg 1200w\" sizes=\"auto, (max-width: 1024px) 100vw, 1024px\" \/><figcaption class=\"wp-element-caption\">Cr\u00e9ditos: Divulga\u00e7\u00e3o\/Fifa<\/figcaption><\/figure>\n<\/div>\n\n\n<p>Recentemente, a sele\u00e7\u00e3o de Senegal abandonou o campo ap\u00f3s a arbitragem marcar um p\u00eanalti a favor de Marrocos na final da Copa Africana de Na\u00e7\u00f5es. Ap\u00f3s um tempo, os senegaleses voltaram ao gramado e ficaram com o t\u00edtulo na prorroga\u00e7\u00e3o. Dois meses depois, o duelo foi parar na justi\u00e7a e Marrocos foi declarado campe\u00e3o.<\/p>\n\n\n\n<h2 class=\"wp-block-heading\">3\u00aa regra da Fifa tamb\u00e9m envolve cart\u00f5es<\/h2>\n\n\n\n<p>Quanto \u00e0 terceira regra oficializada pela International Football Association Board (IFAB), trata-se de uma altera\u00e7\u00e3o nas diretrizes dos cart\u00f5es no Mundial. A medida j\u00e1 havia sido aprovada antes do congresso de Vancouver e passar\u00e1 a valer em junho.<\/p>\n\n\n\n<p>De agora em diante, os atletas que receberem cart\u00e3o amarelo durante a primeira fase ter\u00e3o a puni\u00e7\u00e3o zerada antes do in\u00edcio do mata-mata. At\u00e9 ent\u00e3o, os cart\u00f5es s\u00f3 eram zerados nas quartas de final, o que podia acarretar em desfalques no primeiro jogo eliminat\u00f3rio.<\/p>\n\n\n\n<p>O pontap\u00e9 inicial da Copa do Mundo de 2026 ser\u00e1 dado no dia 11 de junho, com M\u00e9xico e \u00c1frica do Sul se enfrentando no Est\u00e1dio Azteca, na Cidade do M\u00e9xico.<\/p>\n","protected":false},"excerpt":{"rendered":"<p>Nesta ter\u00e7a-feira (28), a Fifa aprovou tr\u00eas novas regras no futebol durante o seu congresso anual, realizado em Vancouver, no Canad\u00e1. As mudan\u00e7as no regulamento valer\u00e3o para a Copa do Mundo de 2026, que ser\u00e1 realizada entre junho e julho, nos Estados Unidos, M\u00e9xico e Canad\u00e1. Uma delas determina que o jogador que cobrir a [&hellip;]<\/p>\n","protected":false},"author":14,"featured_media":23900,"comment_status":"open","ping_status":"open","sticky":false,"template":"","format":"standard","meta":{"jnews-multi-image_gallery":[],"jnews_single_post":{"format":"standard"},"jnews_primary_category":[],"jnews_social_meta":[],"jnews_post_split":[],"footnotes":""},"categories":[1],"tags":[],"class_list":["post-23899","post","type-post","status-publish","format-standard","has-post-thumbnail","hentry","category-variedades"],"_links":{"self":[{"href":"https:\/\/diariodaregiao.audiencelabs.com.br\/wp-json\/wp\/v2\/posts\/23899","targetHints":{"allow":["GET"]}}],"collection":[{"href":"https:\/\/diariodaregiao.audiencelabs.com.br\/wp-json\/wp\/v2\/posts"}],"about":[{"href":"https:\/\/diariodaregiao.audiencelabs.com.br\/wp-json\/wp\/v2\/types\/post"}],"author":[{"embeddable":true,"href":"https:\/\/diariodaregiao.audiencelabs.com.br\/wp-json\/wp\/v2\/users\/14"}],"replies":[{"embeddable":true,"href":"https:\/\/diariodaregiao.audiencelabs.com.br\/wp-json\/wp\/v2\/comments?post=23899"}],"version-history":[{"count":1,"href":"https:\/\/diariodaregiao.audiencelabs.com.br\/wp-json\/wp\/v2\/posts\/23899\/revisions"}],"predecessor-version":[{"id":23901,"href":"https:\/\/diariodaregiao.audiencelabs.com.br\/wp-json\/wp\/v2\/posts\/23899\/revisions\/23901"}],"wp:featuredmedia":[{"embeddable":true,"href":"https:\/\/diariodaregiao.audiencelabs.com.br\/wp-json\/wp\/v2\/media\/23900"}],"wp:attachment":[{"href":"https:\/\/diariodaregiao.audiencelabs.com.br\/wp-json\/wp\/v2\/media?parent=23899"}],"wp:term":[{"taxonomy":"category","embeddable":true,"href":"https:\/\/diariodaregiao.audiencelabs.com.br\/wp-json\/wp\/v2\/categories?post=23899"},{"taxonomy":"post_tag","embeddable":true,"href":"https:\/\/diariodaregiao.audiencelabs.com.br\/wp-json\/wp\/v2\/tags?post=23899"}],"curies":[{"name":"wp","href":"https:\/\/api.w.org\/{rel}","templated":true}]}}