{"id":23922,"date":"2026-04-29T16:35:00","date_gmt":"2026-04-29T19:35:00","guid":{"rendered":"https:\/\/diariodaregiao.audiencelabs.com.br\/?p=23922"},"modified":"2026-04-29T17:21:01","modified_gmt":"2026-04-29T20:21:01","slug":"enquanto-salario-minimo-no-brasil-e-r-1621-na-belgica-o-valor-impressiona","status":"publish","type":"post","link":"https:\/\/diariodaregiao.audiencelabs.com.br\/enquanto-salario-minimo-no-brasil-e-r-1621-na-belgica-o-valor-impressiona\/","title":{"rendered":"Enquanto sal\u00e1rio m\u00ednimo no Brasil \u00e9 R$ 1621, na B\u00e9lgica o valor impressiona"},"content":{"rendered":"\n<p>Em 2026, o sal\u00e1rio m\u00ednimo no Brasil foi fixado em R$ 1.621, um valor que revela um grande contraste quando comparado ao piso salarial na B\u00e9lgica. Enquanto os trabalhadores brasileiros recebem esse valor, um trabalhador na B\u00e9lgica ganha mais de 2.112 euros mensais, o que equivale a aproximadamente R$ 12,4 mil.<\/p>\n\n\n\n<p>Essa diferen\u00e7a n\u00e3o se resume apenas aos n\u00fameros, mas tamb\u00e9m abrange o custo de vida, a tributa\u00e7\u00e3o e o poder de compra real em cada pa\u00eds. O reajuste do sal\u00e1rio m\u00ednimo brasileiro foi de 6,79% em rela\u00e7\u00e3o ao ano anterior, refletindo um aumento real de cerca de 2,5%, ap\u00f3s considerar a infla\u00e7\u00e3o medida pelo INPC.<\/p>\n\n\n\n<p>O valor foi estabelecido por decreto presidencial e entrou em vigor em 1\u00ba de janeiro de 2026. Em contraste, a B\u00e9lgica adota um piso salarial que ultrapassa significativamente o valor brasileiro, evidenciando as disparidades econ\u00f4micas entre os dois pa\u00edses.<\/p>\n\n\n\n<h2 class=\"wp-block-heading\">Compara\u00e7\u00e3o de Sal\u00e1rios e Condi\u00e7\u00f5es de Vida<\/h2>\n\n\n\n<p>O sal\u00e1rio m\u00ednimo na B\u00e9lgica n\u00e3o apenas \u00e9 maior, mas tamb\u00e9m proporciona um poder de compra que permite uma melhor qualidade de vida. No Brasil, o piso salarial \u00e9 um importante indicador, mas frequentemente n\u00e3o \u00e9 suficiente para cobrir as despesas b\u00e1sicas, especialmente em \u00e1reas urbanas.<\/p>\n\n\n\n<p>O Governo Federal do Brasil j\u00e1 projeta um novo aumento do sal\u00e1rio m\u00ednimo para R$ 1.717 em 2027, o que representa um incremento de R$ 96 em rela\u00e7\u00e3o ao valor atual. Essa proposta est\u00e1 inserida no Projeto da Lei de Diretrizes Or\u00e7ament\u00e1rias (LDO) de 2027 e ser\u00e1 analisada pelo Congresso.<\/p>\n\n\n\n<p>A valoriza\u00e7\u00e3o do sal\u00e1rio m\u00ednimo \u00e9 uma pol\u00edtica que busca corrigir anualmente o piso com base na infla\u00e7\u00e3o e no crescimento do Produto Interno Bruto (PIB). A LDO tamb\u00e9m estabelece metas fiscais, como um super\u00e1vit prim\u00e1rio de 0,5% do PIB para 2027, indicando que o governo espera ter receitas superiores \u00e0s despesas.<\/p>\n","protected":false},"excerpt":{"rendered":"<p>Em 2026, o sal\u00e1rio m\u00ednimo no Brasil foi fixado em R$ 1.621, um valor que revela um grande contraste quando comparado ao piso salarial na B\u00e9lgica. Enquanto os trabalhadores brasileiros recebem esse valor, um trabalhador na B\u00e9lgica ganha mais de 2.112 euros mensais, o que equivale a aproximadamente R$ 12,4 mil. Essa diferen\u00e7a n\u00e3o se [&hellip;]<\/p>\n","protected":false},"author":4,"featured_media":23923,"comment_status":"open","ping_status":"open","sticky":false,"template":"","format":"standard","meta":{"jnews-multi-image_gallery":[],"jnews_single_post":{"format":"standard"},"jnews_primary_category":[],"jnews_social_meta":[],"jnews_post_split":[],"footnotes":""},"categories":[1],"tags":[],"class_list":["post-23922","post","type-post","status-publish","format-standard","has-post-thumbnail","hentry","category-variedades"],"_links":{"self":[{"href":"https:\/\/diariodaregiao.audiencelabs.com.br\/wp-json\/wp\/v2\/posts\/23922","targetHints":{"allow":["GET"]}}],"collection":[{"href":"https:\/\/diariodaregiao.audiencelabs.com.br\/wp-json\/wp\/v2\/posts"}],"about":[{"href":"https:\/\/diariodaregiao.audiencelabs.com.br\/wp-json\/wp\/v2\/types\/post"}],"author":[{"embeddable":true,"href":"https:\/\/diariodaregiao.audiencelabs.com.br\/wp-json\/wp\/v2\/users\/4"}],"replies":[{"embeddable":true,"href":"https:\/\/diariodaregiao.audiencelabs.com.br\/wp-json\/wp\/v2\/comments?post=23922"}],"version-history":[{"count":1,"href":"https:\/\/diariodaregiao.audiencelabs.com.br\/wp-json\/wp\/v2\/posts\/23922\/revisions"}],"predecessor-version":[{"id":23924,"href":"https:\/\/diariodaregiao.audiencelabs.com.br\/wp-json\/wp\/v2\/posts\/23922\/revisions\/23924"}],"wp:featuredmedia":[{"embeddable":true,"href":"https:\/\/diariodaregiao.audiencelabs.com.br\/wp-json\/wp\/v2\/media\/23923"}],"wp:attachment":[{"href":"https:\/\/diariodaregiao.audiencelabs.com.br\/wp-json\/wp\/v2\/media?parent=23922"}],"wp:term":[{"taxonomy":"category","embeddable":true,"href":"https:\/\/diariodaregiao.audiencelabs.com.br\/wp-json\/wp\/v2\/categories?post=23922"},{"taxonomy":"post_tag","embeddable":true,"href":"https:\/\/diariodaregiao.audiencelabs.com.br\/wp-json\/wp\/v2\/tags?post=23922"}],"curies":[{"name":"wp","href":"https:\/\/api.w.org\/{rel}","templated":true}]}}