{"id":2394,"date":"2025-11-21T18:40:00","date_gmt":"2025-11-21T21:40:00","guid":{"rendered":"https:\/\/diariodaregiao.audiencelabs.com.br\/?p=2394"},"modified":"2025-11-21T17:58:55","modified_gmt":"2025-11-21T20:58:55","slug":"cantor-famoso-e-condenado-a-14-anos-de-prisao-por-doar-dinheiro-durante-campanha-eleitoral","status":"publish","type":"post","link":"https:\/\/diariodaregiao.audiencelabs.com.br\/cantor-famoso-e-condenado-a-14-anos-de-prisao-por-doar-dinheiro-durante-campanha-eleitoral\/","title":{"rendered":"Cantor famoso \u00e9 condenado a 14 anos de pris\u00e3o por doar dinheiro durante campanha eleitoral"},"content":{"rendered":"\n<p>O cantor e m\u00fasico Pras Michel, conhecido mundialmente por sua atua\u00e7\u00e3o no trio Fugees, foi condenado a 14 anos de pris\u00e3o ap\u00f3s decis\u00f5es da Justi\u00e7a americana. O caso envolve doa\u00e7\u00f5es ilegais feitas durante uma campanha presidencial.<\/p>\n\n\n\n<p>O julgamento trouxe \u00e0 tona acusa\u00e7\u00f5es de que o artista teria movimentado fundos estrangeiros para influenciar o processo eleitoral. Os promotores afirmam que o esquema operava com valores expressivos e envolvia intermedi\u00e1rios.<\/p>\n\n\n\n<figure class=\"wp-block-image size-full\"><img decoding=\"async\" src=\"https:\/\/diariodaregiao.audiencelabs.com.br\/wp-content\/uploads\/2025\/11\/pras-michel.webp\" alt=\"\" class=\"wp-image-2396\"\/><figcaption class=\"wp-element-caption\">Cr\u00e9ditos: Reprodu\u00e7\u00e3o\/Instagram<\/figcaption><\/figure>\n\n\n\n<p>A ju\u00edza respons\u00e1vel declarou que a senten\u00e7a reflete a gravidade das a\u00e7\u00f5es atribu\u00eddas ao cantor. Ela destacou que o uso de dinheiro externo em elei\u00e7\u00f5es afronta normas federais e compromete a integridade do sistema.<\/p>\n\n\n\n<p>Michel decidiu n\u00e3o se pronunciar antes de ouvir sua pena, segundo relatos oficiais. A defesa argumentou que a puni\u00e7\u00e3o aplicada foi desproporcional aos atos descritos nos autos.<\/p>\n\n\n\n<h3 class=\"wp-block-heading\">Defesa do cantor critica decis\u00e3o e promete recorrer<\/h3>\n\n\n\n<p>Os advogados sustentam que o m\u00fasico n\u00e3o deveria receber uma condena\u00e7\u00e3o t\u00e3o extensa, alegando falta de equival\u00eancia com crimes mais violentos. Eles afirmam que o cliente agiu sem inten\u00e7\u00e3o de comprometer a seguran\u00e7a nacional.<\/p>\n\n\n\n<p>A equipe jur\u00eddica citou que penas altas costumam ser atribu\u00eddas a crimes de grande risco social, o que n\u00e3o seria o caso. A defesa acrescentou que recorrer\u00e1 da decis\u00e3o e tentar\u00e1 reduzir o per\u00edodo de encarceramento.<\/p>\n\n\n\n<p>Promotores afirmam que o r\u00e9u mentiu e manipulou informa\u00e7\u00f5es para sustentar a opera\u00e7\u00e3o financeira. Eles dizem que Michel atuou de forma persistente e buscou ocultar a real origem dos recursos utilizados.<\/p>\n\n\n\n<p>O Minist\u00e9rio P\u00fablico ainda apontou interfer\u00eancia do artista em investiga\u00e7\u00f5es relacionadas ao financiador envolvido no esquema. Documentos afirmam que ele teria influenciado testemunhas e distorcido declara\u00e7\u00f5es formais.<\/p>\n\n\n\n<h3 class=\"wp-block-heading\">Conex\u00f5es internacionais ampliam dimens\u00e3o do caso<\/h3>\n\n\n\n<p>A investiga\u00e7\u00e3o tamb\u00e9m revelou liga\u00e7\u00f5es entre o cantor e o empres\u00e1rio malaio Jho Low, acusado de financiar produ\u00e7\u00f5es de cinema e outras opera\u00e7\u00f5es. Parte desse dinheiro teria sido usada em doa\u00e7\u00f5es feitas de maneira encoberta.<\/p>\n\n\n\n<p>Low segue foragido, embora negue as acusa\u00e7\u00f5es. As autoridades afirmam que a colabora\u00e7\u00e3o entre ele e Michel permitiu movimenta\u00e7\u00e3o milion\u00e1ria fora dos padr\u00f5es legais estabelecidos.<\/p>\n","protected":false},"excerpt":{"rendered":"<p>O cantor e m\u00fasico Pras Michel, conhecido mundialmente por sua atua\u00e7\u00e3o no trio Fugees, foi condenado a 14 anos de pris\u00e3o ap\u00f3s decis\u00f5es da Justi\u00e7a americana. O caso envolve doa\u00e7\u00f5es ilegais feitas durante uma campanha presidencial. O julgamento trouxe \u00e0 tona acusa\u00e7\u00f5es de que o artista teria movimentado fundos estrangeiros para influenciar o processo eleitoral. [&hellip;]<\/p>\n","protected":false},"author":5,"featured_media":2395,"comment_status":"open","ping_status":"open","sticky":false,"template":"","format":"standard","meta":{"jnews-multi-image_gallery":[],"jnews_single_post":{"format":"standard"},"jnews_primary_category":[],"jnews_social_meta":[],"jnews_post_split":[],"footnotes":""},"categories":[1],"tags":[],"class_list":["post-2394","post","type-post","status-publish","format-standard","has-post-thumbnail","hentry","category-variedades"],"_links":{"self":[{"href":"https:\/\/diariodaregiao.audiencelabs.com.br\/wp-json\/wp\/v2\/posts\/2394","targetHints":{"allow":["GET"]}}],"collection":[{"href":"https:\/\/diariodaregiao.audiencelabs.com.br\/wp-json\/wp\/v2\/posts"}],"about":[{"href":"https:\/\/diariodaregiao.audiencelabs.com.br\/wp-json\/wp\/v2\/types\/post"}],"author":[{"embeddable":true,"href":"https:\/\/diariodaregiao.audiencelabs.com.br\/wp-json\/wp\/v2\/users\/5"}],"replies":[{"embeddable":true,"href":"https:\/\/diariodaregiao.audiencelabs.com.br\/wp-json\/wp\/v2\/comments?post=2394"}],"version-history":[{"count":3,"href":"https:\/\/diariodaregiao.audiencelabs.com.br\/wp-json\/wp\/v2\/posts\/2394\/revisions"}],"predecessor-version":[{"id":2482,"href":"https:\/\/diariodaregiao.audiencelabs.com.br\/wp-json\/wp\/v2\/posts\/2394\/revisions\/2482"}],"wp:featuredmedia":[{"embeddable":true,"href":"https:\/\/diariodaregiao.audiencelabs.com.br\/wp-json\/wp\/v2\/media\/2395"}],"wp:attachment":[{"href":"https:\/\/diariodaregiao.audiencelabs.com.br\/wp-json\/wp\/v2\/media?parent=2394"}],"wp:term":[{"taxonomy":"category","embeddable":true,"href":"https:\/\/diariodaregiao.audiencelabs.com.br\/wp-json\/wp\/v2\/categories?post=2394"},{"taxonomy":"post_tag","embeddable":true,"href":"https:\/\/diariodaregiao.audiencelabs.com.br\/wp-json\/wp\/v2\/tags?post=2394"}],"curies":[{"name":"wp","href":"https:\/\/api.w.org\/{rel}","templated":true}]}}