{"id":23954,"date":"2026-04-30T06:00:00","date_gmt":"2026-04-30T09:00:00","guid":{"rendered":"https:\/\/diariodaregiao.audiencelabs.com.br\/?p=23954"},"modified":"2026-04-29T16:30:24","modified_gmt":"2026-04-29T19:30:24","slug":"sao-paulo-quer-a-contratacao-de-jogador-multicampeao-pelo-palmeiras","status":"publish","type":"post","link":"https:\/\/diariodaregiao.audiencelabs.com.br\/sao-paulo-quer-a-contratacao-de-jogador-multicampeao-pelo-palmeiras\/","title":{"rendered":"S\u00e3o Paulo quer a contrata\u00e7\u00e3o de jogador multicampe\u00e3o pelo Palmeiras"},"content":{"rendered":"\n<p>Visando se refor\u00e7ar na segunda janela de transfer\u00eancias do ano, o S\u00e3o Paulo olha com aten\u00e7\u00e3o para um jogador multicampe\u00e3o pelo Palmeiras. Trata-se do meia-atacante Gustavo Scarpa, de 32 anos de idade, que atualmente defende as cores do Atl\u00e9tico-MG.<\/p>\n\n\n\n<p>Segundo o jornalista Jo\u00e3o Pedro Cunha, o clube paulista monitora alguns nomes no mercado da bola, dentre os quais o ex-Verd\u00e3o. Ali\u00e1s, o meio-campista que tantas vezes esteve do outro lado do Choque-Rei consta na lista de desejos do Tricolor h\u00e1 algum tempo.<\/p>\n\n\n\n<p>Acontece que o Galo n\u00e3o parece muito disposto a liberar seu camisa 10, que faz parte dos planos do t\u00e9cnico Eduardo Dom\u00ednguez. S\u00f3 uma proposta muito vantajosa financeiramente poderia fazer a diretoria alvinegra pensar em negoci\u00e1-lo. Algo que, dadas as atuais condi\u00e7\u00f5es do SP, n\u00e3o parece estar no horizonte.<\/p>\n\n\n<div class=\"wp-block-image\">\n<figure class=\"aligncenter size-large\"><img loading=\"lazy\" decoding=\"async\" width=\"1024\" height=\"683\" src=\"https:\/\/diariodaregiao.audiencelabs.com.br\/wp-content\/uploads\/2026\/04\/55237672915_8371c0af10_k-1024x683.jpg\" alt=\"\" class=\"wp-image-23956\" srcset=\"https:\/\/diariodaregiao.audiencelabs.com.br\/wp-content\/uploads\/2026\/04\/55237672915_8371c0af10_k-1024x683.jpg 1024w, https:\/\/diariodaregiao.audiencelabs.com.br\/wp-content\/uploads\/2026\/04\/55237672915_8371c0af10_k-300x200.jpg 300w, https:\/\/diariodaregiao.audiencelabs.com.br\/wp-content\/uploads\/2026\/04\/55237672915_8371c0af10_k-768x512.jpg 768w, https:\/\/diariodaregiao.audiencelabs.com.br\/wp-content\/uploads\/2026\/04\/55237672915_8371c0af10_k-1536x1024.jpg 1536w, https:\/\/diariodaregiao.audiencelabs.com.br\/wp-content\/uploads\/2026\/04\/55237672915_8371c0af10_k-750x500.jpg 750w, https:\/\/diariodaregiao.audiencelabs.com.br\/wp-content\/uploads\/2026\/04\/55237672915_8371c0af10_k-1140x760.jpg 1140w, https:\/\/diariodaregiao.audiencelabs.com.br\/wp-content\/uploads\/2026\/04\/55237672915_8371c0af10_k.jpg 2048w\" sizes=\"auto, (max-width: 1024px) 100vw, 1024px\" \/><figcaption class=\"wp-element-caption\">Cr\u00e9ditos: Pedro Souza \/ Atl\u00e9tico<\/figcaption><\/figure>\n<\/div>\n\n\n<p>Contratado em janeiro de 2024, junto ao Nottingham Forest, da Inglaterra, Scarpa tem contrato com o Atl\u00e9tico at\u00e9 dezembro de 2027. De acordo com dados do site Transfermarkt, refer\u00eancia em valores de mercado, ele est\u00e1 avaliado em 5 milh\u00f5es de euros, quantia que na cota\u00e7\u00e3o atual corresponde a R$ 29,2 milh\u00f5es.<\/p>\n\n\n\n<h2 class=\"wp-block-heading\">S\u00e3o Paulo quer multicampe\u00e3o pelo Palmeiras<\/h2>\n\n\n\n<p>Cria da base do Desportivo Brasil, Scarpa vestiu as camisas de Fluminense, Forest, Olympiacos e hoje Galo. Mas foi defendendo as cores do Palmeiras que viveu os melhores momentos da carreira, tanto a n\u00edvel individual quanto coletivo.<\/p>\n\n\n\n<p>Individualmente, por exemplo, foi eleito o craque do Brasileir\u00e3o de 2022, sendo o grande nome da conquista palestrina. Em termos coletivos, conquistou praticamente tudo o que poderia no Allianz Parque, alguns campeonatos mais de uma vez. Confira:<\/p>\n\n\n\n<ul class=\"wp-block-list\">\n<li>2 x Campeonato Paulista (2020 e 2022)<\/li>\n\n\n\n<li>1 x Recopa Sul-Americana (2021)<\/li>\n\n\n\n<li>2 x Copa Libertadores da Am\u00e9rica (2020 e 2021)<\/li>\n\n\n\n<li>1 x Copa do Brasil (2020)<\/li>\n\n\n\n<li>2 x Campeonato Brasileiro (2018 e 2022)<\/li>\n<\/ul>\n","protected":false},"excerpt":{"rendered":"<p>Visando se refor\u00e7ar na segunda janela de transfer\u00eancias do ano, o S\u00e3o Paulo olha com aten\u00e7\u00e3o para um jogador multicampe\u00e3o pelo Palmeiras. Trata-se do meia-atacante Gustavo Scarpa, de 32 anos de idade, que atualmente defende as cores do Atl\u00e9tico-MG. Segundo o jornalista Jo\u00e3o Pedro Cunha, o clube paulista monitora alguns nomes no mercado da bola, [&hellip;]<\/p>\n","protected":false},"author":14,"featured_media":23955,"comment_status":"open","ping_status":"open","sticky":false,"template":"","format":"standard","meta":{"jnews-multi-image_gallery":[],"jnews_single_post":{"format":"standard"},"jnews_primary_category":[],"jnews_social_meta":[],"jnews_post_split":[],"footnotes":""},"categories":[1],"tags":[],"class_list":["post-23954","post","type-post","status-publish","format-standard","has-post-thumbnail","hentry","category-variedades"],"_links":{"self":[{"href":"https:\/\/diariodaregiao.audiencelabs.com.br\/wp-json\/wp\/v2\/posts\/23954","targetHints":{"allow":["GET"]}}],"collection":[{"href":"https:\/\/diariodaregiao.audiencelabs.com.br\/wp-json\/wp\/v2\/posts"}],"about":[{"href":"https:\/\/diariodaregiao.audiencelabs.com.br\/wp-json\/wp\/v2\/types\/post"}],"author":[{"embeddable":true,"href":"https:\/\/diariodaregiao.audiencelabs.com.br\/wp-json\/wp\/v2\/users\/14"}],"replies":[{"embeddable":true,"href":"https:\/\/diariodaregiao.audiencelabs.com.br\/wp-json\/wp\/v2\/comments?post=23954"}],"version-history":[{"count":1,"href":"https:\/\/diariodaregiao.audiencelabs.com.br\/wp-json\/wp\/v2\/posts\/23954\/revisions"}],"predecessor-version":[{"id":23957,"href":"https:\/\/diariodaregiao.audiencelabs.com.br\/wp-json\/wp\/v2\/posts\/23954\/revisions\/23957"}],"wp:featuredmedia":[{"embeddable":true,"href":"https:\/\/diariodaregiao.audiencelabs.com.br\/wp-json\/wp\/v2\/media\/23955"}],"wp:attachment":[{"href":"https:\/\/diariodaregiao.audiencelabs.com.br\/wp-json\/wp\/v2\/media?parent=23954"}],"wp:term":[{"taxonomy":"category","embeddable":true,"href":"https:\/\/diariodaregiao.audiencelabs.com.br\/wp-json\/wp\/v2\/categories?post=23954"},{"taxonomy":"post_tag","embeddable":true,"href":"https:\/\/diariodaregiao.audiencelabs.com.br\/wp-json\/wp\/v2\/tags?post=23954"}],"curies":[{"name":"wp","href":"https:\/\/api.w.org\/{rel}","templated":true}]}}