{"id":23988,"date":"2026-04-30T08:30:00","date_gmt":"2026-04-30T11:30:00","guid":{"rendered":"https:\/\/diariodaregiao.audiencelabs.com.br\/?p=23988"},"modified":"2026-04-29T23:56:21","modified_gmt":"2026-04-30T02:56:21","slug":"feriadao-prolongado-confirmado-ate-5-de-maio-e-trabalhadores-brasileiros-poderao-descansar-dois-dias-a-mais","status":"publish","type":"post","link":"https:\/\/diariodaregiao.audiencelabs.com.br\/feriadao-prolongado-confirmado-ate-5-de-maio-e-trabalhadores-brasileiros-poderao-descansar-dois-dias-a-mais\/","title":{"rendered":"Feriad\u00e3o prolongado confirmado at\u00e9 5 de maio e trabalhadores brasileiros poder\u00e3o descansar dois dias a mais"},"content":{"rendered":"\n<p>Um feriad\u00e3o prolongado at\u00e9 o quinto dia de maio come\u00e7a a ganhar forma em algumas cidades brasileiras, e trabalhadores podem aproveitar at\u00e9 dois dias extras de descanso em locais onde a data \u00e9 considerada feriado municipal. No entanto, essa folga n\u00e3o \u00e9 nacional e depende diretamente das decis\u00f5es locais previstas em lei.<\/p>\n\n\n\n<p>A data de 5 de maio \u00e9 lembrada internacionalmente, mas no Brasil assume significados pr\u00f3prios em diferentes munic\u00edpios. Justamente por isso, algumas cidades adotaram o dia como feriado oficial por motivos hist\u00f3ricos, religiosos ou administrativos.<\/p>\n\n\n\n<h2 class=\"wp-block-heading\">Cidades confirmam feriado municipal em 5 de maio<\/h2>\n\n\n\n<p>A possibilidade de descanso prolongado est\u00e1 ligada ao fato de munic\u00edpios poderem instituir at\u00e9 quatro feriados locais, conforme estabelece a Lei 9.093 de 1995. No entanto, cada cidade define suas datas de forma independente, o que explica a varia\u00e7\u00e3o pelo pa\u00eds.<\/p>\n\n\n\n<p>No Amazonas, Novo Air\u00e3o celebra a Festa do Padroeiro Santo \u00c2ngelo, enquanto no Esp\u00edrito Santo, Santa Maria de Jetib\u00e1 comemora sua emancipa\u00e7\u00e3o pol\u00edtico-administrativa. J\u00e1 em Mato Grosso, Santo Ant\u00f4nio do Leverger marca o Dia do Marechal C\u00e2ndido Rondon, figura ligada \u00e0 hist\u00f3ria local.<\/p>\n\n\n\n<p>Outras cidades tamb\u00e9m entram na lista, como Pedras de Fogo, na Para\u00edba, Ura\u00ed, no Paran\u00e1, e Segredo, no Rio Grande do Sul, todas celebrando anivers\u00e1rios municipais. Em Sergipe, Maruim tamb\u00e9m relembra sua emancipa\u00e7\u00e3o, ampliando o grupo de cidades com feriado confirmado.<\/p>\n\n\n\n<p>Em S\u00e3o Paulo, tr\u00eas munic\u00edpios aderem \u00e0 data: Biritiba-Mirim, Gar\u00e7a e Itariri, cada um com motiva\u00e7\u00f5es pr\u00f3prias. At\u00e9 mesmo celebra\u00e7\u00f5es religiosas aparecem, como em Itariri, que homenageia S\u00e3o Benedito, padroeiro da cidade.<\/p>\n\n\n\n<h2 class=\"wp-block-heading\">Lei permite autonomia para estados e munic\u00edpios<\/h2>\n\n\n\n<p>A exist\u00eancia desses feriados locais \u00e9 poss\u00edvel gra\u00e7as \u00e0 legisla\u00e7\u00e3o que distribui compet\u00eancias entre estados e munic\u00edpios. No entanto, enquanto estados t\u00eam suas datas magnas, os munic\u00edpios podem escolher at\u00e9 quatro feriados pr\u00f3prios ao longo do ano.<\/p>\n\n\n\n<p>Essa autonomia faz com que o chamado \u201cferiad\u00e3o\u201d n\u00e3o seja uniforme em todo o pa\u00eds. Justamente por isso, trabalhadores precisam verificar se a cidade onde atuam ou residem aderiu \u00e0 data para saber se ter\u00e3o folga.<\/p>\n\n\n\n<p>Mesmo assim, em locais onde o feriado \u00e9 reconhecido, o descanso pode se estender, especialmente quando combinado com finais de semana. Isso acaba criando a sensa\u00e7\u00e3o de um feriad\u00e3o prolongado, ainda que n\u00e3o seja uma regra nacional.<\/p>\n\n\n\n<figure class=\"wp-block-image size-large\"><img loading=\"lazy\" decoding=\"async\" width=\"1024\" height=\"531\" src=\"https:\/\/diariodaregiao.audiencelabs.com.br\/wp-content\/uploads\/2026\/04\/2148499633-1-1-1024x531.jpg\" alt=\"\" class=\"wp-image-23989\" srcset=\"https:\/\/diariodaregiao.audiencelabs.com.br\/wp-content\/uploads\/2026\/04\/2148499633-1-1-1024x531.jpg 1024w, https:\/\/diariodaregiao.audiencelabs.com.br\/wp-content\/uploads\/2026\/04\/2148499633-1-1-300x155.jpg 300w, https:\/\/diariodaregiao.audiencelabs.com.br\/wp-content\/uploads\/2026\/04\/2148499633-1-1-768x398.jpg 768w, https:\/\/diariodaregiao.audiencelabs.com.br\/wp-content\/uploads\/2026\/04\/2148499633-1-1-750x389.jpg 750w, https:\/\/diariodaregiao.audiencelabs.com.br\/wp-content\/uploads\/2026\/04\/2148499633-1-1-1140x591.jpg 1140w, https:\/\/diariodaregiao.audiencelabs.com.br\/wp-content\/uploads\/2026\/04\/2148499633-1-1.jpg 1351w\" sizes=\"auto, (max-width: 1024px) 100vw, 1024px\" \/><figcaption class=\"wp-element-caption\">Cr\u00e9ditos: Freepik<\/figcaption><\/figure>\n\n\n\n<h2 class=\"wp-block-heading\">Atraso de pagamentos nos feriados<\/h2>\n\n\n\n<p>Al\u00e9m do descanso, o in\u00edcio de maio traz outro impacto importante para trabalhadores: o calend\u00e1rio de pagamentos. O Dia do Trabalhador interfere diretamente na contagem dos dias \u00fateis para o pagamento de sal\u00e1rios.<\/p>\n\n\n\n<p>Segundo a Consolida\u00e7\u00e3o das Leis do Trabalho, o pagamento deve ser feito at\u00e9 o quinto dia \u00fatil do m\u00eas seguinte ao trabalhado. No entanto, domingos e feriados n\u00e3o entram nessa conta, o que altera o cronograma em meses como maio.<\/p>\n\n\n\n<p>Neste cen\u00e1rio, o primeiro dia \u00fatil cai em 2 de maio, seguido por 4, 5, 6 e 7 de maio como sequ\u00eancia at\u00e9 o quinto dia \u00fatil. Mesmo para quem trabalha aos domingos, essa l\u00f3gica n\u00e3o muda, j\u00e1 que o domingo n\u00e3o \u00e9 considerado dia \u00fatil.<\/p>\n\n\n\n<p>Essa din\u00e2mica tamb\u00e9m afeta a organiza\u00e7\u00e3o financeira das fam\u00edlias, que costumam usar o quinto dia \u00fatil como refer\u00eancia para pagamentos e compras. No entanto, nem todas as obriga\u00e7\u00f5es seguem essa regra, como o aviso pr\u00e9vio, que \u00e9 contado em dias corridos.<\/p>\n\n\n\n<p>Assim, o in\u00edcio do m\u00eas mistura descanso para alguns e aten\u00e7\u00e3o redobrada para outros, justamente por causa dos impactos no calend\u00e1rio. At\u00e9 mesmo quem n\u00e3o ter\u00e1 folga pode sentir os efeitos indiretos dessa combina\u00e7\u00e3o entre feriado e prazos financeiros.<\/p>\n","protected":false},"excerpt":{"rendered":"<p>Um feriad\u00e3o prolongado at\u00e9 o quinto dia de maio come\u00e7a a ganhar forma em algumas cidades brasileiras, e trabalhadores podem aproveitar at\u00e9 dois dias extras de descanso em locais onde a data \u00e9 considerada feriado municipal. No entanto, essa folga n\u00e3o \u00e9 nacional e depende diretamente das decis\u00f5es locais previstas em lei. A data de [&hellip;]<\/p>\n","protected":false},"author":10,"featured_media":23990,"comment_status":"open","ping_status":"open","sticky":false,"template":"","format":"standard","meta":{"jnews-multi-image_gallery":[],"jnews_single_post":{"format":"standard"},"jnews_primary_category":[],"jnews_social_meta":[],"jnews_post_split":[],"footnotes":""},"categories":[1],"tags":[],"class_list":["post-23988","post","type-post","status-publish","format-standard","has-post-thumbnail","hentry","category-variedades"],"_links":{"self":[{"href":"https:\/\/diariodaregiao.audiencelabs.com.br\/wp-json\/wp\/v2\/posts\/23988","targetHints":{"allow":["GET"]}}],"collection":[{"href":"https:\/\/diariodaregiao.audiencelabs.com.br\/wp-json\/wp\/v2\/posts"}],"about":[{"href":"https:\/\/diariodaregiao.audiencelabs.com.br\/wp-json\/wp\/v2\/types\/post"}],"author":[{"embeddable":true,"href":"https:\/\/diariodaregiao.audiencelabs.com.br\/wp-json\/wp\/v2\/users\/10"}],"replies":[{"embeddable":true,"href":"https:\/\/diariodaregiao.audiencelabs.com.br\/wp-json\/wp\/v2\/comments?post=23988"}],"version-history":[{"count":1,"href":"https:\/\/diariodaregiao.audiencelabs.com.br\/wp-json\/wp\/v2\/posts\/23988\/revisions"}],"predecessor-version":[{"id":23991,"href":"https:\/\/diariodaregiao.audiencelabs.com.br\/wp-json\/wp\/v2\/posts\/23988\/revisions\/23991"}],"wp:featuredmedia":[{"embeddable":true,"href":"https:\/\/diariodaregiao.audiencelabs.com.br\/wp-json\/wp\/v2\/media\/23990"}],"wp:attachment":[{"href":"https:\/\/diariodaregiao.audiencelabs.com.br\/wp-json\/wp\/v2\/media?parent=23988"}],"wp:term":[{"taxonomy":"category","embeddable":true,"href":"https:\/\/diariodaregiao.audiencelabs.com.br\/wp-json\/wp\/v2\/categories?post=23988"},{"taxonomy":"post_tag","embeddable":true,"href":"https:\/\/diariodaregiao.audiencelabs.com.br\/wp-json\/wp\/v2\/tags?post=23988"}],"curies":[{"name":"wp","href":"https:\/\/api.w.org\/{rel}","templated":true}]}}