{"id":23995,"date":"2026-04-30T09:35:00","date_gmt":"2026-04-30T12:35:00","guid":{"rendered":"https:\/\/diariodaregiao.audiencelabs.com.br\/?p=23995"},"modified":"2026-04-30T00:29:44","modified_gmt":"2026-04-30T03:29:44","slug":"foi-o-10o-jogador-que-mais-fez-gols-no-mundo-em-2025-e-agora-interessa-ao-corinthians","status":"publish","type":"post","link":"https:\/\/diariodaregiao.audiencelabs.com.br\/foi-o-10o-jogador-que-mais-fez-gols-no-mundo-em-2025-e-agora-interessa-ao-corinthians\/","title":{"rendered":"Foi o 10\u00ba jogador que mais fez gols no mundo em 2025 e agora interessa ao Corinthians"},"content":{"rendered":"\n<p>Um atacante que encerrou 2025 entre os dez maiores artilheiros do futebol mundial passou a entrar no radar do futebol brasileiro. No entanto, justamente o que chama aten\u00e7\u00e3o \u00e9 que o Corinthians avalia o nome com cautela, mesmo diante de n\u00fameros que o colocam entre os principais goleadores do planeta, o que aumenta ainda mais a curiosidade sobre um poss\u00edvel desfecho.<\/p>\n\n\n\n<p>O jogador em quest\u00e3o \u00e9 <strong>Guilherme Bissoli<\/strong>, que atualmente defende o <strong>Buriram United<\/strong>, da Tail\u00e2ndia. Segundo levantamento divulgado pelo site oficial das Olimp\u00edadas, ele conseguiu figurar entre os dez maiores artilheiros do mundo em 2025, sendo o \u00fanico brasileiro presente na lista e um dos poucos fora das grandes ligas europeias.<\/p>\n\n\n\n<p>A lideran\u00e7a do ranking ficou com Kylian Mbapp\u00e9, que marcou 66 gols na temporada. Logo atr\u00e1s aparecem Harry Kane, com 60, e Erling Haaland, com 57, n\u00fameros que refor\u00e7am o n\u00edvel elevado da disputa entre os principais atacantes do futebol mundial e evidenciam o cen\u00e1rio competitivo.<\/p>\n\n\n\n<h2 class=\"wp-block-heading\">Conversas come\u00e7aram antes de mudan\u00e7a no comando<\/h2>\n\n\n\n<p>Mesmo com o destaque, o interesse do Corinthians ainda est\u00e1 longe de se transformar em negocia\u00e7\u00e3o concreta. Representantes do atleta iniciaram conversas com o executivo Marcelo Paz, mas o cen\u00e1rio segue em fase inicial, sem tratativas avan\u00e7adas neste momento e sem qualquer proposta formal apresentada.<\/p>\n\n\n\n<p>Esses contatos come\u00e7aram antes da chegada do t\u00e9cnico Fernando Diniz ao comando da equipe. Internamente, inclusive, o nome ainda n\u00e3o foi discutido de forma aprofundada, o que mostra que o clube adota cautela antes de qualquer movimenta\u00e7\u00e3o e evita decis\u00f5es precipitadas neste momento.<\/p>\n\n\n\n<p>Anteriormente, uma poss\u00edvel contrata\u00e7\u00e3o chegou a ser descartada por decis\u00e3o de Dorival J\u00fanior. O treinador evitava trabalhar com jogadores ligados aos mesmos empres\u00e1rios que o assessoravam, e isso acabou impedindo qualquer avan\u00e7o naquele momento dentro do planejamento esportivo.<\/p>\n\n\n\n<h2 class=\"wp-block-heading\">Desempenho impressiona e sustenta interesse<\/h2>\n\n\n\n<p>O que mant\u00e9m o atacante em evid\u00eancia s\u00e3o justamente os n\u00fameros recentes, que chamam aten\u00e7\u00e3o at\u00e9 mesmo fora do eixo europeu. Na \u00faltima temporada, ele foi o brasileiro com mais gols no mundo, anotando <strong>43<\/strong> em <strong>59 partidas<\/strong> disputadas, desempenho considerado altamente relevante.<\/p>\n\n\n\n<p>Em 2026, o ritmo segue elevado, com <strong>34 gols em 39 jogos<\/strong>, mantendo m\u00e9dia alta e regularidade ofensiva. Justamente esse desempenho consistente faz com que seu nome permane\u00e7a no radar de clubes que buscam refor\u00e7os com bom custo-benef\u00edcio e impacto imediato.<\/p>\n\n\n\n<p>Al\u00e9m disso, o fato de atuar em uma liga menos badalada n\u00e3o diminui o impacto dos n\u00fameros. Pelo contr\u00e1rio, refor\u00e7a a capacidade do jogador de se destacar mesmo fora dos grandes centros do futebol mundial e manter um n\u00edvel competitivo constante.<\/p>\n\n\n\n<figure class=\"wp-block-image size-large\"><img loading=\"lazy\" decoding=\"async\" width=\"1024\" height=\"577\" src=\"https:\/\/diariodaregiao.audiencelabs.com.br\/wp-content\/uploads\/2026\/04\/599199188_2260703924421638_6109783824643985155_n.jpg-1-1024x577.jpg\" alt=\"\" class=\"wp-image-23997\" srcset=\"https:\/\/diariodaregiao.audiencelabs.com.br\/wp-content\/uploads\/2026\/04\/599199188_2260703924421638_6109783824643985155_n.jpg-1-1024x577.jpg 1024w, https:\/\/diariodaregiao.audiencelabs.com.br\/wp-content\/uploads\/2026\/04\/599199188_2260703924421638_6109783824643985155_n.jpg-1-300x169.jpg 300w, https:\/\/diariodaregiao.audiencelabs.com.br\/wp-content\/uploads\/2026\/04\/599199188_2260703924421638_6109783824643985155_n.jpg-1-768x433.jpg 768w, https:\/\/diariodaregiao.audiencelabs.com.br\/wp-content\/uploads\/2026\/04\/599199188_2260703924421638_6109783824643985155_n.jpg-1-750x422.jpg 750w, https:\/\/diariodaregiao.audiencelabs.com.br\/wp-content\/uploads\/2026\/04\/599199188_2260703924421638_6109783824643985155_n.jpg-1-1140x642.jpg 1140w, https:\/\/diariodaregiao.audiencelabs.com.br\/wp-content\/uploads\/2026\/04\/599199188_2260703924421638_6109783824643985155_n.jpg-1.jpg 1243w\" sizes=\"auto, (max-width: 1024px) 100vw, 1024px\" \/><figcaption class=\"wp-element-caption\">Cr\u00e9ditos: Divulga\u00e7\u00e3o\/Buriram United<\/figcaption><\/figure>\n\n\n\n<h2 class=\"wp-block-heading\">Contrato pode dificultar avan\u00e7o<\/h2>\n\n\n\n<p>Apesar do interesse, o Corinthians trabalha com uma pol\u00edtica mais restritiva no mercado. A diretoria pretende realizar menos contrata\u00e7\u00f5es na pr\u00f3xima janela, priorizando atletas sem custos de transfer\u00eancia e com sal\u00e1rios mais baixos dentro da nova realidade financeira.<\/p>\n\n\n\n<p>Nesse cen\u00e1rio, um dos principais entraves \u00e9 o contrato do atacante com o Buriram United, v\u00e1lido at\u00e9 junho de 2028. Isso reduz as possibilidades de uma negocia\u00e7\u00e3o simples e exige uma equa\u00e7\u00e3o financeira mais cuidadosa por parte da diretoria alvinegra.<\/p>\n\n\n\n<p>Dessa forma, mesmo com o desempenho expressivo e o destaque internacional recente, a situa\u00e7\u00e3o segue indefinida. O nome agrada, mas ainda depende de condi\u00e7\u00f5es favor\u00e1veis para que o interesse evolua para algo mais concreto dentro do planejamento do clube paulista e avance nos pr\u00f3ximos meses.<\/p>\n","protected":false},"excerpt":{"rendered":"<p>Um atacante que encerrou 2025 entre os dez maiores artilheiros do futebol mundial passou a entrar no radar do futebol brasileiro. No entanto, justamente o que chama aten\u00e7\u00e3o \u00e9 que o Corinthians avalia o nome com cautela, mesmo diante de n\u00fameros que o colocam entre os principais goleadores do planeta, o que aumenta ainda mais [&hellip;]<\/p>\n","protected":false},"author":10,"featured_media":23996,"comment_status":"open","ping_status":"open","sticky":false,"template":"","format":"standard","meta":{"jnews-multi-image_gallery":[],"jnews_single_post":{"format":"standard"},"jnews_primary_category":[],"jnews_social_meta":[],"jnews_post_split":[],"footnotes":""},"categories":[1],"tags":[],"class_list":["post-23995","post","type-post","status-publish","format-standard","has-post-thumbnail","hentry","category-variedades"],"_links":{"self":[{"href":"https:\/\/diariodaregiao.audiencelabs.com.br\/wp-json\/wp\/v2\/posts\/23995","targetHints":{"allow":["GET"]}}],"collection":[{"href":"https:\/\/diariodaregiao.audiencelabs.com.br\/wp-json\/wp\/v2\/posts"}],"about":[{"href":"https:\/\/diariodaregiao.audiencelabs.com.br\/wp-json\/wp\/v2\/types\/post"}],"author":[{"embeddable":true,"href":"https:\/\/diariodaregiao.audiencelabs.com.br\/wp-json\/wp\/v2\/users\/10"}],"replies":[{"embeddable":true,"href":"https:\/\/diariodaregiao.audiencelabs.com.br\/wp-json\/wp\/v2\/comments?post=23995"}],"version-history":[{"count":1,"href":"https:\/\/diariodaregiao.audiencelabs.com.br\/wp-json\/wp\/v2\/posts\/23995\/revisions"}],"predecessor-version":[{"id":23998,"href":"https:\/\/diariodaregiao.audiencelabs.com.br\/wp-json\/wp\/v2\/posts\/23995\/revisions\/23998"}],"wp:featuredmedia":[{"embeddable":true,"href":"https:\/\/diariodaregiao.audiencelabs.com.br\/wp-json\/wp\/v2\/media\/23996"}],"wp:attachment":[{"href":"https:\/\/diariodaregiao.audiencelabs.com.br\/wp-json\/wp\/v2\/media?parent=23995"}],"wp:term":[{"taxonomy":"category","embeddable":true,"href":"https:\/\/diariodaregiao.audiencelabs.com.br\/wp-json\/wp\/v2\/categories?post=23995"},{"taxonomy":"post_tag","embeddable":true,"href":"https:\/\/diariodaregiao.audiencelabs.com.br\/wp-json\/wp\/v2\/tags?post=23995"}],"curies":[{"name":"wp","href":"https:\/\/api.w.org\/{rel}","templated":true}]}}