{"id":23999,"date":"2026-04-30T10:10:00","date_gmt":"2026-04-30T13:10:00","guid":{"rendered":"https:\/\/diariodaregiao.audiencelabs.com.br\/?p=23999"},"modified":"2026-04-30T00:35:16","modified_gmt":"2026-04-30T03:35:16","slug":"foi-destaque-no-ultimo-titulo-da-selecao-brasileira-e-o-sao-paulo-deseja-a-sua-contratacao","status":"publish","type":"post","link":"https:\/\/diariodaregiao.audiencelabs.com.br\/foi-destaque-no-ultimo-titulo-da-selecao-brasileira-e-o-sao-paulo-deseja-a-sua-contratacao\/","title":{"rendered":"Foi destaque no \u00faltimo t\u00edtulo da Sele\u00e7\u00e3o Brasileira e o S\u00e3o Paulo deseja a sua contrata\u00e7\u00e3o"},"content":{"rendered":"\n<p>O S\u00e3o Paulo passou a mirar a contrata\u00e7\u00e3o de um jogador que teve papel decisivo no \u00faltimo t\u00edtulo da Sele\u00e7\u00e3o Brasileira, justamente ap\u00f3s ganhar destaque em uma conquista marcante. A movimenta\u00e7\u00e3o j\u00e1 indica um interesse concreto do clube paulista em refor\u00e7ar seu setor ofensivo com um nome que brilhou em cen\u00e1rio internacional.<\/p>\n\n\n\n<p>Esse atleta \u00e9 <strong>Everton Cebolinha<\/strong>, atualmente no Flamengo e que foi pe\u00e7a importante na campanha da Sele\u00e7\u00e3o Brasileira na Copa Am\u00e9rica 2019, competi\u00e7\u00e3o realizada no Brasil. Na ocasi\u00e3o, ele ganhou espa\u00e7o ao longo do torneio sob o comando de Tite e terminou como artilheiro com tr\u00eas gols, al\u00e9m de ter sido eleito o melhor jogador da final.<\/p>\n\n\n\n<h2 class=\"wp-block-heading\">Destaque em t\u00edtulo marcante<\/h2>\n\n\n\n<p>Durante aquela conquista, Everton Cebolinha come\u00e7ou como op\u00e7\u00e3o no banco, no entanto rapidamente se consolidou entre os titulares ao longo dos jogos decisivos. Sua evolu\u00e7\u00e3o dentro da competi\u00e7\u00e3o chamou aten\u00e7\u00e3o justamente pela capacidade de decidir partidas em momentos importantes, algo que \u00e9 levado em considera\u00e7\u00e3o at\u00e9 hoje, sendo uma caracter\u00edstica do atleta.<\/p>\n\n\n\n<h2 class=\"wp-block-heading\">Interesse do S\u00e3o Paulo ganha for\u00e7a<\/h2>\n\n\n\n<p>O interesse do S\u00e3o Paulo ganhou for\u00e7a na tarde de quarta-feira (29), quando surgiram informa\u00e7\u00f5es sobre a entrada oficial do clube na disputa pelo jogador. A diretoria do Tricolor do Morumbi j\u00e1 iniciou conversas com representantes do atleta, demonstrando confian\u00e7a em avan\u00e7ar nas negocia\u00e7\u00f5es.<\/p>\n\n\n\n<p>De acordo com informa\u00e7\u00f5es divulgadas por Thiago Rodrigues, o clube paulista busca se antecipar aos concorrentes para garantir a contrata\u00e7\u00e3o. Justamente por isso, o S\u00e3o Paulo trata o neg\u00f3cio como prioridade e tenta acelerar os contatos visando um desfecho positivo.<\/p>\n\n\n\n<figure class=\"wp-block-image size-large\"><img loading=\"lazy\" decoding=\"async\" width=\"1024\" height=\"683\" src=\"https:\/\/diariodaregiao.audiencelabs.com.br\/wp-content\/uploads\/2026\/04\/cebolinha-treino-flamengo-1-1-1024x683.jpg\" alt=\"\" class=\"wp-image-21972\" srcset=\"https:\/\/diariodaregiao.audiencelabs.com.br\/wp-content\/uploads\/2026\/04\/cebolinha-treino-flamengo-1-1-1024x683.jpg 1024w, https:\/\/diariodaregiao.audiencelabs.com.br\/wp-content\/uploads\/2026\/04\/cebolinha-treino-flamengo-1-1-300x200.jpg 300w, https:\/\/diariodaregiao.audiencelabs.com.br\/wp-content\/uploads\/2026\/04\/cebolinha-treino-flamengo-1-1-768x512.jpg 768w, https:\/\/diariodaregiao.audiencelabs.com.br\/wp-content\/uploads\/2026\/04\/cebolinha-treino-flamengo-1-1-750x500.jpg 750w, https:\/\/diariodaregiao.audiencelabs.com.br\/wp-content\/uploads\/2026\/04\/cebolinha-treino-flamengo-1-1-1140x761.jpg 1140w, https:\/\/diariodaregiao.audiencelabs.com.br\/wp-content\/uploads\/2026\/04\/cebolinha-treino-flamengo-1-1.jpg 1199w\" sizes=\"auto, (max-width: 1024px) 100vw, 1024px\" \/><figcaption class=\"wp-element-caption\">Cr\u00e9ditos: Marcelo Cortes\/Flamengo<\/figcaption><\/figure>\n\n\n\n<h2 class=\"wp-block-heading\">Situa\u00e7\u00e3o contratual<\/h2>\n\n\n\n<p>Atualmente com 30 anos, Cebolinha tem contrato com o Flamengo at\u00e9 o fim da temporada, no entanto o cen\u00e1rio aponta para uma poss\u00edvel sa\u00edda. Existe a possibilidade de uma rescis\u00e3o amig\u00e1vel ap\u00f3s a Copa do Mundo de 2026, o que facilitaria a transfer\u00eancia j\u00e1 na janela de julho.<\/p>\n\n\n\n<p>Esse contexto transformou o atacante em alvo de disputa entre grandes clubes do futebol brasileiro, criando uma verdadeira movimenta\u00e7\u00e3o nos bastidores. At\u00e9 mesmo o fato de n\u00e3o haver renova\u00e7\u00e3o com o rubro-negro aumenta o interesse de equipes que buscam refor\u00e7os de peso.<\/p>\n\n\n\n<p>A estrat\u00e9gia do S\u00e3o Paulo passa justamente por garantir um substituto relevante para o setor ofensivo, pensando no restante da temporada. O clube entende que a chegada de um jogador com hist\u00f3rico decisivo pode elevar o n\u00edvel competitivo do elenco.<\/p>\n\n\n\n<p>Ao mesmo tempo, o hist\u00f3rico de Everton Cebolinha na Sele\u00e7\u00e3o Brasileira segue sendo um dos principais atrativos para o neg\u00f3cio. Sua participa\u00e7\u00e3o direta em um t\u00edtulo importante refor\u00e7a a confian\u00e7a de que ainda pode render em alto n\u00edvel.<\/p>\n\n\n\n<p>No entanto, a negocia\u00e7\u00e3o ainda depende de ajustes e do avan\u00e7o nas conversas com os representantes do atleta, al\u00e9m da defini\u00e7\u00e3o sobre sua sa\u00edda do Flamengo. Mesmo assim, o otimismo nos bastidores do S\u00e3o Paulo indica que o clube acredita em um desfecho favor\u00e1vel.<\/p>\n\n\n\n<p>Assim, o cen\u00e1rio segue em aberto, mas com o S\u00e3o Paulo cada vez mais ativo na tentativa de contratar um jogador que j\u00e1 mostrou capacidade de decis\u00e3o em momentos importantes. Justamente por isso, a poss\u00edvel chegada de Everton Cebolinha segue sendo tratada como um movimento estrat\u00e9gico para o futuro pr\u00f3ximo.<\/p>\n","protected":false},"excerpt":{"rendered":"<p>O S\u00e3o Paulo passou a mirar a contrata\u00e7\u00e3o de um jogador que teve papel decisivo no \u00faltimo t\u00edtulo da Sele\u00e7\u00e3o Brasileira, justamente ap\u00f3s ganhar destaque em uma conquista marcante. A movimenta\u00e7\u00e3o j\u00e1 indica um interesse concreto do clube paulista em refor\u00e7ar seu setor ofensivo com um nome que brilhou em cen\u00e1rio internacional. Esse atleta \u00e9 [&hellip;]<\/p>\n","protected":false},"author":10,"featured_media":19762,"comment_status":"open","ping_status":"open","sticky":false,"template":"","format":"standard","meta":{"jnews-multi-image_gallery":[],"jnews_single_post":{"format":"standard"},"jnews_primary_category":[],"jnews_social_meta":[],"jnews_post_split":[],"footnotes":""},"categories":[1],"tags":[],"class_list":["post-23999","post","type-post","status-publish","format-standard","has-post-thumbnail","hentry","category-variedades"],"_links":{"self":[{"href":"https:\/\/diariodaregiao.audiencelabs.com.br\/wp-json\/wp\/v2\/posts\/23999","targetHints":{"allow":["GET"]}}],"collection":[{"href":"https:\/\/diariodaregiao.audiencelabs.com.br\/wp-json\/wp\/v2\/posts"}],"about":[{"href":"https:\/\/diariodaregiao.audiencelabs.com.br\/wp-json\/wp\/v2\/types\/post"}],"author":[{"embeddable":true,"href":"https:\/\/diariodaregiao.audiencelabs.com.br\/wp-json\/wp\/v2\/users\/10"}],"replies":[{"embeddable":true,"href":"https:\/\/diariodaregiao.audiencelabs.com.br\/wp-json\/wp\/v2\/comments?post=23999"}],"version-history":[{"count":1,"href":"https:\/\/diariodaregiao.audiencelabs.com.br\/wp-json\/wp\/v2\/posts\/23999\/revisions"}],"predecessor-version":[{"id":24000,"href":"https:\/\/diariodaregiao.audiencelabs.com.br\/wp-json\/wp\/v2\/posts\/23999\/revisions\/24000"}],"wp:featuredmedia":[{"embeddable":true,"href":"https:\/\/diariodaregiao.audiencelabs.com.br\/wp-json\/wp\/v2\/media\/19762"}],"wp:attachment":[{"href":"https:\/\/diariodaregiao.audiencelabs.com.br\/wp-json\/wp\/v2\/media?parent=23999"}],"wp:term":[{"taxonomy":"category","embeddable":true,"href":"https:\/\/diariodaregiao.audiencelabs.com.br\/wp-json\/wp\/v2\/categories?post=23999"},{"taxonomy":"post_tag","embeddable":true,"href":"https:\/\/diariodaregiao.audiencelabs.com.br\/wp-json\/wp\/v2\/tags?post=23999"}],"curies":[{"name":"wp","href":"https:\/\/api.w.org\/{rel}","templated":true}]}}