{"id":24001,"date":"2026-04-30T10:53:00","date_gmt":"2026-04-30T13:53:00","guid":{"rendered":"https:\/\/diariodaregiao.audiencelabs.com.br\/?p=24001"},"modified":"2026-04-30T00:40:29","modified_gmt":"2026-04-30T03:40:29","slug":"informacao-que-vem-da-russia-sobre-luiz-henrique-assusta-ancelotti-e-torcedores-da-selecao-brasileira","status":"publish","type":"post","link":"https:\/\/diariodaregiao.audiencelabs.com.br\/informacao-que-vem-da-russia-sobre-luiz-henrique-assusta-ancelotti-e-torcedores-da-selecao-brasileira\/","title":{"rendered":"Informa\u00e7\u00e3o que vem da R\u00fassia sobre Luiz Henrique assusta Ancelotti e torcedores da Sele\u00e7\u00e3o Brasileira"},"content":{"rendered":"\n<p>Uma informa\u00e7\u00e3o vinda da R\u00fassia envolvendo o desempenho recente de Luiz Henrique tem causado preocupa\u00e7\u00e3o tanto na comiss\u00e3o t\u00e9cnica quanto entre torcedores da Sele\u00e7\u00e3o Brasileira, justamente por conta de n\u00fameros considerados abaixo do esperado. No entanto, mesmo com esse cen\u00e1rio, a possibilidade de convoca\u00e7\u00e3o segue viva, o que mant\u00e9m o tema em alta.<\/p>\n\n\n\n<p>O atacante, que atualmente defende o Zenit, soma <strong>38 jogos<\/strong> na temporada 25\/26, sendo <strong>29 como titular<\/strong>, com apenas<strong> tr\u00eas gols e cinco assist\u00eancias<\/strong>. Ainda assim, h\u00e1 a percep\u00e7\u00e3o de que seu rendimento com a camisa da Sele\u00e7\u00e3o Brasileira \u00e9 superior, o que sustenta sua presen\u00e7a nas discuss\u00f5es internas.<\/p>\n\n\n\n<p>O cen\u00e1rio, inclusive, chega at\u00e9 o t\u00e9cnico Carlo Ancelotti, que acompanha de perto a situa\u00e7\u00e3o do jogador, mesmo diante dos n\u00fameros considerados preocupantes. At\u00e9 mesmo com estat\u00edsticas discretas no clube, o atleta segue sendo visto como uma op\u00e7\u00e3o vi\u00e1vel no contexto da sele\u00e7\u00e3o.<\/p>\n\n\n\n<h2 class=\"wp-block-heading\">Desempenho levanta d\u00favidas, mas n\u00e3o descarta convoca\u00e7\u00e3o<\/h2>\n\n\n\n<p>Os dados da temporada chamam aten\u00e7\u00e3o justamente por n\u00e3o refletirem o potencial j\u00e1 demonstrado pelo atacante em outros momentos. No entanto, o contraste com suas atua\u00e7\u00f5es pela Sele\u00e7\u00e3o Brasileira pesa a seu favor, mantendo o jogador no radar da comiss\u00e3o t\u00e9cnica.<\/p>\n\n\n\n<p>Atualmente com 25 anos, Luiz Henrique tem contrato com o Zenit at\u00e9 junho de 2028, o que refor\u00e7a sua estabilidade no futebol europeu. Mesmo assim, o foco do atleta segue sendo garantir uma vaga na pr\u00f3xima convoca\u00e7\u00e3o, que ser\u00e1 divulgada pela Confedera\u00e7\u00e3o Brasileira de Futebol no dia <strong>18 de maio.<\/strong><\/p>\n\n\n\n<p>O evento de an\u00fancio acontecer\u00e1 no Museu do Amanh\u00e3, e a expectativa gira justamente em torno de nomes que vivem momentos distintos em seus clubes. Nesse contexto, Luiz Henrique aparece como um caso que divide opini\u00f5es, mas que ainda encontra respaldo interno.<\/p>\n\n\n\n<h2 class=\"wp-block-heading\">Flamengo monitora situa\u00e7\u00e3o e avalia investimento<\/h2>\n\n\n\n<p>Enquanto isso, o Flamengo acompanha de perto a situa\u00e7\u00e3o do atacante, incluindo o jogador em sua lista de alvos para a pr\u00f3xima janela de transfer\u00eancias. O clube carioca j\u00e1 definiu um planejamento para tentar negociar com o Zenit.<\/p>\n\n\n\n<p>O Zenit, por sua vez, estipulou o pre\u00e7o de <strong>50 milh\u00f5es de euros<\/strong> para liberar Luiz Henrique, valor que representa um desafio significativo. Mesmo com o interesse de clubes europeus, a negocia\u00e7\u00e3o n\u00e3o avan\u00e7ou at\u00e9 o momento devido ao fechamento da janela no continente.<\/p>\n\n\n\n<figure class=\"wp-block-image size-large\"><img loading=\"lazy\" decoding=\"async\" width=\"1024\" height=\"577\" src=\"https:\/\/diariodaregiao.audiencelabs.com.br\/wp-content\/uploads\/2026\/04\/luiz-henrique-zenit-e1744579042883-1-1024x577.jpg\" alt=\"\" class=\"wp-image-24002\" srcset=\"https:\/\/diariodaregiao.audiencelabs.com.br\/wp-content\/uploads\/2026\/04\/luiz-henrique-zenit-e1744579042883-1-1024x577.jpg 1024w, https:\/\/diariodaregiao.audiencelabs.com.br\/wp-content\/uploads\/2026\/04\/luiz-henrique-zenit-e1744579042883-1-300x169.jpg 300w, https:\/\/diariodaregiao.audiencelabs.com.br\/wp-content\/uploads\/2026\/04\/luiz-henrique-zenit-e1744579042883-1-768x433.jpg 768w, https:\/\/diariodaregiao.audiencelabs.com.br\/wp-content\/uploads\/2026\/04\/luiz-henrique-zenit-e1744579042883-1-750x423.jpg 750w, https:\/\/diariodaregiao.audiencelabs.com.br\/wp-content\/uploads\/2026\/04\/luiz-henrique-zenit-e1744579042883-1-1140x643.jpg 1140w, https:\/\/diariodaregiao.audiencelabs.com.br\/wp-content\/uploads\/2026\/04\/luiz-henrique-zenit-e1744579042883-1.jpg 1242w\" sizes=\"auto, (max-width: 1024px) 100vw, 1024px\" \/><figcaption class=\"wp-element-caption\">Cr\u00e9ditos: Divulga\u00e7\u00e3o\/Zenit<\/figcaption><\/figure>\n\n\n\n<h2 class=\"wp-block-heading\">Poss\u00edvel recorde de transfer\u00eancia<\/h2>\n\n\n\n<p>Caso o Flamengo aceite pagar o valor exigido, a contrata\u00e7\u00e3o se tornaria a mais cara da hist\u00f3ria do clube, superando a chegada de Lucas Paquet\u00e1, adquirida por 42 milh\u00f5es de euros. Esse fator pesa diretamente na an\u00e1lise interna da diretoria rubro-negra.<\/p>\n\n\n\n<p>Al\u00e9m disso, o hist\u00f3rico recente de Luiz Henrique, incluindo sua passagem pelo Botafogo, tamb\u00e9m entra na equa\u00e7\u00e3o, justamente por mostrar momentos de alto rendimento. No entanto, a queda nos n\u00fameros atuais levanta questionamentos sobre o investimento.<\/p>\n\n\n\n<p>Mesmo assim, o interesse do Flamengo indica que o mercado ainda v\u00ea potencial no jogador, at\u00e9 mesmo considerando sua performance pela Sele\u00e7\u00e3o Brasileira. Dessa forma, a situa\u00e7\u00e3o segue em aberto, com impacto tanto no cen\u00e1rio de clubes quanto na expectativa por sua convoca\u00e7\u00e3o.<\/p>\n","protected":false},"excerpt":{"rendered":"<p>Uma informa\u00e7\u00e3o vinda da R\u00fassia envolvendo o desempenho recente de Luiz Henrique tem causado preocupa\u00e7\u00e3o tanto na comiss\u00e3o t\u00e9cnica quanto entre torcedores da Sele\u00e7\u00e3o Brasileira, justamente por conta de n\u00fameros considerados abaixo do esperado. No entanto, mesmo com esse cen\u00e1rio, a possibilidade de convoca\u00e7\u00e3o segue viva, o que mant\u00e9m o tema em alta. O atacante, [&hellip;]<\/p>\n","protected":false},"author":10,"featured_media":23707,"comment_status":"open","ping_status":"open","sticky":false,"template":"","format":"standard","meta":{"jnews-multi-image_gallery":[],"jnews_single_post":{"format":"standard"},"jnews_primary_category":[],"jnews_social_meta":[],"jnews_post_split":[],"footnotes":""},"categories":[1],"tags":[],"class_list":["post-24001","post","type-post","status-publish","format-standard","has-post-thumbnail","hentry","category-variedades"],"_links":{"self":[{"href":"https:\/\/diariodaregiao.audiencelabs.com.br\/wp-json\/wp\/v2\/posts\/24001","targetHints":{"allow":["GET"]}}],"collection":[{"href":"https:\/\/diariodaregiao.audiencelabs.com.br\/wp-json\/wp\/v2\/posts"}],"about":[{"href":"https:\/\/diariodaregiao.audiencelabs.com.br\/wp-json\/wp\/v2\/types\/post"}],"author":[{"embeddable":true,"href":"https:\/\/diariodaregiao.audiencelabs.com.br\/wp-json\/wp\/v2\/users\/10"}],"replies":[{"embeddable":true,"href":"https:\/\/diariodaregiao.audiencelabs.com.br\/wp-json\/wp\/v2\/comments?post=24001"}],"version-history":[{"count":1,"href":"https:\/\/diariodaregiao.audiencelabs.com.br\/wp-json\/wp\/v2\/posts\/24001\/revisions"}],"predecessor-version":[{"id":24003,"href":"https:\/\/diariodaregiao.audiencelabs.com.br\/wp-json\/wp\/v2\/posts\/24001\/revisions\/24003"}],"wp:featuredmedia":[{"embeddable":true,"href":"https:\/\/diariodaregiao.audiencelabs.com.br\/wp-json\/wp\/v2\/media\/23707"}],"wp:attachment":[{"href":"https:\/\/diariodaregiao.audiencelabs.com.br\/wp-json\/wp\/v2\/media?parent=24001"}],"wp:term":[{"taxonomy":"category","embeddable":true,"href":"https:\/\/diariodaregiao.audiencelabs.com.br\/wp-json\/wp\/v2\/categories?post=24001"},{"taxonomy":"post_tag","embeddable":true,"href":"https:\/\/diariodaregiao.audiencelabs.com.br\/wp-json\/wp\/v2\/tags?post=24001"}],"curies":[{"name":"wp","href":"https:\/\/api.w.org\/{rel}","templated":true}]}}