{"id":24052,"date":"2026-04-30T14:35:00","date_gmt":"2026-04-30T17:35:00","guid":{"rendered":"https:\/\/diariodaregiao.audiencelabs.com.br\/?p=24052"},"modified":"2026-04-30T16:11:07","modified_gmt":"2026-04-30T19:11:07","slug":"fifa-estuda-adicionar-regra-que-obriga-os-clubes-a-terem-ao-menos-1-jogador-da-base-em-campo","status":"publish","type":"post","link":"https:\/\/diariodaregiao.audiencelabs.com.br\/fifa-estuda-adicionar-regra-que-obriga-os-clubes-a-terem-ao-menos-1-jogador-da-base-em-campo\/","title":{"rendered":"FIFA estuda adicionar regra que obriga os clubes a terem ao menos 1 jogador da base em campo"},"content":{"rendered":"\n<p>A Fifa realizou, na \u00faltima ter\u00e7a-feira (28), em Vancouver, no Canad\u00e1, sua reuni\u00e3o anual para definir algumas diretrizes do futebol. E uma delas diz respeito \u00e0 obrigatoriedade de os clubes terem ao menos um jogador formado nas categorias de base dentro de campo.<\/p>\n\n\n\n<p>De acordo com comunicado da entidade m\u00e1xima do futebol, a proposta foi aprovada por unanimidade e ser\u00e1 levada ao Conselho novamente no ano que vem. Ser\u00e1 iniciado um processo de estudo para avaliar a viabilidade da ideia antes que ela seja debatida de novo.<\/p>\n\n\n\n<p>O texto diz que &#8220;todo clube \u00e9 obrigado a sempre ter ao menos um jogador das categorias sub-20 ou sub-21, formado em casa, em seu time principal&#8221;. Ou seja, times passariam a ter que integrar, pelo menos, um atleta oriundo de sua forma\u00e7\u00e3o entre os onze iniciais.<\/p>\n\n\n<div class=\"wp-block-image\">\n<figure class=\"aligncenter size-large\"><img loading=\"lazy\" decoding=\"async\" width=\"1024\" height=\"896\" src=\"https:\/\/diariodaregiao.audiencelabs.com.br\/wp-content\/uploads\/2026\/04\/connor-coyne-OgqWLzWRSaI-unsplash-1-e1776276394147-1024x896.jpg\" alt=\"\" class=\"wp-image-22490\" srcset=\"https:\/\/diariodaregiao.audiencelabs.com.br\/wp-content\/uploads\/2026\/04\/connor-coyne-OgqWLzWRSaI-unsplash-1-e1776276394147-1024x896.jpg 1024w, https:\/\/diariodaregiao.audiencelabs.com.br\/wp-content\/uploads\/2026\/04\/connor-coyne-OgqWLzWRSaI-unsplash-1-e1776276394147-300x263.jpg 300w, https:\/\/diariodaregiao.audiencelabs.com.br\/wp-content\/uploads\/2026\/04\/connor-coyne-OgqWLzWRSaI-unsplash-1-e1776276394147-768x672.jpg 768w, https:\/\/diariodaregiao.audiencelabs.com.br\/wp-content\/uploads\/2026\/04\/connor-coyne-OgqWLzWRSaI-unsplash-1-e1776276394147-1536x1344.jpg 1536w, https:\/\/diariodaregiao.audiencelabs.com.br\/wp-content\/uploads\/2026\/04\/connor-coyne-OgqWLzWRSaI-unsplash-1-e1776276394147-750x656.jpg 750w, https:\/\/diariodaregiao.audiencelabs.com.br\/wp-content\/uploads\/2026\/04\/connor-coyne-OgqWLzWRSaI-unsplash-1-e1776276394147-1140x998.jpg 1140w, https:\/\/diariodaregiao.audiencelabs.com.br\/wp-content\/uploads\/2026\/04\/connor-coyne-OgqWLzWRSaI-unsplash-1-e1776276394147.jpg 1920w\" sizes=\"auto, (max-width: 1024px) 100vw, 1024px\" \/><figcaption class=\"wp-element-caption\">Cr\u00e9ditos: Unplash\/concoyne<br><\/figcaption><\/figure>\n<\/div>\n\n\n<p>Aqui no Brasil, vemos as agremia\u00e7\u00f5es dando mais aten\u00e7\u00e3o para a base, tendo em vista a forma\u00e7\u00e3o de talentos cada vez mais precoce. O Palmeiras, por exemplo, se tornou uma refer\u00eancia a ser seguida nesse sentido, com v\u00e1rios representantes de sua forma\u00e7\u00e3o presentes no plantel principal ao longo dos \u00faltimos anos.<\/p>\n\n\n<style>@media (min-width: 992px) {\n    .recomendadorV2Area1 {\n        width: 280px;\n    }\n    .recomendadorV2Area2 {\n        padding: 0px 20px;\n        width: calc(100% - 280px);\n    }\n}\n\n@media (max-width: 992px) {\n    .recomendadorV2Button {\n        margin: 0 auto;\n    }\n    .recomendadorV2Area {\n        flex-direction: column;\n        text-align: center;\n    }\n    .recomendadorV2Area2 {\n        padding: 0px 20px;\n    }\n}\n\n.recomendadorV2Area {\n    background: #eeeeee3d;\n    border-radius: 10px;\n    padding: 15px;\n    display: flex;\n    margin: 15px auto;\n    border: 1px solid #00000014;\n    max-width: 800px;\n}\n\n.recomendadorV2Area1 img {\n    width: 280px;\n    height: auto;\n    border-radius: 8px;\n}\n\n.linkrecomendadorv2 {\n    text-decoration: none !important;\n}\n\n.recomendadorV2Area2 .recomendadorV2Type {\n    text-transform: uppercase;\n    font-weight: 500;\n    font-size: 11px;\n    letter-spacing: 2px;\n    color: #666;\n    margin: 12px 0;\n    display: block;\n}\n\n.recomendadorV2Title h2 {\n    padding-top: 0px !important;\n    margin: 0px !important;\n    border-left: none !important;\n    padding-left: 0px !important;\n    line-height: 1.3;\n    color: #000 !important;\n    font-size: 24px;\n    margin-bottom: 12px !important;\n}\n\n.recomendadorV2Desc {\n    color: #333;\n    margin: 12px 0px !important;\n    font-size: 15px;\n    line-height: 1.5;\n}\n\n.recomendadorV2Button {\n    width: auto;\n    max-width: 200px;\n    margin: 0;\n    display: inline-flex;\n    align-items: center;\n    background: #1D3557;\n    border-radius: 8px;\n    color: #fff;\n    height: 36px;\n    justify-content: center;\n    text-align: center;\n    font-size: 14px;\n    padding: 0 20px;\n    transition: background-color 0.2s ease;\n}\n\n.recomendadorV2Button:hover {\n    background: #2a4d7a;\n}\n\n.recomendadorV2Button:after {\n    margin-top: -2px;\n    content: \"\u2192\";\n    padding: 0px 0px 0px 8px;\n}\n\n.recomendadorV2Alert {\n    text-align: left;\n    font-size: 11px;\n    margin-top: 8px;\n    color: #666;\n}\n\n.recomendadorFixedArea {\n    width: 100%;\n    display: flex;\n    justify-content: center;\n    align-items: center;\n}\n\n@media (min-width: 992px) {\n    #recomendadorFixed {\n        width: 32% !important;\n        left: 5%;\n    }\n    .recomendadorCloseFixed{\n        right: inherit !important;\n        left: 378px !important;\n    }\n}\n\n#recomendadorFixed {\n    width: 90%;\n    box-shadow: 0 10px 20px 0px #00000057;\n    display: none;\n    height: 90px;\n    background: #F6F6F6;\n    position: fixed;\n    flex-direction: row;\n    bottom: 10px;\n    z-index: 9999;\n    border-radius: 16px;\n    padding: 7px 10px;\n}\n\n.recomendadorLeftArea {\n    width: 160px;\n}\n\n.recomendadorRightArea h2 {\n    padding-top: 0px;\n    margin: 2px 0px 4px 0px !important;\n    font-weight: 400;\n    text-align: center;\n    padding-left: 0px !important;\n    color: #000 !important;\n    border-left: none !important;\n    line-height: 20px;\n    font-size: 12px !important;\n}\n\n.recomendadorImgFixed {\n    overflow: hidden;\n    padding: 8px 6px;\n    height: 100%;\n}\n\n.recomendadorImgFixed img {\n    height: 100% !important;\n    border-radius: 16px;\n}\n\n.recomendadorRightArea {\n    padding-top: 6px;\n    display: flex;\n    width: calc(100% - 130px);\n    justify-content: space-between;\n    align-items: center;\n    flex-direction: column;\n}\n\n.recomendadorButtonFixed {\n    margin: 0 auto;\n    background: #1D3557;\n    width: 80%;\n    text-align: center;\n    font-size: 10px;\n    color: #FFF;\n    padding: 2px 10px;\n    border-radius: 3px;\n}\n\n.recomendadorButtonFixed:after {\n    margin-top: -3px;\n    content: \"\u2192\";\n    padding: 0px 0px 0px 10px;\n}\n\n.recomendadorAlertFixed {\n    font-weight: 400;\n    text-align: center;\n    color: #484848;\n    font-size: 8px;\n}\n\n.recomendadorCloseFixed {\n    z-index: 99999;\n    display: none;\n    right: 0px;\n    left: inherit;\n    bottom: 99px;\n    position: fixed;\n    justify-content: center;\n    background: #F6F6F6;\n    width: 25px;\n    align-items: center;\n    height: 25px;\n    font-weight: 800;\n    border-radius: 50%;\n    border: 1px solid #EBEBEB;\n}\n\n.recomendadorV2Desc{\n    color: #000000;\n    margin: 20px 0px;\n}\n\n@media (max-width: 576px) {\n    .recomendadorV2Area {\n      padding: 10px;\n      max-width: 100%;\n    }\n  \n    .recomendadorV2Area1 img {\n      width: 100%;\n      border-radius: 6px;\n    }\n  \n    .recomendadorV2Area2 .recomendadorV2Type {\n      font-size: 9px;\n      letter-spacing: 1px;\n      margin: 8px 0;\n    }\n  \n    .recomendadorV2Title h2 {\n      font-size: 18px !important;\n      margin-bottom: 8px !important;\n      line-height: 1.2;\n    }\n  \n    .recomendadorV2Desc {\n      font-size: 14px;\n      margin: 8px 0 !important;\n      line-height: 1.4;\n    }\n  \n    .recomendadorV2Button {\n      font-size: 12px;\n      height: 30px;\n      padding: 0 12px;\n      max-width: 160px;\n    }\n  \n    .recomendadorV2Button:after {\n      padding-left: 6px;\n    }\n  }\n  <\/style>\n        <div class=\"lazyblock-recomendador-v2-2jDGz wp-block-lazyblock-recomendador-v2\">\n        <a class=\"linkrecomendadorv2\" href=\"https:\/\/diariodaregiao.com.br\/variedades\/atletico-mg-define-preco-para-fechar-a-venda-de-gustavo-scarpa\/?utm_source=lazy\" target=\"_blank\" rel=\"noopener\">\n            <div class=\"recomendadorV2Area\">\n            <div class=\"recomendadorV2Area1\">\n                <div class=\"recomendadorV2Img\">\n                <img class=\"lazyloaded\" decoding=\"async\" src=\"https:\/\/diariodaregiao.com.br\/variedades\/wp-content\/uploads\/2026\/04\/SaveClip.App_681281499_18584616277007970_8084812376486842877_n-1-e1777566942318-1140x570.jpg\" data-src=\"https:\/\/diariodaregiao.com.br\/variedades\/wp-content\/uploads\/2026\/04\/SaveClip.App_681281499_18584616277007970_8084812376486842877_n-1-e1777566942318-1140x570.jpg\" alt=\"\">\n                <\/div>\n            <\/div>\n            <div class=\"recomendadorV2Area2\">\n                <div class=\"recomendadorV2Type\">\n                    <span>Venda Scarpa<\/span>\n                <\/div>\n                <div class=\"recomendadorV2Title\">\n                <h2><span>Valor definido \ud83d\udcb0<\/span><\/h2>\n                <\/div>\n                <div class=\"recomendadorV2Desc\">\n                <span>Atl\u00e9tico-MG define pre\u00e7o por Gustavo Scarpa<\/span>\n                <\/div>\n                <div class=\"recomendadorV2Button\">Ver detalhes<\/div>\n                <div class=\"recomendadorV2Alert\"><\/div>\n            <\/div>\n            <\/div>\n        <\/a>\n        <div>\n            <div style=\"z-index:99999;\" id=\"buttonClose\" onclick=\"closeRecomendadorFixed()\">\n            <div class=\"recomendadorCloseFixed\">X<\/div>\n            <\/div>\n            <a href=\"https:\/\/diariodaregiao.com.br\/variedades\/atletico-mg-define-preco-para-fechar-a-venda-de-gustavo-scarpa\/?utm_source=lazy\" target=\"_blank\" rel=\"noopener\">\n            <div class=\"recomendadorFixedArea\">\n                <div id=\"recomendadorFixed\">\n                <div class=\"recomendadorLeftArea\">\n                    <div class=\"recomendadorImgFixed\">\n                    <img class=\"lazyload\" decoding=\"async\" src=\"https:\/\/diariodaregiao.com.br\/variedades\/wp-content\/uploads\/2026\/04\/SaveClip.App_681281499_18584616277007970_8084812376486842877_n-1-e1777566942318-1140x570.jpg\" alt=\"\">\n                    <\/div>\n                <\/div>\n                <div class=\"recomendadorRightArea\">\n                    <div class=\"recomendadorTitleFixed\">\n                    <h2><span>Valor definido \ud83d\udcb0<\/span><\/h2>\n                    <\/div>\n                    <div class=\"recomendadorButtonFixed\">Ver detalhes<\/div>\n                    <div class=\"recomendadorAlertFixed\"><\/div>\n                <\/div>\n                <\/div>\n            <\/div>\n            <\/a>\n        <\/div>\n        <\/div>\n\n\n\n<p>Al\u00e9m do ganho esportivo que as equipes podem ter com os garotos estando no plantel de cima, conv\u00e9m destacar a parte financeira. Atuar no profissional pode ser crucial para o desenvolvimento dos jovens, que podem despertar o interesse de clubes de fora e render altas cifras aos cofres dos times brasileiros.<\/p>\n\n\n\n<h2 class=\"wp-block-heading\">Fifa eleger\u00e1 novo presidente<\/h2>\n\n\n\n<p>Junto das quest\u00f5es esportivas, a reuni\u00e3o tamb\u00e9m serviu para definir o calend\u00e1rio eleitoral da federa\u00e7\u00e3o internacional. A pr\u00f3xima vota\u00e7\u00e3o para presidente acontecer\u00e1 no ano que vem, no 77\u00ba Congresso da entidade. O vencedor do pleito ocupar\u00e1 o cargo entre 2027 e 2031.<\/p>\n\n\n\n<p>Presidente da federa\u00e7\u00e3o desde 2016, Gianni Infantino deve ser candidato. Ao que tudo indica, o atual mandat\u00e1rio contar\u00e1 com a ajuda de aliados importantes. A Conmebol, por exemplo, j\u00e1 declarou apoio \u00e0 sua reelei\u00e7\u00e3o.<\/p>\n","protected":false},"excerpt":{"rendered":"<p>A Fifa realizou, na \u00faltima ter\u00e7a-feira (28), em Vancouver, no Canad\u00e1, sua reuni\u00e3o anual para definir algumas diretrizes do futebol. E uma delas diz respeito \u00e0 obrigatoriedade de os clubes terem ao menos um jogador formado nas categorias de base dentro de campo. De acordo com comunicado da entidade m\u00e1xima do futebol, a proposta foi [&hellip;]<\/p>\n","protected":false},"author":14,"featured_media":23900,"comment_status":"open","ping_status":"open","sticky":false,"template":"","format":"standard","meta":{"jnews-multi-image_gallery":[],"jnews_single_post":{"format":"standard"},"jnews_primary_category":[],"jnews_social_meta":[],"jnews_post_split":[],"footnotes":""},"categories":[1],"tags":[],"class_list":["post-24052","post","type-post","status-publish","format-standard","has-post-thumbnail","hentry","category-variedades"],"_links":{"self":[{"href":"https:\/\/diariodaregiao.audiencelabs.com.br\/wp-json\/wp\/v2\/posts\/24052","targetHints":{"allow":["GET"]}}],"collection":[{"href":"https:\/\/diariodaregiao.audiencelabs.com.br\/wp-json\/wp\/v2\/posts"}],"about":[{"href":"https:\/\/diariodaregiao.audiencelabs.com.br\/wp-json\/wp\/v2\/types\/post"}],"author":[{"embeddable":true,"href":"https:\/\/diariodaregiao.audiencelabs.com.br\/wp-json\/wp\/v2\/users\/14"}],"replies":[{"embeddable":true,"href":"https:\/\/diariodaregiao.audiencelabs.com.br\/wp-json\/wp\/v2\/comments?post=24052"}],"version-history":[{"count":2,"href":"https:\/\/diariodaregiao.audiencelabs.com.br\/wp-json\/wp\/v2\/posts\/24052\/revisions"}],"predecessor-version":[{"id":24093,"href":"https:\/\/diariodaregiao.audiencelabs.com.br\/wp-json\/wp\/v2\/posts\/24052\/revisions\/24093"}],"wp:featuredmedia":[{"embeddable":true,"href":"https:\/\/diariodaregiao.audiencelabs.com.br\/wp-json\/wp\/v2\/media\/23900"}],"wp:attachment":[{"href":"https:\/\/diariodaregiao.audiencelabs.com.br\/wp-json\/wp\/v2\/media?parent=24052"}],"wp:term":[{"taxonomy":"category","embeddable":true,"href":"https:\/\/diariodaregiao.audiencelabs.com.br\/wp-json\/wp\/v2\/categories?post=24052"},{"taxonomy":"post_tag","embeddable":true,"href":"https:\/\/diariodaregiao.audiencelabs.com.br\/wp-json\/wp\/v2\/tags?post=24052"}],"curies":[{"name":"wp","href":"https:\/\/api.w.org\/{rel}","templated":true}]}}