{"id":24060,"date":"2026-04-30T15:40:00","date_gmt":"2026-04-30T18:40:00","guid":{"rendered":"https:\/\/diariodaregiao.audiencelabs.com.br\/?p=24060"},"modified":"2026-04-30T16:10:56","modified_gmt":"2026-04-30T19:10:56","slug":"atletico-mg-define-preco-para-fechar-a-venda-de-gustavo-scarpa","status":"publish","type":"post","link":"https:\/\/diariodaregiao.audiencelabs.com.br\/atletico-mg-define-preco-para-fechar-a-venda-de-gustavo-scarpa\/","title":{"rendered":"Atl\u00e9tico-MG define pre\u00e7o para fechar a venda de Gustavo Scarpa"},"content":{"rendered":"\n<p>O Atl\u00e9tico-MG bateu o martelo e definiu o pre\u00e7o para vender Gustavo Scarpa. Nos \u00faltimos dias, o meia-atacante vem sendo apontado como alvo do S\u00e3o Paulo no notici\u00e1rio do mercado da bola visando a pr\u00f3xima janela de transfer\u00eancias. Mas, pelo visto, o clube alvinegro n\u00e3o est\u00e1 disposto a liber\u00e1-lo.<\/p>\n\n\n\n<p>Segundo informa\u00e7\u00f5es do jornalista Jorge Nicola, o Galo quer, pelo menos, 4 milh\u00f5es de euros (R$ 23,4 milh\u00f5es) para negoci\u00e1-lo em definitivo. O que, por si s\u00f3, j\u00e1 basta para afastar o interesse do advers\u00e1rio paulista, que atravessa um momento delicado financeiramente e n\u00e3o pode fazer um investimento desse n\u00edvel.<\/p>\n\n\n\n<p>Para al\u00e9m da aquisi\u00e7\u00e3o dos direitos econ\u00f4micos, ainda tem o sal\u00e1rio do meio-campista, que ganha acima de R$ 1 milh\u00e3o por m\u00eas e tamb\u00e9m est\u00e1 fora do que a agremia\u00e7\u00e3o do Morumbi pretende pagar neste momento. Ou seja, \u00e9 praticamente certo que nada acontecer\u00e1 entre os times em rela\u00e7\u00e3o a Scarpa at\u00e9 o meio do ano.<\/p>\n\n\n<div class=\"wp-block-image\">\n<figure class=\"aligncenter size-large\"><img loading=\"lazy\" decoding=\"async\" width=\"1024\" height=\"825\" src=\"https:\/\/diariodaregiao.audiencelabs.com.br\/wp-content\/uploads\/2026\/04\/55238674107_d17c30a966_k-1-e1777567221282-1024x825.jpg\" alt=\"\" class=\"wp-image-24066\" srcset=\"https:\/\/diariodaregiao.audiencelabs.com.br\/wp-content\/uploads\/2026\/04\/55238674107_d17c30a966_k-1-e1777567221282-1024x825.jpg 1024w, https:\/\/diariodaregiao.audiencelabs.com.br\/wp-content\/uploads\/2026\/04\/55238674107_d17c30a966_k-1-e1777567221282-300x242.jpg 300w, https:\/\/diariodaregiao.audiencelabs.com.br\/wp-content\/uploads\/2026\/04\/55238674107_d17c30a966_k-1-e1777567221282-768x619.jpg 768w, https:\/\/diariodaregiao.audiencelabs.com.br\/wp-content\/uploads\/2026\/04\/55238674107_d17c30a966_k-1-e1777567221282-750x604.jpg 750w, https:\/\/diariodaregiao.audiencelabs.com.br\/wp-content\/uploads\/2026\/04\/55238674107_d17c30a966_k-1-e1777567221282-1140x919.jpg 1140w, https:\/\/diariodaregiao.audiencelabs.com.br\/wp-content\/uploads\/2026\/04\/55238674107_d17c30a966_k-1-e1777567221282.jpg 1365w\" sizes=\"auto, (max-width: 1024px) 100vw, 1024px\" \/><figcaption class=\"wp-element-caption\">Cr\u00e9ditos: Pedro Souza \/ Atl\u00e9tico<\/figcaption><\/figure>\n<\/div>\n\n\n<p>Contratado em janeiro de 2024, junto ao Nottingham Forest, da Inglaterra, o camisa 10 tem contrato com o Atl\u00e9tico at\u00e9 dezembro de 2027. De acordo com dados do site Transfermarkt, refer\u00eancia em valores de mercado, ele est\u00e1 avaliado em 5 milh\u00f5es de euros, quantia que na cota\u00e7\u00e3o atual corresponde a R$ 29,2 milh\u00f5es.<\/p>\n\n\n\n<h2 class=\"wp-block-heading\">Trajet\u00f3ria de Gustavo Scarpa at\u00e9 o Atl\u00e9tico-MG<\/h2>\n\n\n\n<p>Cria da base do Desportivo Brasil, Scarpa vestiu as camisas de Fluminense, Forest, Olympiacos e hoje a do Galo. No entanto, foi atuando pelo Palmeiras que viveu os melhores momentos da carreira, tanto a n\u00edvel individual quanto coletivo.<\/p>\n\n\n\n<p>Individualmente, por exemplo, foi eleito o craque do Brasileir\u00e3o de 2022, sendo o grande nome da conquista alviverde naquele ano. J\u00e1 em termos coletivos, conquistou praticamente tudo o que poderia no Allianz Parque, alguns campeonatos mais de uma vez. Confira:<\/p>\n\n\n\n<ul class=\"wp-block-list\">\n<li>2 x Paulist\u00e3o (2020 e 2022)<\/li>\n\n\n\n<li>1 x Recopa Sul-Americana (2021)<\/li>\n\n\n\n<li>2 x Copa Libertadores (2020 e 2021)<\/li>\n\n\n\n<li>1 x Copa do Brasil (2020)<\/li>\n\n\n\n<li>2 x Brasileir\u00e3o (2018 e 2022)<\/li>\n<\/ul>\n","protected":false},"excerpt":{"rendered":"<p>O Atl\u00e9tico-MG bateu o martelo e definiu o pre\u00e7o para vender Gustavo Scarpa. Nos \u00faltimos dias, o meia-atacante vem sendo apontado como alvo do S\u00e3o Paulo no notici\u00e1rio do mercado da bola visando a pr\u00f3xima janela de transfer\u00eancias. Mas, pelo visto, o clube alvinegro n\u00e3o est\u00e1 disposto a liber\u00e1-lo. Segundo informa\u00e7\u00f5es do jornalista Jorge Nicola, [&hellip;]<\/p>\n","protected":false},"author":14,"featured_media":24061,"comment_status":"open","ping_status":"open","sticky":false,"template":"","format":"standard","meta":{"jnews-multi-image_gallery":[],"jnews_single_post":{"format":"standard"},"jnews_primary_category":[],"jnews_social_meta":[],"jnews_post_split":[],"footnotes":""},"categories":[1],"tags":[],"class_list":["post-24060","post","type-post","status-publish","format-standard","has-post-thumbnail","hentry","category-variedades"],"_links":{"self":[{"href":"https:\/\/diariodaregiao.audiencelabs.com.br\/wp-json\/wp\/v2\/posts\/24060","targetHints":{"allow":["GET"]}}],"collection":[{"href":"https:\/\/diariodaregiao.audiencelabs.com.br\/wp-json\/wp\/v2\/posts"}],"about":[{"href":"https:\/\/diariodaregiao.audiencelabs.com.br\/wp-json\/wp\/v2\/types\/post"}],"author":[{"embeddable":true,"href":"https:\/\/diariodaregiao.audiencelabs.com.br\/wp-json\/wp\/v2\/users\/14"}],"replies":[{"embeddable":true,"href":"https:\/\/diariodaregiao.audiencelabs.com.br\/wp-json\/wp\/v2\/comments?post=24060"}],"version-history":[{"count":2,"href":"https:\/\/diariodaregiao.audiencelabs.com.br\/wp-json\/wp\/v2\/posts\/24060\/revisions"}],"predecessor-version":[{"id":24087,"href":"https:\/\/diariodaregiao.audiencelabs.com.br\/wp-json\/wp\/v2\/posts\/24060\/revisions\/24087"}],"wp:featuredmedia":[{"embeddable":true,"href":"https:\/\/diariodaregiao.audiencelabs.com.br\/wp-json\/wp\/v2\/media\/24061"}],"wp:attachment":[{"href":"https:\/\/diariodaregiao.audiencelabs.com.br\/wp-json\/wp\/v2\/media?parent=24060"}],"wp:term":[{"taxonomy":"category","embeddable":true,"href":"https:\/\/diariodaregiao.audiencelabs.com.br\/wp-json\/wp\/v2\/categories?post=24060"},{"taxonomy":"post_tag","embeddable":true,"href":"https:\/\/diariodaregiao.audiencelabs.com.br\/wp-json\/wp\/v2\/tags?post=24060"}],"curies":[{"name":"wp","href":"https:\/\/api.w.org\/{rel}","templated":true}]}}