{"id":24062,"date":"2026-04-30T13:40:00","date_gmt":"2026-04-30T16:40:00","guid":{"rendered":"https:\/\/diariodaregiao.audiencelabs.com.br\/?p=24062"},"modified":"2026-04-30T13:37:46","modified_gmt":"2026-04-30T16:37:46","slug":"politicos-estudam-adicionar-nova-regra-para-poder-tirar-a-cnh","status":"publish","type":"post","link":"https:\/\/diariodaregiao.audiencelabs.com.br\/politicos-estudam-adicionar-nova-regra-para-poder-tirar-a-cnh\/","title":{"rendered":"Pol\u00edticos estudam adicionar nova regra para poder tirar a CNH"},"content":{"rendered":"\n<p>A Comiss\u00e3o de Via\u00e7\u00e3o e Transportes da C\u00e2mara dos Deputados aprovou um projeto de lei que altera os exames para obten\u00e7\u00e3o da habilita\u00e7\u00e3o de novos motoristas.<\/p>\n\n\n\n<p>Pelo texto aprovado, saber usar c\u00e2mbio autom\u00e1tico poder\u00e1 se tornar obrigat\u00f3rio para tirar a CNH no futuro. A exig\u00eancia vale inclusive para candidatos que fizerem aulas pr\u00e1ticas em carros manuais.<\/p>\n\n\n\n<h2 class=\"wp-block-heading\">Como ser\u00e1 cobrado<\/h2>\n\n\n\n<p>O projeto estabelece que o Conselho Nacional de Tr\u00e2nsito Contran definir\u00e1 de que forma esse conte\u00fado aparecer\u00e1 nas avalia\u00e7\u00f5es. Assim a cobran\u00e7a ainda depende de regulamenta\u00e7\u00e3o posterior.<\/p>\n\n\n\n<p>O relator, Guilherme Uchoa (PSD-PE), e o autor, Jonas Donizette, (PSB-SP) afirmam que a mudan\u00e7a acompanha a moderniza\u00e7\u00e3o da frota. Segundo eles, ve\u00edculos com transmiss\u00e3o autom\u00e1tica j\u00e1 se incorporaram ao mercado nacional.<\/p>\n\n\n\n<h2 class=\"wp-block-heading\">Ajuste legal<\/h2>\n\n\n\n<p>Para os parlamentares, a legisla\u00e7\u00e3o de tr\u00e2nsito precisa se adequar aos avan\u00e7os tecnol\u00f3gicos da ind\u00fastria automotiva. A inten\u00e7\u00e3o \u00e9 manter a forma\u00e7\u00e3o dos condutores atualizada.<\/p>\n\n\n\n<p>Se a proposta avan\u00e7ar, os candidatos ter\u00e3o contato te\u00f3rico com sistemas autom\u00e1ticos mesmo quando escolherem aprender em ve\u00edculos manuais. Isso amplia o conte\u00fado exigido nas provas.<\/p>\n\n\n\n<h2 class=\"wp-block-heading\">Presen\u00e7a no mercado<\/h2>\n\n\n\n<p>Os parlamentares dizem que os modelos autom\u00e1ticos j\u00e1 t\u00eam presen\u00e7a definitiva no mercado nacional e por isso a forma\u00e7\u00e3o precisa acompanhar essa realidade.<\/p>\n\n\n\n<h2 class=\"wp-block-heading\">Forma\u00e7\u00e3o atualizada<\/h2>\n\n\n\n<p>Ao incluir no\u00e7\u00f5es te\u00f3ricas sobre essa tecnologia o projeto busca alinhar ensino e frota. A proposta mant\u00e9m aulas pr\u00e1ticas em carros manuais sem impedir a nova cobran\u00e7a.<\/p>\n\n\n\n<p>Em s\u00edntese o exame passaria a considerar tamb\u00e9m conhecimentos sobre transmiss\u00e3o autom\u00e1tica. O objetivo declarado \u00e9 adaptar a legisla\u00e7\u00e3o aos avan\u00e7os da ind\u00fastria e ao mercado.<\/p>\n\n\n\n<h2 class=\"wp-block-heading\">Ponto central<\/h2>\n\n\n\n<p>Saber usar esse recurso deixa de ser tema secund\u00e1rio e entra na discuss\u00e3o sobre CNH e prepara\u00e7\u00e3o de novos condutores conforme o projeto aprovado pela comiss\u00e3o com apoio do relator e do autor que citaram moderniza\u00e7\u00e3o da frota e mercado nacional atual<\/p>\n","protected":false},"excerpt":{"rendered":"<p>A Comiss\u00e3o de Via\u00e7\u00e3o e Transportes da C\u00e2mara dos Deputados aprovou um projeto de lei que altera os exames para obten\u00e7\u00e3o da habilita\u00e7\u00e3o de novos motoristas. Pelo texto aprovado, saber usar c\u00e2mbio autom\u00e1tico poder\u00e1 se tornar obrigat\u00f3rio para tirar a CNH no futuro. A exig\u00eancia vale inclusive para candidatos que fizerem aulas pr\u00e1ticas em carros [&hellip;]<\/p>\n","protected":false},"author":4,"featured_media":24064,"comment_status":"open","ping_status":"open","sticky":false,"template":"","format":"standard","meta":{"jnews-multi-image_gallery":[],"jnews_single_post":{"format":"standard","override":[{"template":"1","parallax":"1","fullscreen":"1","layout":"right-sidebar","sidebar":"default-sidebar","second_sidebar":"default-sidebar","share_position":"hide","share_float_style":"share-monocrhome","show_share_counter":"1","show_view_counter":"1","show_featured":"1","show_post_meta":"1","show_post_author":"1","show_post_date":"1","post_date_format":"default","post_date_format_custom":"Y\/m\/d","show_post_reading_time":"0","post_reading_time_wpm":"300","post_calculate_word_method":"str_word_count","show_zoom_button":"0","zoom_button_out_step":"2","zoom_button_in_step":"3","number_popup_post":"1","show_author_box":"1","show_post_related":"0","show_inline_post_related":"0"}],"image_override":[{"single_post_thumbnail_size":"crop-500","single_post_gallery_size":"crop-500"}],"trending_post_position":"meta","trending_post_label":"Trending","sponsored_post_label":"Sponsored by","disable_ad":"0"},"jnews_primary_category":[],"jnews_social_meta":[],"jnews_post_split":{"post_split":[{"template":"1","tag":"h2","numbering":"asc","mode":"normal","first":"0","enable_toc":"0","toc_type":"normal"}]},"footnotes":""},"categories":[1],"tags":[],"class_list":["post-24062","post","type-post","status-publish","format-standard","has-post-thumbnail","hentry","category-variedades"],"_links":{"self":[{"href":"https:\/\/diariodaregiao.audiencelabs.com.br\/wp-json\/wp\/v2\/posts\/24062","targetHints":{"allow":["GET"]}}],"collection":[{"href":"https:\/\/diariodaregiao.audiencelabs.com.br\/wp-json\/wp\/v2\/posts"}],"about":[{"href":"https:\/\/diariodaregiao.audiencelabs.com.br\/wp-json\/wp\/v2\/types\/post"}],"author":[{"embeddable":true,"href":"https:\/\/diariodaregiao.audiencelabs.com.br\/wp-json\/wp\/v2\/users\/4"}],"replies":[{"embeddable":true,"href":"https:\/\/diariodaregiao.audiencelabs.com.br\/wp-json\/wp\/v2\/comments?post=24062"}],"version-history":[{"count":1,"href":"https:\/\/diariodaregiao.audiencelabs.com.br\/wp-json\/wp\/v2\/posts\/24062\/revisions"}],"predecessor-version":[{"id":24065,"href":"https:\/\/diariodaregiao.audiencelabs.com.br\/wp-json\/wp\/v2\/posts\/24062\/revisions\/24065"}],"wp:featuredmedia":[{"embeddable":true,"href":"https:\/\/diariodaregiao.audiencelabs.com.br\/wp-json\/wp\/v2\/media\/24064"}],"wp:attachment":[{"href":"https:\/\/diariodaregiao.audiencelabs.com.br\/wp-json\/wp\/v2\/media?parent=24062"}],"wp:term":[{"taxonomy":"category","embeddable":true,"href":"https:\/\/diariodaregiao.audiencelabs.com.br\/wp-json\/wp\/v2\/categories?post=24062"},{"taxonomy":"post_tag","embeddable":true,"href":"https:\/\/diariodaregiao.audiencelabs.com.br\/wp-json\/wp\/v2\/tags?post=24062"}],"curies":[{"name":"wp","href":"https:\/\/api.w.org\/{rel}","templated":true}]}}