{"id":2407,"date":"2025-11-22T19:40:00","date_gmt":"2025-11-22T22:40:00","guid":{"rendered":"https:\/\/diariodaregiao.audiencelabs.com.br\/?p=2407"},"modified":"2025-11-21T15:48:30","modified_gmt":"2025-11-21T18:48:30","slug":"capital-mais-antiga-do-brasil-e-a-16a-cidade-mais-ameacada-do-mundo-de-ser-engolida-pelas-aguas","status":"publish","type":"post","link":"https:\/\/diariodaregiao.audiencelabs.com.br\/capital-mais-antiga-do-brasil-e-a-16a-cidade-mais-ameacada-do-mundo-de-ser-engolida-pelas-aguas\/","title":{"rendered":"Capital mais antiga do Brasil \u00e9 a 16\u00aa cidade mais amea\u00e7ada do mundo de ser engolida pelas \u00e1guas"},"content":{"rendered":"\n<p>Recife carrega o t\u00edtulo de capital mais antiga do pa\u00eds e tamb\u00e9m o de uma das mais vulner\u00e1veis ao aumento do n\u00edvel do mar. Estudos internacionais colocam a cidade na 16\u00aa posi\u00e7\u00e3o global entre as mais expostas.<\/p>\n\n\n\n<p>A combina\u00e7\u00e3o de baixa altitude, ocupa\u00e7\u00e3o intensa e desigualdade amplia os riscos. Especialistas refor\u00e7am que o cen\u00e1rio n\u00e3o indica desaparecimento, mas alerta para desafios urgentes.<\/p>\n\n\n\n<figure class=\"wp-block-image size-large\"><img loading=\"lazy\" decoding=\"async\" width=\"1024\" height=\"724\" src=\"https:\/\/diariodaregiao.audiencelabs.com.br\/wp-content\/uploads\/2025\/11\/1527px-Rua_do_Bom_Jesus_Recife_antigo-1024x724.jpg\" alt=\"\" class=\"wp-image-2410\" srcset=\"https:\/\/diariodaregiao.audiencelabs.com.br\/wp-content\/uploads\/2025\/11\/1527px-Rua_do_Bom_Jesus_Recife_antigo-1024x724.jpg 1024w, https:\/\/diariodaregiao.audiencelabs.com.br\/wp-content\/uploads\/2025\/11\/1527px-Rua_do_Bom_Jesus_Recife_antigo-300x212.jpg 300w, https:\/\/diariodaregiao.audiencelabs.com.br\/wp-content\/uploads\/2025\/11\/1527px-Rua_do_Bom_Jesus_Recife_antigo-768x543.jpg 768w, https:\/\/diariodaregiao.audiencelabs.com.br\/wp-content\/uploads\/2025\/11\/1527px-Rua_do_Bom_Jesus_Recife_antigo-120x86.jpg 120w, https:\/\/diariodaregiao.audiencelabs.com.br\/wp-content\/uploads\/2025\/11\/1527px-Rua_do_Bom_Jesus_Recife_antigo-750x530.jpg 750w, https:\/\/diariodaregiao.audiencelabs.com.br\/wp-content\/uploads\/2025\/11\/1527px-Rua_do_Bom_Jesus_Recife_antigo-1140x806.jpg 1140w, https:\/\/diariodaregiao.audiencelabs.com.br\/wp-content\/uploads\/2025\/11\/1527px-Rua_do_Bom_Jesus_Recife_antigo.jpg 1527w\" sizes=\"auto, (max-width: 1024px) 100vw, 1024px\" \/><figcaption class=\"wp-element-caption\">Cr\u00e9ditos: Wikip\u00e9dia<\/figcaption><\/figure>\n\n\n\n<p>A prefeitura decretou emerg\u00eancia clim\u00e1tica em 2019 e incluiu o tema no ensino municipal. A medida busca conscientizar a popula\u00e7\u00e3o sobre impactos que j\u00e1 s\u00e3o percebidos.<\/p>\n\n\n\n<p>As mudan\u00e7as atingem \u00e1reas densamente povoadas e patrim\u00f4nio hist\u00f3rico situado perto da costa. Esses fatores tornam necess\u00e1rias a\u00e7\u00f5es permanentes de adapta\u00e7\u00e3o.<\/p>\n\n\n\n<h3 class=\"wp-block-heading\">Pesquisadores discutem alternativas no Recife Exchange Netherlands<\/h3>\n\n\n\n<p>A capital recebe um f\u00f3rum internacional dedicado ao debate sobre estrat\u00e9gias frente ao avan\u00e7o do mar. O encontro promove trocas entre pesquisadores brasileiros e holandeses.<\/p>\n\n\n\n<p>O tema central aborda as \u00e1guas como patrim\u00f4nio e discute solu\u00e7\u00f5es aplicadas em cidades que enfrentam desafios semelhantes. A participa\u00e7\u00e3o \u00e9 gratuita e aberta ao p\u00fablico.<\/p>\n\n\n\n<p>O professor Marcus Silva, da UFPE, explica que o aumento global do n\u00edvel do mar chegou a at\u00e9 40 cent\u00edmetros no s\u00e9culo passado. Ele ressalta que o impacto varia conforme a geografia local.<\/p>\n\n\n\n<p>Recife, por estar praticamente ao n\u00edvel do mar e pr\u00f3xima de \u00e1reas estuarinas, sente os efeitos de forma mais intensa. Outras capitais costeiras apresentam riscos menores pela altitude.<\/p>\n\n\n\n<p>Os especialistas destacam que o avan\u00e7o ocorre de forma acelerada, mas n\u00e3o implica que cidades ser\u00e3o submersas. A previs\u00e3o \u00e9 de problemas graduais que afetam mobilidade, saneamento e moradia.<\/p>\n\n\n\n<h3 class=\"wp-block-heading\">A\u00e7\u00f5es de adapta\u00e7\u00e3o e resposta do poder p\u00fablico<\/h3>\n\n\n\n<p>Entre as solu\u00e7\u00f5es discutidas est\u00e1 a recupera\u00e7\u00e3o de trechos da orla, como a engorda da Praia de Boa Viagem. Interven\u00e7\u00f5es semelhantes j\u00e1 ocorreram em cidades vizinhas com bons resultados.<\/p>\n\n\n\n<p>Os pesquisadores defendem que a conviv\u00eancia com a \u00e1gua deve orientar projetos urbanos. Recife, cortada por rios e canais, precisa reorganizar seu espa\u00e7o constru\u00eddo.<\/p>\n","protected":false},"excerpt":{"rendered":"<p>Recife carrega o t\u00edtulo de capital mais antiga do pa\u00eds e tamb\u00e9m o de uma das mais vulner\u00e1veis ao aumento do n\u00edvel do mar. Estudos internacionais colocam a cidade na 16\u00aa posi\u00e7\u00e3o global entre as mais expostas. A combina\u00e7\u00e3o de baixa altitude, ocupa\u00e7\u00e3o intensa e desigualdade amplia os riscos. Especialistas refor\u00e7am que o cen\u00e1rio n\u00e3o [&hellip;]<\/p>\n","protected":false},"author":5,"featured_media":2409,"comment_status":"open","ping_status":"open","sticky":false,"template":"","format":"standard","meta":{"jnews-multi-image_gallery":[],"jnews_single_post":{"format":"standard"},"jnews_primary_category":[],"jnews_social_meta":[],"jnews_post_split":[],"footnotes":""},"categories":[1],"tags":[],"class_list":["post-2407","post","type-post","status-publish","format-standard","has-post-thumbnail","hentry","category-variedades"],"_links":{"self":[{"href":"https:\/\/diariodaregiao.audiencelabs.com.br\/wp-json\/wp\/v2\/posts\/2407","targetHints":{"allow":["GET"]}}],"collection":[{"href":"https:\/\/diariodaregiao.audiencelabs.com.br\/wp-json\/wp\/v2\/posts"}],"about":[{"href":"https:\/\/diariodaregiao.audiencelabs.com.br\/wp-json\/wp\/v2\/types\/post"}],"author":[{"embeddable":true,"href":"https:\/\/diariodaregiao.audiencelabs.com.br\/wp-json\/wp\/v2\/users\/5"}],"replies":[{"embeddable":true,"href":"https:\/\/diariodaregiao.audiencelabs.com.br\/wp-json\/wp\/v2\/comments?post=2407"}],"version-history":[{"count":2,"href":"https:\/\/diariodaregiao.audiencelabs.com.br\/wp-json\/wp\/v2\/posts\/2407\/revisions"}],"predecessor-version":[{"id":2413,"href":"https:\/\/diariodaregiao.audiencelabs.com.br\/wp-json\/wp\/v2\/posts\/2407\/revisions\/2413"}],"wp:featuredmedia":[{"embeddable":true,"href":"https:\/\/diariodaregiao.audiencelabs.com.br\/wp-json\/wp\/v2\/media\/2409"}],"wp:attachment":[{"href":"https:\/\/diariodaregiao.audiencelabs.com.br\/wp-json\/wp\/v2\/media?parent=2407"}],"wp:term":[{"taxonomy":"category","embeddable":true,"href":"https:\/\/diariodaregiao.audiencelabs.com.br\/wp-json\/wp\/v2\/categories?post=2407"},{"taxonomy":"post_tag","embeddable":true,"href":"https:\/\/diariodaregiao.audiencelabs.com.br\/wp-json\/wp\/v2\/tags?post=2407"}],"curies":[{"name":"wp","href":"https:\/\/api.w.org\/{rel}","templated":true}]}}