{"id":24122,"date":"2026-04-30T21:35:00","date_gmt":"2026-05-01T00:35:00","guid":{"rendered":"https:\/\/diariodaregiao.audiencelabs.com.br\/?p=24122"},"modified":"2026-04-30T16:25:45","modified_gmt":"2026-04-30T19:25:45","slug":"ultimos-dias-para-sacar-esse-beneficio-de-ate-r-6-220-no-litoral-de-santa-catarina","status":"publish","type":"post","link":"https:\/\/diariodaregiao.audiencelabs.com.br\/ultimos-dias-para-sacar-esse-beneficio-de-ate-r-6-220-no-litoral-de-santa-catarina\/","title":{"rendered":"\u00daltimos dias para sacar esse benef\u00edcio de at\u00e9 R$ 6.220 no litoral de Santa Catarina"},"content":{"rendered":"\n<p>Os trabalhadores afetados pelas chuvas que ocorreram em Santa Catarina em 2025 t\u00eam a oportunidade de solicitar o saque do FGTS por Calamidade P\u00fablica. O prazo para realizar essa solicita\u00e7\u00e3o termina em 7 de maio de 2026. Aqueles que n\u00e3o fizerem o pedido at\u00e9 essa data perder\u00e3o o direito ao benef\u00edcio, que pode alcan\u00e7ar at\u00e9 R$ 6.220 por trabalhador.<\/p>\n\n\n\n<p>Essa modalidade de saque \u00e9 destinada a trabalhadores com v\u00ednculo empregat\u00edcio que residem ou trabalham em munic\u00edpios que tenham decretado situa\u00e7\u00e3o de emerg\u00eancia ou calamidade p\u00fablica, reconhecidos pelo Governo Federal.<\/p>\n\n\n\n<p>Essa medida visa ajudar os trabalhadores que enfrentaram dificuldades em decorr\u00eancia das fortes chuvas. A cidade de Laguna \u00e9 um dos munic\u00edpios que t\u00eam direito a esse benef\u00edcio, refletindo a abrang\u00eancia da ajuda disponibilizada.<\/p>\n\n\n\n<h2 class=\"wp-block-heading\">Processo de Solicita\u00e7\u00e3o<\/h2>\n\n\n\n<p>O processo para solicitar o saque do FGTS \u00e9 totalmente digital e simples. Os interessados devem baixar ou acessar o aplicativo FGTS, dispon\u00edvel para sistemas Android e iOS. Ap\u00f3s abrir o aplicativo, \u00e9 necess\u00e1rio acessar a op\u00e7\u00e3o \u201cMeus Saques\u201d e selecionar a modalidade \u201cCalamidade P\u00fablica\u201d.&nbsp;<\/p>\n\n\n\n<p>O saque do FGTS por Calamidade P\u00fablica oferece um suporte financeiro crucial para trabalhadores que sofreram com as consequ\u00eancias das chuvas. Muitas pessoas enfrentaram perdas significativas em suas propriedades e bens, e esse aux\u00edlio pode ajudar a mitigar os impactos econ\u00f4micos negativos.<\/p>\n\n\n\n<p>O valor dispon\u00edvel pode ser utilizado para cobrir despesas emergenciais ou para recome\u00e7ar ap\u00f3s os danos causados pelas enchentes. Para mais informa\u00e7\u00f5es sobre o saque-calidade e orienta\u00e7\u00f5es detalhadas, os trabalhadores podem acessar o site oficial do FGTS.<\/p>\n\n\n\n<p>O portal fornece informa\u00e7\u00f5es adicionais sobre o processo e os requisitos necess\u00e1rios para a solicita\u00e7\u00e3o. \u00c9 essencial que os interessados n\u00e3o deixem para a \u00faltima hora, considerando que o prazo para solicitar o benef\u00edcio est\u00e1 se esgotando rapidamente.<\/p>\n","protected":false},"excerpt":{"rendered":"<p>Os trabalhadores afetados pelas chuvas que ocorreram em Santa Catarina em 2025 t\u00eam a oportunidade de solicitar o saque do FGTS por Calamidade P\u00fablica. O prazo para realizar essa solicita\u00e7\u00e3o termina em 7 de maio de 2026. Aqueles que n\u00e3o fizerem o pedido at\u00e9 essa data perder\u00e3o o direito ao benef\u00edcio, que pode alcan\u00e7ar at\u00e9 [&hellip;]<\/p>\n","protected":false},"author":4,"featured_media":24123,"comment_status":"open","ping_status":"open","sticky":false,"template":"","format":"standard","meta":{"jnews-multi-image_gallery":[],"jnews_single_post":{"format":"standard"},"jnews_primary_category":[],"jnews_social_meta":[],"jnews_post_split":[],"footnotes":""},"categories":[1],"tags":[],"class_list":["post-24122","post","type-post","status-publish","format-standard","has-post-thumbnail","hentry","category-variedades"],"_links":{"self":[{"href":"https:\/\/diariodaregiao.audiencelabs.com.br\/wp-json\/wp\/v2\/posts\/24122","targetHints":{"allow":["GET"]}}],"collection":[{"href":"https:\/\/diariodaregiao.audiencelabs.com.br\/wp-json\/wp\/v2\/posts"}],"about":[{"href":"https:\/\/diariodaregiao.audiencelabs.com.br\/wp-json\/wp\/v2\/types\/post"}],"author":[{"embeddable":true,"href":"https:\/\/diariodaregiao.audiencelabs.com.br\/wp-json\/wp\/v2\/users\/4"}],"replies":[{"embeddable":true,"href":"https:\/\/diariodaregiao.audiencelabs.com.br\/wp-json\/wp\/v2\/comments?post=24122"}],"version-history":[{"count":2,"href":"https:\/\/diariodaregiao.audiencelabs.com.br\/wp-json\/wp\/v2\/posts\/24122\/revisions"}],"predecessor-version":[{"id":24151,"href":"https:\/\/diariodaregiao.audiencelabs.com.br\/wp-json\/wp\/v2\/posts\/24122\/revisions\/24151"}],"wp:featuredmedia":[{"embeddable":true,"href":"https:\/\/diariodaregiao.audiencelabs.com.br\/wp-json\/wp\/v2\/media\/24123"}],"wp:attachment":[{"href":"https:\/\/diariodaregiao.audiencelabs.com.br\/wp-json\/wp\/v2\/media?parent=24122"}],"wp:term":[{"taxonomy":"category","embeddable":true,"href":"https:\/\/diariodaregiao.audiencelabs.com.br\/wp-json\/wp\/v2\/categories?post=24122"},{"taxonomy":"post_tag","embeddable":true,"href":"https:\/\/diariodaregiao.audiencelabs.com.br\/wp-json\/wp\/v2\/tags?post=24122"}],"curies":[{"name":"wp","href":"https:\/\/api.w.org\/{rel}","templated":true}]}}